{"id":39281,"date":"2025-05-21T10:33:22","date_gmt":"2025-05-21T09:33:22","guid":{"rendered":"https:\/\/fundaciosetba.org\/ya-tenemos-finalistas-del-premi-setba-2025\/"},"modified":"2025-06-25T14:10:00","modified_gmt":"2025-06-25T13:10:00","slug":"ya-tenemos-finalistas-del-premi-setba-2025","status":"publish","type":"post","link":"https:\/\/fundaciosetba.org\/es\/ya-tenemos-finalistas-del-premi-setba-2025\/","title":{"rendered":"Ya tenemos finalistas del Premi Setba 2025"},"content":{"rendered":"<p>Ahora es tu turno: participa en la votaci\u00f3n del Premio del P\u00fablico<\/p>\n<p>Este 2025, <strong>el Premi Setba celebra 15 a\u00f1os reconociendo el talento art\u00edstico de las personas con discapacidad intelectual y del desarrollo<\/strong> . Con una participaci\u00f3n r\u00e9cord y un nivel art\u00edstico muy alto, el certamen mejor dotado de Espa\u00f1a llega a su decimoquinta edici\u00f3n plenamente consolidado y con novedades destacadas. <\/p>\n<p><strong>Tras analizar m\u00e1s de un millar de propuestas, el jurado ha seleccionado las 29 obras semifinalistas<\/strong> , entre las que se encuentran tambi\u00e9n las 9 finalistas y las 3 ganadoras, que se dar\u00e1n a conocer durante la Gala del Premio Setba, que tendr\u00e1 lugar en el Auditorio del CaixaForum Barcelona.<\/p>\n<p>Pero todav\u00eda queda una decisi\u00f3n muy importante por tomar, y \u00e9sta la toma el p\u00fablico.<\/p>\n<h5><strong>Vota el Premio del P\u00fablico<\/strong><\/h5>\n<p>Ya est\u00e1 abierta la votaci\u00f3n para escoger la obra ganadora del Premio del P\u00fablico 2025. Este galard\u00f3n se decide a trav\u00e9s de la votaci\u00f3n online y reconoce aquella obra que m\u00e1s ha conectado con el p\u00fablico general. <\/p>\n<p><a href=\"https:\/\/forms.gle\/61EBbwKPTbKjNyKU9\"><img loading=\"lazy\" decoding=\"async\" class=\"aligncenter wp-image-39275 size-us_600_400\" src=\"https:\/\/fundaciosetba.org\/wp-content\/uploads\/2025\/05\/Premi-del-public-2025-600x338.png\" alt=\"\" width=\"600\" height=\"338\" srcset=\"https:\/\/fundaciosetba.org\/wp-content\/uploads\/2025\/05\/Premi-del-public-2025-600x338.png 600w, https:\/\/fundaciosetba.org\/wp-content\/uploads\/2025\/05\/Premi-del-public-2025-300x169.png 300w, https:\/\/fundaciosetba.org\/wp-content\/uploads\/2025\/05\/Premi-del-public-2025-1024x576.png 1024w, https:\/\/fundaciosetba.org\/wp-content\/uploads\/2025\/05\/Premi-del-public-2025-150x84.png 150w, https:\/\/fundaciosetba.org\/wp-content\/uploads\/2025\/05\/Premi-del-public-2025.png 1921w\" sizes=\"auto, (max-width: 600px) 100vw, 600px\" \/><\/a><\/p>\n<p><strong>Enlace directo a la votaci\u00f3n: <a href=\"https:\/\/forms.gle\/2rQurqicwfx8Q2SQ6\">https:\/\/forms.gle\/2rQurqicwfx8Q2SQ6<\/a><\/strong><\/p>\n<p><strong>La votaci\u00f3n permanecer\u00e1 abierta hasta el 20 de junio a las 14 horas.<\/strong><\/p>\n<p>El Premio Setba es una oportunidad para apoyar a estos artistas y su aportaci\u00f3n a la cultura. Adem\u00e1s, este a\u00f1o el certamen incorpora dos novedades importantes: la <strong>participaci\u00f3n exclusiva en el proyecto Magistrals 2026<\/strong> , y el <strong>Premio de Adquisici\u00f3n de la Pigment Gallery<\/strong> , que incorporar\u00e1 una obra a su colecci\u00f3n permanente. <\/p>\n<p>Este a\u00f1o, las obras seleccionadas provienen de 15 entidades sociales de toda Catalu\u00f1a que trabajan por la inclusi\u00f3n y expresi\u00f3n art\u00edstica de las personas con discapacidad intelectual. Entre ellas, encontramos la <strong data-start=\"1835\" data-end=\"1854\">Fundaci\u00f3n Ampans<\/strong> , la <strong data-start=\"1859\" data-end=\"1885\">Fundaci\u00f3n Ramon Noguera<\/strong> , la <strong data-start=\"1890\" data-end=\"1907\">Fundaci\u00f3n TEAS<\/strong> , el <strong data-start=\"1912\" data-end=\"1928\">CO Les Corts<\/strong> , la <strong data-start=\"1933\" data-end=\"1956\">Fundaci\u00f3n Sant Tom\u00e0s<\/strong> , <strong data-start=\"1958\" data-end=\"1974\">FEMAREC SCCL<\/strong> , <strong data-start=\"1976\" data-end=\"1992\">Artransforma<\/strong> , la <strong data-start=\"1997\" data-end=\"2025\">Fundaci\u00f3n Badalona Capac<\/strong> , <strong data-start=\"2027\" data-end=\"2037\">ACUDAM<\/strong> , el <strong data-start=\"2042\" data-end=\"2057\">CO Bogatell<\/strong> , la <strong data-start=\"2061\" data-end=\"2080\">Asociaci\u00f3n Alba<\/strong> , <strong data-start=\"2082\" data-end=\"2090\">ALPI<\/strong> y el <strong data-start=\"2096\" data-end=\"2110\">CO Paideia<\/strong> . Su labor constante en el \u00e1mbito social y cultural hace posible la participaci\u00f3n activa de las personas usuarias en proyectos como \u00e9ste.  <\/p>\n<h5><strong>Un jurado de excelencia<\/strong><\/h5>\n<p>Las obras finalistas han sido seleccionadas por un jurado formado por profesionales de reconocido prestigio en el sector cultural y art\u00edstico.<\/p>\n<p><img loading=\"lazy\" decoding=\"async\" class=\"size-us_600_400 wp-image-39267 aligncenter\" src=\"https:\/\/fundaciosetba.org\/wp-content\/uploads\/2025\/05\/IMG_3046-533x400.jpeg\" alt=\"\" width=\"533\" height=\"400\" srcset=\"https:\/\/fundaciosetba.org\/wp-content\/uploads\/2025\/05\/IMG_3046-533x400.jpeg 533w, https:\/\/fundaciosetba.org\/wp-content\/uploads\/2025\/05\/IMG_3046-300x225.jpeg 300w, https:\/\/fundaciosetba.org\/wp-content\/uploads\/2025\/05\/IMG_3046-1024x768.jpeg 1024w, https:\/\/fundaciosetba.org\/wp-content\/uploads\/2025\/05\/IMG_3046-133x100.jpeg 133w, https:\/\/fundaciosetba.org\/wp-content\/uploads\/2025\/05\/IMG_3046-600x450.jpeg 600w, https:\/\/fundaciosetba.org\/wp-content\/uploads\/2025\/05\/IMG_3046.jpeg 2048w\" sizes=\"auto, (max-width: 533px) 100vw, 533px\" \/><\/p>\n<p>Este a\u00f1o, el jurado est\u00e1 integrado por:<\/p>\n<ul>\n<li><strong>Montserrat Gonz\u00e1lez<\/strong> , responsable de comunicaci\u00f3n del Instituto de Cultura de Barcelona (ICUB)<\/li>\n<li><strong>M\u00f2nica Ramon<\/strong> , directora de la galer\u00eda Artur Ramon Espacio de Arte y vicepresidenta del Gremio de Galer\u00edas de Arte de Catalu\u00f1a<\/li>\n<li><strong>Montserrat Sampietro<\/strong> , del Departamento de Actividades de Cultura y Ciencia de la Fundaci\u00f3n \u201cla Caixa\u201d<\/li>\n<li><strong>Cristina Sampere<\/strong> , artista y directora de la Fundaci\u00f3n Setba<\/li>\n<li><strong>Jos\u00e9 Manuel Jaurena<\/strong> , gerente de Pinturas Mir<\/li>\n<\/ul>\n<p>Este jurado ha tenido la dif\u00edcil tarea de escoger las obras finalistas entre m\u00e1s de un millar de propuestas, valorando tanto su calidad art\u00edstica como su originalidad y su potencial expresivo.<\/p>\n<p>Gracias por formar parte de un proyecto que entiende la cultura como herramienta de transformaci\u00f3n social.<\/p>\n","protected":false},"excerpt":{"rendered":"<p>Tras analizar m\u00e1s de un millar de propuestas, el jurado ha seleccionado las obras finalistas, entre las que se encuentran tambi\u00e9n las ganadoras, que se dar\u00e1n a conocer durante la Gala del Premio Setba, que tendr\u00e1 lugar en el Auditori del CaixaForum Barcelona.<\/p>\n","protected":false},"author":1,"featured_media":39273,"comment_status":"closed","ping_status":"closed","sticky":false,"template":"","format":"standard","meta":{"footnotes":""},"categories":[1353],"tags":[],"class_list":["post-39281","post","type-post","status-publish","format-standard","has-post-thumbnail","hentry","category-premio-setba-es"],"_links":{"self":[{"href":"https:\/\/fundaciosetba.org\/es\/wp-json\/wp\/v2\/posts\/39281","targetHints":{"allow":["GET"]}}],"collection":[{"href":"https:\/\/fundaciosetba.org\/es\/wp-json\/wp\/v2\/posts"}],"about":[{"href":"https:\/\/fundaciosetba.org\/es\/wp-json\/wp\/v2\/types\/post"}],"author":[{"embeddable":true,"href":"https:\/\/fundaciosetba.org\/es\/wp-json\/wp\/v2\/users\/1"}],"replies":[{"embeddable":true,"href":"https:\/\/fundaciosetba.org\/es\/wp-json\/wp\/v2\/comments?post=39281"}],"version-history":[{"count":1,"href":"https:\/\/fundaciosetba.org\/es\/wp-json\/wp\/v2\/posts\/39281\/revisions"}],"predecessor-version":[{"id":39603,"href":"https:\/\/fundaciosetba.org\/es\/wp-json\/wp\/v2\/posts\/39281\/revisions\/39603"}],"wp:featuredmedia":[{"embeddable":true,"href":"https:\/\/fundaciosetba.org\/es\/wp-json\/wp\/v2\/media\/39273"}],"wp:attachment":[{"href":"https:\/\/fundaciosetba.org\/es\/wp-json\/wp\/v2\/media?parent=39281"}],"wp:term":[{"taxonomy":"category","embeddable":true,"href":"https:\/\/fundaciosetba.org\/es\/wp-json\/wp\/v2\/categories?post=39281"},{"taxonomy":"post_tag","embeddable":true,"href":"https:\/\/fundaciosetba.org\/es\/wp-json\/wp\/v2\/tags?post=39281"}],"curies":[{"name":"wp","href":"https:\/\/api.w.org\/{rel}","templated":true}]}}