{"id":39388,"date":"2025-06-06T10:14:19","date_gmt":"2025-06-06T09:14:19","guid":{"rendered":"https:\/\/fundaciosetba.org\/la-fundacion-setba-presenta-en-el-museo-del-arte-prohibido-el-fotolibro-wad-ras-mujeres-invisibles\/"},"modified":"2025-06-25T14:16:09","modified_gmt":"2025-06-25T13:16:09","slug":"la-fundacion-setba-presenta-en-el-museo-del-arte-prohibido-el-fotolibro-wad-ras-mujeres-invisibles","status":"publish","type":"post","link":"https:\/\/fundaciosetba.org\/es\/la-fundacion-setba-presenta-en-el-museo-del-arte-prohibido-el-fotolibro-wad-ras-mujeres-invisibles\/","title":{"rendered":"La Fundaci\u00f3n Setba presenta en el Museo del Arte Prohibido el fotolibro \u201cWad-Ras. Mujeres Invisibles\u201d"},"content":{"rendered":"<p>El mi\u00e9rcoles 4 de junio, el Auditorio del Museo del Arte Prohibido acogi\u00f3 la <strong>presentaci\u00f3n del fotolibro  <em>Wad-Ras. Mujeres Invisibles <\/em><\/strong>, el segundo volumen de la colecci\u00f3n publicada por la Fundaci\u00f3 Setba y Lum\u00ednic para dar visibilidad a las mujeres internas de los centros penitenciarios catalanes.<\/p>\n<p>El museo, espacio de denuncia y libertad creativa, se convirti\u00f3 en el escenario perfecto para dar a conocer este proyecto art\u00edstico y social que hace visibles las historias de las mujeres invisibles.<\/p>\n<p>El libro recoge <strong>retratos, autorretratos y reportajes realizados por las propias internas del Centro Penitenciario de Mujeres de Barcelona<\/strong> , \u200b\u200bdentro del proyecto <em>Traspasando el objetivo<\/em> , impulsado y <strong>dirigido por el artista Marta F\u00e0bregas,<\/strong> con la colaboraci\u00f3n de fot\u00f3grafas como <strong>Sandra Balsells<\/strong> , <strong>Tanit Plana<\/strong> y <strong>Laia Abril<\/strong> . Desde 2020, el proyecto ha implicado a 166 mujeres en tres centros penitenciarios (Wad-Ras, Brians y Ponent), realizado 13 ediciones de talleres y 19 mentor\u00edas profesionales. <\/p>\n<div class=\"w-gallery fit_cover wp_gallery type_grid action_popup_image ratio_1x1 count_6\" style=\"--columns:3;--items-gap:8px;\"><div class=\"w-gallery-list\"><div class=\"w-gallery-item\"><div class=\"w-gallery-item-img\"><img loading=\"lazy\" decoding=\"async\" width=\"300\" height=\"300\" src=\"https:\/\/fundaciosetba.org\/wp-content\/uploads\/2025\/06\/0b204d9f-099c-435b-ada4-45f18deb95d0-300x300.jpg\" class=\"attachment-woocommerce_thumbnail size-woocommerce_thumbnail\" alt=\"\" srcset=\"https:\/\/fundaciosetba.org\/wp-content\/uploads\/2025\/06\/0b204d9f-099c-435b-ada4-45f18deb95d0-300x300.jpg 300w, https:\/\/fundaciosetba.org\/wp-content\/uploads\/2025\/06\/0b204d9f-099c-435b-ada4-45f18deb95d0-150x150.jpg 150w\" sizes=\"auto, (max-width: 300px) 100vw, 300px\" \/><\/div><a class=\"w-gallery-item-link\" aria-label=\"0b204d9f-099c-435b-ada4-45f18deb95d0\" href=\"https:\/\/fundaciosetba.org\/wp-content\/uploads\/2025\/06\/0b204d9f-099c-435b-ada4-45f18deb95d0-scaled.jpg\" title=\"0b204d9f-099c-435b-ada4-45f18deb95d0\"><\/a><\/div><div class=\"w-gallery-item\"><div class=\"w-gallery-item-img\"><img loading=\"lazy\" decoding=\"async\" width=\"300\" height=\"300\" src=\"https:\/\/fundaciosetba.org\/wp-content\/uploads\/2025\/06\/IMG_8929-300x300.jpeg\" class=\"attachment-woocommerce_thumbnail size-woocommerce_thumbnail\" alt=\"\" srcset=\"https:\/\/fundaciosetba.org\/wp-content\/uploads\/2025\/06\/IMG_8929-300x300.jpeg 300w, https:\/\/fundaciosetba.org\/wp-content\/uploads\/2025\/06\/IMG_8929-150x150.jpeg 150w\" sizes=\"auto, (max-width: 300px) 100vw, 300px\" \/><\/div><a class=\"w-gallery-item-link\" aria-label=\"IMG_8929\" href=\"https:\/\/fundaciosetba.org\/wp-content\/uploads\/2025\/06\/IMG_8929.jpeg\" title=\"IMG_8929\"><\/a><\/div><div class=\"w-gallery-item\"><div class=\"w-gallery-item-img\"><img loading=\"lazy\" decoding=\"async\" width=\"300\" height=\"300\" src=\"https:\/\/fundaciosetba.org\/wp-content\/uploads\/2025\/06\/IMG_8937-300x300.jpeg\" class=\"attachment-woocommerce_thumbnail size-woocommerce_thumbnail\" alt=\"\" srcset=\"https:\/\/fundaciosetba.org\/wp-content\/uploads\/2025\/06\/IMG_8937-300x300.jpeg 300w, https:\/\/fundaciosetba.org\/wp-content\/uploads\/2025\/06\/IMG_8937-150x150.jpeg 150w\" sizes=\"auto, (max-width: 300px) 100vw, 300px\" \/><\/div><a class=\"w-gallery-item-link\" aria-label=\"IMG_8937\" href=\"https:\/\/fundaciosetba.org\/wp-content\/uploads\/2025\/06\/IMG_8937.jpeg\" title=\"IMG_8937\"><\/a><\/div><div class=\"w-gallery-item\"><div class=\"w-gallery-item-img\"><img loading=\"lazy\" decoding=\"async\" width=\"300\" height=\"300\" src=\"https:\/\/fundaciosetba.org\/wp-content\/uploads\/2025\/06\/IMG_8955-300x300.jpeg\" class=\"attachment-woocommerce_thumbnail size-woocommerce_thumbnail\" alt=\"\" srcset=\"https:\/\/fundaciosetba.org\/wp-content\/uploads\/2025\/06\/IMG_8955-300x300.jpeg 300w, https:\/\/fundaciosetba.org\/wp-content\/uploads\/2025\/06\/IMG_8955-150x150.jpeg 150w\" sizes=\"auto, (max-width: 300px) 100vw, 300px\" \/><\/div><a class=\"w-gallery-item-link\" aria-label=\"IMG_8955\" href=\"https:\/\/fundaciosetba.org\/wp-content\/uploads\/2025\/06\/IMG_8955.jpeg\" title=\"IMG_8955\"><\/a><\/div><div class=\"w-gallery-item\"><div class=\"w-gallery-item-img\"><img loading=\"lazy\" decoding=\"async\" width=\"300\" height=\"300\" src=\"https:\/\/fundaciosetba.org\/wp-content\/uploads\/2025\/06\/IMG_8962-300x300.jpeg\" class=\"attachment-woocommerce_thumbnail size-woocommerce_thumbnail\" alt=\"\" srcset=\"https:\/\/fundaciosetba.org\/wp-content\/uploads\/2025\/06\/IMG_8962-300x300.jpeg 300w, https:\/\/fundaciosetba.org\/wp-content\/uploads\/2025\/06\/IMG_8962-150x150.jpeg 150w\" sizes=\"auto, (max-width: 300px) 100vw, 300px\" \/><\/div><a class=\"w-gallery-item-link\" aria-label=\"IMG_8962\" href=\"https:\/\/fundaciosetba.org\/wp-content\/uploads\/2025\/06\/IMG_8962.jpeg\" title=\"IMG_8962\"><\/a><\/div><div class=\"w-gallery-item\"><div class=\"w-gallery-item-img\"><img loading=\"lazy\" decoding=\"async\" width=\"300\" height=\"300\" src=\"https:\/\/fundaciosetba.org\/wp-content\/uploads\/2025\/06\/IMG_8982-300x300.jpeg\" class=\"attachment-woocommerce_thumbnail size-woocommerce_thumbnail\" alt=\"\" srcset=\"https:\/\/fundaciosetba.org\/wp-content\/uploads\/2025\/06\/IMG_8982-300x300.jpeg 300w, https:\/\/fundaciosetba.org\/wp-content\/uploads\/2025\/06\/IMG_8982-150x150.jpeg 150w\" sizes=\"auto, (max-width: 300px) 100vw, 300px\" \/><\/div><a class=\"w-gallery-item-link\" aria-label=\"IMG_8982\" href=\"https:\/\/fundaciosetba.org\/wp-content\/uploads\/2025\/06\/IMG_8982.jpeg\" title=\"IMG_8982\"><\/a><\/div><\/div><\/div>\n<p>&nbsp;<\/p>\n<p>Uno de los grandes momentos de la presentaci\u00f3n fue la <strong>intervenci\u00f3n de la reconocida fotoperiodista Sandra Balsells<\/strong> , autora de uno de los reportajes centrales del libro, dedicado a las tres hermanas Saldivar. gratificante descubrir que en prisi\u00f3n, m\u00e1s all\u00e1 de las rejas, los pasillos, las c\u00e1maras de vigilancia y los controles, afloran peque\u00f1os oasis de libertad donde la cultura puede convertirse en una poderosa herramienta de transformaci\u00f3n.\u201d, expres\u00f3 emocionada.  <\/p>\n<p>El acto cont\u00f3 tambi\u00e9n con las intervenciones de la directora de la Fundaci\u00f3n Setba, <strong>Cristina Sampere<\/strong> ; la directora art\u00edstica del proyecto, <strong>Marta F\u00e0bregas<\/strong> ; la abogada <strong>Magda Oranich<\/strong> , autora del pr\u00f3logo y ex interna en la c\u00e1rcel de la Trinidad y la directora del centro penitenciario, <strong>Eleuteria P\u00e9rez<\/strong> .<\/p>\n<p>Se anunci\u00f3, adem\u00e1s, <strong>la reciente colaboraci\u00f3n con la ESCAC<\/strong> , que este verano llevar\u00e1 a cabo un taller de creaci\u00f3n audiovisual en Wad-Ras, sum\u00e1ndose al objetivo de la Fundaci\u00f3n de hacer llegar proyectos culturales de alto nivel a los centros penitenciarios.<\/p>\n<p>El libro, editado conjuntamente con Lum\u00ednico, es tambi\u00e9n un homenaje a Bea D., una de las participantes del proyecto, asesinada por su presunta pareja despu\u00e9s de salir en libertad. Los beneficios de su venta se destinar\u00e1n \u00edntegramente a seguir desarrollando el proyecto Traspasando el objetivo. <\/p>\n<p><img loading=\"lazy\" decoding=\"async\" class=\"aligncenter size-us_600_400 wp-image-39296\" src=\"https:\/\/fundaciosetba.org\/wp-content\/uploads\/2025\/06\/Lafotografica_43B4758-600x400.jpg\" alt=\"\" width=\"600\" height=\"400\" srcset=\"https:\/\/fundaciosetba.org\/wp-content\/uploads\/2025\/06\/Lafotografica_43B4758-600x400.jpg 600w, https:\/\/fundaciosetba.org\/wp-content\/uploads\/2025\/06\/Lafotografica_43B4758-300x200.jpg 300w, https:\/\/fundaciosetba.org\/wp-content\/uploads\/2025\/06\/Lafotografica_43B4758-1024x683.jpg 1024w, https:\/\/fundaciosetba.org\/wp-content\/uploads\/2025\/06\/Lafotografica_43B4758-150x100.jpg 150w\" sizes=\"auto, (max-width: 600px) 100vw, 600px\" \/><\/p>\n<p>Con  <em>Wad-Ras. Mujeres Invisibles, <\/em>  la Fundaci\u00f3n Setba reafirma su compromiso con la cultura como herramienta de transformaci\u00f3n social, especialmente en contextos de extrema vulnerabilidad. Se puede encontrar en la p\u00e1gina web de la Fundaci\u00f3n as\u00ed como en Ona Llibres, Laie CCCB y Foto Colectania. <\/p>\n<p><a href=\"https:\/\/fundaciosetba.org\/es\/producte\/wad-ras-mujeres-invisibles\/\">\u201cWad-Ras. Mujeres invisibles\u201d<\/a><\/p>\n<p>Una muestra de las fotograf\u00edas que aparecen en el fotolibro:<\/p>\n<div class=\"w-gallery fit_cover wp_gallery type_grid action_popup_image ratio_1x1 count_8\" style=\"--columns:3;--items-gap:0px;\"><div class=\"w-gallery-list\"><div class=\"w-gallery-item\"><div class=\"w-gallery-item-img\"><img loading=\"lazy\" decoding=\"async\" width=\"150\" height=\"150\" src=\"https:\/\/fundaciosetba.org\/wp-content\/uploads\/2025\/06\/2024-ami-abril-150x150.jpg\" class=\"attachment-thumbnail size-thumbnail\" alt=\"\" srcset=\"https:\/\/fundaciosetba.org\/wp-content\/uploads\/2025\/06\/2024-ami-abril-150x150.jpg 150w, https:\/\/fundaciosetba.org\/wp-content\/uploads\/2025\/06\/2024-ami-abril-300x300.jpg 300w\" sizes=\"auto, (max-width: 150px) 100vw, 150px\" \/><\/div><a class=\"w-gallery-item-link\" aria-label=\"2024-ami-abril\" href=\"https:\/\/fundaciosetba.org\/wp-content\/uploads\/2025\/06\/2024-ami-abril-scaled.jpg\" title=\"2024-ami-abril\"><\/a><\/div><div class=\"w-gallery-item\"><div class=\"w-gallery-item-img\"><img loading=\"lazy\" decoding=\"async\" width=\"150\" height=\"150\" src=\"https:\/\/fundaciosetba.org\/wp-content\/uploads\/2025\/06\/Diama-T.-Mentora-Marta-Fabregas-150x150.jpg\" class=\"attachment-thumbnail size-thumbnail\" alt=\"\" srcset=\"https:\/\/fundaciosetba.org\/wp-content\/uploads\/2025\/06\/Diama-T.-Mentora-Marta-Fabregas-150x150.jpg 150w, https:\/\/fundaciosetba.org\/wp-content\/uploads\/2025\/06\/Diama-T.-Mentora-Marta-Fabregas-300x300.jpg 300w\" sizes=\"auto, (max-width: 150px) 100vw, 150px\" \/><\/div><a class=\"w-gallery-item-link\" aria-label=\"Diama T. Mentora Marta F\u00e1bregas\" href=\"https:\/\/fundaciosetba.org\/wp-content\/uploads\/2025\/06\/Diama-T.-Mentora-Marta-Fabregas-scaled.jpg\" title=\"Diama T. Mentora Marta F\u00e1bregas\"><\/a><\/div><div class=\"w-gallery-item\"><div class=\"w-gallery-item-img\"><img loading=\"lazy\" decoding=\"async\" width=\"150\" height=\"150\" src=\"https:\/\/fundaciosetba.org\/wp-content\/uploads\/2025\/06\/Lafotografica_43B9574-150x150.jpg\" class=\"attachment-thumbnail size-thumbnail\" alt=\"\" srcset=\"https:\/\/fundaciosetba.org\/wp-content\/uploads\/2025\/06\/Lafotografica_43B9574-150x150.jpg 150w, https:\/\/fundaciosetba.org\/wp-content\/uploads\/2025\/06\/Lafotografica_43B9574-300x300.jpg 300w\" sizes=\"auto, (max-width: 150px) 100vw, 150px\" \/><\/div><a class=\"w-gallery-item-link\" aria-label=\"Lafotografica_43B9574\" href=\"https:\/\/fundaciosetba.org\/wp-content\/uploads\/2025\/06\/Lafotografica_43B9574-scaled.jpg\" title=\"Lafotografica_43B9574\"><\/a><\/div><div class=\"w-gallery-item\"><div class=\"w-gallery-item-img\"><img loading=\"lazy\" decoding=\"async\" width=\"150\" height=\"150\" src=\"https:\/\/fundaciosetba.org\/wp-content\/uploads\/2025\/06\/Lafotografica_43B9608-150x150.jpg\" class=\"attachment-thumbnail size-thumbnail\" alt=\"\" srcset=\"https:\/\/fundaciosetba.org\/wp-content\/uploads\/2025\/06\/Lafotografica_43B9608-150x150.jpg 150w, https:\/\/fundaciosetba.org\/wp-content\/uploads\/2025\/06\/Lafotografica_43B9608-300x300.jpg 300w\" sizes=\"auto, (max-width: 150px) 100vw, 150px\" \/><\/div><a class=\"w-gallery-item-link\" aria-label=\"Lafotografica_43B9608\" href=\"https:\/\/fundaciosetba.org\/wp-content\/uploads\/2025\/06\/Lafotografica_43B9608-scaled.jpg\" title=\"Lafotografica_43B9608\"><\/a><\/div><div class=\"w-gallery-item\"><div class=\"w-gallery-item-img\"><img loading=\"lazy\" decoding=\"async\" width=\"150\" height=\"150\" src=\"https:\/\/fundaciosetba.org\/wp-content\/uploads\/2025\/06\/Lafotografica_43B9609-150x150.jpg\" class=\"attachment-thumbnail size-thumbnail\" alt=\"\" srcset=\"https:\/\/fundaciosetba.org\/wp-content\/uploads\/2025\/06\/Lafotografica_43B9609-150x150.jpg 150w, https:\/\/fundaciosetba.org\/wp-content\/uploads\/2025\/06\/Lafotografica_43B9609-300x300.jpg 300w\" sizes=\"auto, (max-width: 150px) 100vw, 150px\" \/><\/div><a class=\"w-gallery-item-link\" aria-label=\"Lafotografica_43B9609\" href=\"https:\/\/fundaciosetba.org\/wp-content\/uploads\/2025\/06\/Lafotografica_43B9609-scaled.jpg\" title=\"Lafotografica_43B9609\"><\/a><\/div><div class=\"w-gallery-item\"><div class=\"w-gallery-item-img\"><img loading=\"lazy\" decoding=\"async\" width=\"150\" height=\"150\" src=\"https:\/\/fundaciosetba.org\/wp-content\/uploads\/2025\/06\/Lafotografica_43B9613-150x150.jpg\" class=\"attachment-thumbnail size-thumbnail\" alt=\"\" srcset=\"https:\/\/fundaciosetba.org\/wp-content\/uploads\/2025\/06\/Lafotografica_43B9613-150x150.jpg 150w, https:\/\/fundaciosetba.org\/wp-content\/uploads\/2025\/06\/Lafotografica_43B9613-300x300.jpg 300w\" sizes=\"auto, (max-width: 150px) 100vw, 150px\" \/><\/div><a class=\"w-gallery-item-link\" aria-label=\"Lafotografica_43B9613\" href=\"https:\/\/fundaciosetba.org\/wp-content\/uploads\/2025\/06\/Lafotografica_43B9613-scaled.jpg\" title=\"Lafotografica_43B9613\"><\/a><\/div><div class=\"w-gallery-item\"><div class=\"w-gallery-item-img\"><img loading=\"lazy\" decoding=\"async\" width=\"150\" height=\"150\" src=\"https:\/\/fundaciosetba.org\/wp-content\/uploads\/2025\/06\/Sandra-Balsells-_adRas9-by-Benet-150x150.jpg\" class=\"attachment-thumbnail size-thumbnail\" alt=\"\" srcset=\"https:\/\/fundaciosetba.org\/wp-content\/uploads\/2025\/06\/Sandra-Balsells-_adRas9-by-Benet-150x150.jpg 150w, https:\/\/fundaciosetba.org\/wp-content\/uploads\/2025\/06\/Sandra-Balsells-_adRas9-by-Benet-300x300.jpg 300w\" sizes=\"auto, (max-width: 150px) 100vw, 150px\" \/><\/div><a class=\"w-gallery-item-link\" aria-label=\"Sandra Balsells _adRas9 by Benet\" href=\"https:\/\/fundaciosetba.org\/wp-content\/uploads\/2025\/06\/Sandra-Balsells-_adRas9-by-Benet-scaled.jpg\" title=\"Sandra Balsells _adRas9 by Benet\"><\/a><\/div><div class=\"w-gallery-item\"><div class=\"w-gallery-item-img\"><img loading=\"lazy\" decoding=\"async\" width=\"150\" height=\"150\" src=\"https:\/\/fundaciosetba.org\/wp-content\/uploads\/2025\/06\/web-4-150x150.jpg\" class=\"attachment-thumbnail size-thumbnail\" alt=\"\" srcset=\"https:\/\/fundaciosetba.org\/wp-content\/uploads\/2025\/06\/web-4-150x150.jpg 150w, https:\/\/fundaciosetba.org\/wp-content\/uploads\/2025\/06\/web-4-300x300.jpg 300w, https:\/\/fundaciosetba.org\/wp-content\/uploads\/2025\/06\/web-4-1024x1024.jpg 1024w, https:\/\/fundaciosetba.org\/wp-content\/uploads\/2025\/06\/web-4-100x100.jpg 100w, https:\/\/fundaciosetba.org\/wp-content\/uploads\/2025\/06\/web-4-400x400.jpg 400w, https:\/\/fundaciosetba.org\/wp-content\/uploads\/2025\/06\/web-4-600x600.jpg 600w, https:\/\/fundaciosetba.org\/wp-content\/uploads\/2025\/06\/web-4.jpg 2000w\" sizes=\"auto, (max-width: 150px) 100vw, 150px\" \/><\/div><a class=\"w-gallery-item-link\" aria-label=\"web 4\" href=\"https:\/\/fundaciosetba.org\/wp-content\/uploads\/2025\/06\/web-4.jpg\" title=\"web 4\"><\/a><\/div><\/div><\/div>\n<p>&nbsp;<\/p>\n","protected":false},"excerpt":{"rendered":"<p>El Auditorio del Museo del Arte Prohibito acogi\u00f3 la presentaci\u00f3n del fotolibro Wad-Ras. Dones Invisibles, el segundo volumen de la colecci\u00f3n publicada por la Fundaci\u00f3n Setba y Lum\u00ednic para dar visibilidad a las mujeres internas de los centros penitenciarios catalanes. <\/p>\n","protected":false},"author":1,"featured_media":39604,"comment_status":"closed","ping_status":"closed","sticky":false,"template":"","format":"standard","meta":{"footnotes":""},"categories":[1350],"tags":[],"class_list":["post-39388","post","type-post","status-publish","format-standard","has-post-thumbnail","hentry","category-traspasando-el-objetivo-es"],"_links":{"self":[{"href":"https:\/\/fundaciosetba.org\/es\/wp-json\/wp\/v2\/posts\/39388","targetHints":{"allow":["GET"]}}],"collection":[{"href":"https:\/\/fundaciosetba.org\/es\/wp-json\/wp\/v2\/posts"}],"about":[{"href":"https:\/\/fundaciosetba.org\/es\/wp-json\/wp\/v2\/types\/post"}],"author":[{"embeddable":true,"href":"https:\/\/fundaciosetba.org\/es\/wp-json\/wp\/v2\/users\/1"}],"replies":[{"embeddable":true,"href":"https:\/\/fundaciosetba.org\/es\/wp-json\/wp\/v2\/comments?post=39388"}],"version-history":[{"count":1,"href":"https:\/\/fundaciosetba.org\/es\/wp-json\/wp\/v2\/posts\/39388\/revisions"}],"predecessor-version":[{"id":39607,"href":"https:\/\/fundaciosetba.org\/es\/wp-json\/wp\/v2\/posts\/39388\/revisions\/39607"}],"wp:featuredmedia":[{"embeddable":true,"href":"https:\/\/fundaciosetba.org\/es\/wp-json\/wp\/v2\/media\/39604"}],"wp:attachment":[{"href":"https:\/\/fundaciosetba.org\/es\/wp-json\/wp\/v2\/media?parent=39388"}],"wp:term":[{"taxonomy":"category","embeddable":true,"href":"https:\/\/fundaciosetba.org\/es\/wp-json\/wp\/v2\/categories?post=39388"},{"taxonomy":"post_tag","embeddable":true,"href":"https:\/\/fundaciosetba.org\/es\/wp-json\/wp\/v2\/tags?post=39388"}],"curies":[{"name":"wp","href":"https:\/\/api.w.org\/{rel}","templated":true}]}}