{"id":39461,"date":"2025-06-12T11:42:45","date_gmt":"2025-06-12T10:42:45","guid":{"rendered":"https:\/\/fundaciosetba.org\/el-casal-de-abuelos-de-la-roca-y-mohamed-el-amrani-entran-en-el-centro-penitenciario-de-jovenes-de-la-mano-de-la-fundacion-setba\/"},"modified":"2025-06-25T14:18:31","modified_gmt":"2025-06-25T13:18:31","slug":"el-casal-de-abuelos-de-la-roca-y-mohamed-el-amrani-entran-en-el-centro-penitenciario-de-jovenes-de-la-mano-de-la-fundacion-setba","status":"publish","type":"post","link":"https:\/\/fundaciosetba.org\/es\/el-casal-de-abuelos-de-la-roca-y-mohamed-el-amrani-entran-en-el-centro-penitenciario-de-jovenes-de-la-mano-de-la-fundacion-setba\/","title":{"rendered":"El Casal de abuelos de La Roca y Mohamed El Amrani entran en el Centro Penitenciario de J\u00f3venes de la mano de la Fundaci\u00f3n Setba"},"content":{"rendered":"<p>Del 28 de abril al 21 de mayo se ha celebrado la octava edici\u00f3n del proyecto <em>Traspassant Murs<\/em> (Traspasando Muros) en el Centro Penitenciario de J\u00f3venes, en una nueva intervenci\u00f3n art\u00edstica que ha unido creatividad, reflexi\u00f3n y transformaci\u00f3n. Durante estas semanas, <strong>once j\u00f3venes privados de libertad han trabajado colectivamente para ampliar el mural interior del centro<\/strong> , continuando as\u00ed la pieza iniciada el a\u00f1o anterior. <\/p>\n<p><img loading=\"lazy\" decoding=\"async\" class=\"aligncenter size-us_600_400 wp-image-39453\" src=\"https:\/\/fundaciosetba.org\/wp-content\/uploads\/2025\/06\/2025-05-21_Traspassant-murs_SETBA_060-600x400.jpg\" alt=\"\" width=\"600\" height=\"400\" srcset=\"https:\/\/fundaciosetba.org\/wp-content\/uploads\/2025\/06\/2025-05-21_Traspassant-murs_SETBA_060-600x401.jpg 600w, https:\/\/fundaciosetba.org\/wp-content\/uploads\/2025\/06\/2025-05-21_Traspassant-murs_SETBA_060-300x200.jpg 300w, https:\/\/fundaciosetba.org\/wp-content\/uploads\/2025\/06\/2025-05-21_Traspassant-murs_SETBA_060-1024x684.jpg 1024w, https:\/\/fundaciosetba.org\/wp-content\/uploads\/2025\/06\/2025-05-21_Traspassant-murs_SETBA_060-150x100.jpg 150w\" sizes=\"auto, (max-width: 600px) 100vw, 600px\" \/><\/p>\n<p>&nbsp;<\/p>\n<p>El proyecto ha sido <strong>dirigido por el artista Tope Rodr\u00edguez, con la colaboraci\u00f3n de Pep Walls y Madalena Hipolito<\/strong> , y ha contado con una novedad muy especial: la <strong>participaci\u00f3n del Casal de abuelos de La Roca<\/strong> , que este a\u00f1o no s\u00f3lo han colaborado en el mural exterior en el CEM del municipio, como en la edici\u00f3n anterior, sino que tambi\u00e9n han accedido al centro. <strong>Este encuentro intergeneracional ha supuesto un momento de enriquecimiento mutuo, rompiendo barreras simb\u00f3licas y emocionales.<\/strong><\/p>\n<div class=\"w-gallery fit_cover wp_gallery type_grid action_popup_image ratio_1x1 count_9\" style=\"--columns:3;--items-gap:8px;\"><div class=\"w-gallery-list\"><div class=\"w-gallery-item\"><div class=\"w-gallery-item-img\"><img loading=\"lazy\" decoding=\"async\" width=\"300\" height=\"300\" src=\"https:\/\/fundaciosetba.org\/wp-content\/uploads\/2025\/06\/2025-05-21_Traspassant-murs_SETBA_002-300x300.jpg\" class=\"attachment-woocommerce_thumbnail size-woocommerce_thumbnail\" alt=\"\" srcset=\"https:\/\/fundaciosetba.org\/wp-content\/uploads\/2025\/06\/2025-05-21_Traspassant-murs_SETBA_002-300x300.jpg 300w, https:\/\/fundaciosetba.org\/wp-content\/uploads\/2025\/06\/2025-05-21_Traspassant-murs_SETBA_002-150x150.jpg 150w\" sizes=\"auto, (max-width: 300px) 100vw, 300px\" \/><\/div><a class=\"w-gallery-item-link\" aria-label=\"2025-05-21_Traspassant murs_SETBA_002\" href=\"https:\/\/fundaciosetba.org\/wp-content\/uploads\/2025\/06\/2025-05-21_Traspassant-murs_SETBA_002-scaled.jpg\" title=\"2025-05-21_Traspassant murs_SETBA_002\"><\/a><\/div><div class=\"w-gallery-item\"><div class=\"w-gallery-item-img\"><img loading=\"lazy\" decoding=\"async\" width=\"300\" height=\"300\" src=\"https:\/\/fundaciosetba.org\/wp-content\/uploads\/2025\/06\/2025-05-21_Traspassant-murs_SETBA_004-300x300.jpg\" class=\"attachment-woocommerce_thumbnail size-woocommerce_thumbnail\" alt=\"\" srcset=\"https:\/\/fundaciosetba.org\/wp-content\/uploads\/2025\/06\/2025-05-21_Traspassant-murs_SETBA_004-300x300.jpg 300w, https:\/\/fundaciosetba.org\/wp-content\/uploads\/2025\/06\/2025-05-21_Traspassant-murs_SETBA_004-150x150.jpg 150w\" sizes=\"auto, (max-width: 300px) 100vw, 300px\" \/><\/div><a class=\"w-gallery-item-link\" aria-label=\"2025-05-21_Traspassant murs_SETBA_004\" href=\"https:\/\/fundaciosetba.org\/wp-content\/uploads\/2025\/06\/2025-05-21_Traspassant-murs_SETBA_004-scaled.jpg\" title=\"2025-05-21_Traspassant murs_SETBA_004\"><\/a><\/div><div class=\"w-gallery-item\"><div class=\"w-gallery-item-img\"><img loading=\"lazy\" decoding=\"async\" width=\"300\" height=\"300\" src=\"https:\/\/fundaciosetba.org\/wp-content\/uploads\/2025\/06\/2025-05-21_Traspassant-murs_SETBA_007-300x300.jpg\" class=\"attachment-woocommerce_thumbnail size-woocommerce_thumbnail\" alt=\"\" srcset=\"https:\/\/fundaciosetba.org\/wp-content\/uploads\/2025\/06\/2025-05-21_Traspassant-murs_SETBA_007-300x300.jpg 300w, https:\/\/fundaciosetba.org\/wp-content\/uploads\/2025\/06\/2025-05-21_Traspassant-murs_SETBA_007-150x150.jpg 150w\" sizes=\"auto, (max-width: 300px) 100vw, 300px\" \/><\/div><a class=\"w-gallery-item-link\" aria-label=\"2025-05-21_Traspassant murs_SETBA_007\" href=\"https:\/\/fundaciosetba.org\/wp-content\/uploads\/2025\/06\/2025-05-21_Traspassant-murs_SETBA_007-scaled.jpg\" title=\"2025-05-21_Traspassant murs_SETBA_007\"><\/a><\/div><div class=\"w-gallery-item\"><div class=\"w-gallery-item-img\"><img loading=\"lazy\" decoding=\"async\" width=\"300\" height=\"300\" src=\"https:\/\/fundaciosetba.org\/wp-content\/uploads\/2025\/06\/2025-05-21_Traspassant-murs_SETBA_017-300x300.jpg\" class=\"attachment-woocommerce_thumbnail size-woocommerce_thumbnail\" alt=\"\" srcset=\"https:\/\/fundaciosetba.org\/wp-content\/uploads\/2025\/06\/2025-05-21_Traspassant-murs_SETBA_017-300x300.jpg 300w, https:\/\/fundaciosetba.org\/wp-content\/uploads\/2025\/06\/2025-05-21_Traspassant-murs_SETBA_017-150x150.jpg 150w\" sizes=\"auto, (max-width: 300px) 100vw, 300px\" \/><\/div><a class=\"w-gallery-item-link\" aria-label=\"2025-05-21_Traspassant murs_SETBA_017\" href=\"https:\/\/fundaciosetba.org\/wp-content\/uploads\/2025\/06\/2025-05-21_Traspassant-murs_SETBA_017-scaled.jpg\" title=\"2025-05-21_Traspassant murs_SETBA_017\"><\/a><\/div><div class=\"w-gallery-item\"><div class=\"w-gallery-item-img\"><img loading=\"lazy\" decoding=\"async\" width=\"300\" height=\"300\" src=\"https:\/\/fundaciosetba.org\/wp-content\/uploads\/2025\/06\/2025-05-21_Traspassant-murs_SETBA_018-300x300.jpg\" class=\"attachment-woocommerce_thumbnail size-woocommerce_thumbnail\" alt=\"\" srcset=\"https:\/\/fundaciosetba.org\/wp-content\/uploads\/2025\/06\/2025-05-21_Traspassant-murs_SETBA_018-300x300.jpg 300w, https:\/\/fundaciosetba.org\/wp-content\/uploads\/2025\/06\/2025-05-21_Traspassant-murs_SETBA_018-150x150.jpg 150w\" sizes=\"auto, (max-width: 300px) 100vw, 300px\" \/><\/div><a class=\"w-gallery-item-link\" aria-label=\"2025-05-21_Traspassant murs_SETBA_018\" href=\"https:\/\/fundaciosetba.org\/wp-content\/uploads\/2025\/06\/2025-05-21_Traspassant-murs_SETBA_018-scaled.jpg\" title=\"2025-05-21_Traspassant murs_SETBA_018\"><\/a><\/div><div class=\"w-gallery-item\"><div class=\"w-gallery-item-img\"><img loading=\"lazy\" decoding=\"async\" width=\"300\" height=\"300\" src=\"https:\/\/fundaciosetba.org\/wp-content\/uploads\/2025\/06\/2025-05-21_Traspassant-murs_SETBA_024-300x300.jpg\" class=\"attachment-woocommerce_thumbnail size-woocommerce_thumbnail\" alt=\"\" srcset=\"https:\/\/fundaciosetba.org\/wp-content\/uploads\/2025\/06\/2025-05-21_Traspassant-murs_SETBA_024-300x300.jpg 300w, https:\/\/fundaciosetba.org\/wp-content\/uploads\/2025\/06\/2025-05-21_Traspassant-murs_SETBA_024-150x150.jpg 150w\" sizes=\"auto, (max-width: 300px) 100vw, 300px\" \/><\/div><a class=\"w-gallery-item-link\" aria-label=\"2025-05-21_Traspassant murs_SETBA_024\" href=\"https:\/\/fundaciosetba.org\/wp-content\/uploads\/2025\/06\/2025-05-21_Traspassant-murs_SETBA_024-scaled.jpg\" title=\"2025-05-21_Traspassant murs_SETBA_024\"><\/a><\/div><div class=\"w-gallery-item\"><div class=\"w-gallery-item-img\"><img loading=\"lazy\" decoding=\"async\" width=\"300\" height=\"300\" src=\"https:\/\/fundaciosetba.org\/wp-content\/uploads\/2025\/06\/2025-05-21_Traspassant-murs_SETBA_027-300x300.jpg\" class=\"attachment-woocommerce_thumbnail size-woocommerce_thumbnail\" alt=\"\" srcset=\"https:\/\/fundaciosetba.org\/wp-content\/uploads\/2025\/06\/2025-05-21_Traspassant-murs_SETBA_027-300x300.jpg 300w, https:\/\/fundaciosetba.org\/wp-content\/uploads\/2025\/06\/2025-05-21_Traspassant-murs_SETBA_027-150x150.jpg 150w\" sizes=\"auto, (max-width: 300px) 100vw, 300px\" \/><\/div><a class=\"w-gallery-item-link\" aria-label=\"2025-05-21_Traspassant murs_SETBA_027\" href=\"https:\/\/fundaciosetba.org\/wp-content\/uploads\/2025\/06\/2025-05-21_Traspassant-murs_SETBA_027-scaled.jpg\" title=\"2025-05-21_Traspassant murs_SETBA_027\"><\/a><\/div><div class=\"w-gallery-item\"><div class=\"w-gallery-item-img\"><img loading=\"lazy\" decoding=\"async\" width=\"300\" height=\"300\" src=\"https:\/\/fundaciosetba.org\/wp-content\/uploads\/2025\/06\/2025-05-21_Traspassant-murs_SETBA_036-300x300.jpg\" class=\"attachment-woocommerce_thumbnail size-woocommerce_thumbnail\" alt=\"\" srcset=\"https:\/\/fundaciosetba.org\/wp-content\/uploads\/2025\/06\/2025-05-21_Traspassant-murs_SETBA_036-300x300.jpg 300w, https:\/\/fundaciosetba.org\/wp-content\/uploads\/2025\/06\/2025-05-21_Traspassant-murs_SETBA_036-150x150.jpg 150w\" sizes=\"auto, (max-width: 300px) 100vw, 300px\" \/><\/div><a class=\"w-gallery-item-link\" aria-label=\"2025-05-21_Traspassant murs_SETBA_036\" href=\"https:\/\/fundaciosetba.org\/wp-content\/uploads\/2025\/06\/2025-05-21_Traspassant-murs_SETBA_036-scaled.jpg\" title=\"2025-05-21_Traspassant murs_SETBA_036\"><\/a><\/div><div class=\"w-gallery-item\"><div class=\"w-gallery-item-img\"><img loading=\"lazy\" decoding=\"async\" width=\"300\" height=\"300\" src=\"https:\/\/fundaciosetba.org\/wp-content\/uploads\/2025\/06\/2025-05-21_Traspassant-murs_SETBA_048-300x300.jpg\" class=\"attachment-woocommerce_thumbnail size-woocommerce_thumbnail\" alt=\"\" srcset=\"https:\/\/fundaciosetba.org\/wp-content\/uploads\/2025\/06\/2025-05-21_Traspassant-murs_SETBA_048-300x300.jpg 300w, https:\/\/fundaciosetba.org\/wp-content\/uploads\/2025\/06\/2025-05-21_Traspassant-murs_SETBA_048-150x150.jpg 150w\" sizes=\"auto, (max-width: 300px) 100vw, 300px\" \/><\/div><a class=\"w-gallery-item-link\" aria-label=\"2025-05-21_Traspassant murs_SETBA_048\" href=\"https:\/\/fundaciosetba.org\/wp-content\/uploads\/2025\/06\/2025-05-21_Traspassant-murs_SETBA_048-scaled.jpg\" title=\"2025-05-21_Traspassant murs_SETBA_048\"><\/a><\/div><\/div><\/div>\n<p><strong>Otro de los puntos destacados ha sido la participaci\u00f3n de Mohamed El Amrani<\/strong> , que el 21 de abril visit\u00f3 el centro para mantener una conversaci\u00f3n con los chicos sobre proyecciones de vida, superaci\u00f3n y futuro. Comunicador y activista social, El Amrani es <strong>conocido por su labor a favor de la convivencia y la justicia social, y ha sido reconocido con varios premios<\/strong> <strong>como el Premio de la categor\u00eda social de la Fundaci\u00f3n Princesa de Girona<\/strong> . Su presencia en el centro fue una oportunidad para que los j\u00f3venes escucharan un relato inspirador de superaci\u00f3n personal, desde una mirada emp\u00e1tica y cercana. El impacto del encuentro se not\u00f3 en la participaci\u00f3n y el inter\u00e9s de los j\u00f3venes, que vivieron ese momento como un espacio de di\u00e1logo real y motivador.   <\/p>\n<p><img loading=\"lazy\" decoding=\"async\" class=\"aligncenter size-us_600_400 wp-image-39456\" src=\"https:\/\/fundaciosetba.org\/wp-content\/uploads\/2025\/06\/WhatsApp-Image-2025-05-26-at-20.31.53-533x400.jpeg\" alt=\"\" width=\"533\" height=\"400\" srcset=\"https:\/\/fundaciosetba.org\/wp-content\/uploads\/2025\/06\/WhatsApp-Image-2025-05-26-at-20.31.53-533x400.jpeg 533w, https:\/\/fundaciosetba.org\/wp-content\/uploads\/2025\/06\/WhatsApp-Image-2025-05-26-at-20.31.53-300x225.jpeg 300w, https:\/\/fundaciosetba.org\/wp-content\/uploads\/2025\/06\/WhatsApp-Image-2025-05-26-at-20.31.53-1024x768.jpeg 1024w, https:\/\/fundaciosetba.org\/wp-content\/uploads\/2025\/06\/WhatsApp-Image-2025-05-26-at-20.31.53-133x100.jpeg 133w, https:\/\/fundaciosetba.org\/wp-content\/uploads\/2025\/06\/WhatsApp-Image-2025-05-26-at-20.31.53-600x450.jpeg 600w, https:\/\/fundaciosetba.org\/wp-content\/uploads\/2025\/06\/WhatsApp-Image-2025-05-26-at-20.31.53.jpeg 1600w\" sizes=\"auto, (max-width: 533px) 100vw, 533px\" \/><\/p>\n<p>En cuanto a las tem\u00e1ticas que han emergido en el mural, destacan conceptos como la esperanza y la fe, representadas por un faro que ilumina el camino y la palabra \u201cFe\u201d; la m\u00fasica y el arte como formas de expresi\u00f3n y libertad, con una guitarra y notas musicales que atraviesan todo el mural; la naturaleza y el crecimiento personal, con p\u00e1jaros en un nido, monta\u00f1as, flores y \u00e1rboles frutales; y el contraste entre la vida urbana y el deseo de libertad, simbolizado por edificios que conviven con paisajes abiertos y naturales. Por \u00faltimo, un cuerno de la abundancia sugiere un futuro pr\u00f3spero y lleno de oportunidades. <\/p>\n<p><strong>Los efectos de esta experiencia art\u00edstica han sido muy positivos<\/strong> tanto a nivel emocional como actitudinal:<\/p>\n<ul>\n<li>+10% de aumento en la autoestima de los participantes.<\/li>\n<li>+4% de inter\u00e9s por actividades culturales.<\/li>\n<\/ul>\n<p>Los j\u00f3venes han expresado sus sentimientos con frases como:<\/p>\n<ul>\n<li>\u201cMe ha ayudado a aprender cosas nuevas ya mejorar mi relaci\u00f3n con los dem\u00e1s.\u201d<br \/>\n \u201cCuando pinto me siento feliz y contento.\u201d<\/li>\n<\/ul>\n<p>Tambi\u00e9n el personal educador del centro ha notado cambios significativos:<\/p>\n<ul>\n<li>M\u00e1s expresi\u00f3n emocional y menos conflictividad.<\/li>\n<li>Disminuci\u00f3n de conductas disruptivas.<\/li>\n<li>Aumento del inter\u00e9s y la motivaci\u00f3n por participar en actividades culturales.<\/li>\n<li>Valoraci\u00f3n de la sensaci\u00f3n de calma durante el proceso de creaci\u00f3n: 4 sobre 5.<\/li>\n<\/ul>\n<p>Este mural colectivo no s\u00f3lo transforma un espacio f\u00edsico dentro de la c\u00e1rcel, sino que simboliza una apertura interior y un puente hacia el exterior, donde el arte se convierte en una herramienta de conexi\u00f3n, reparaci\u00f3n y esperanza.<\/p>\n<p>Fotograf\u00edas de Laura G\u00e1lvez-Rhein<\/p>\n","protected":false},"excerpt":{"rendered":"<p>Del 28 de abril al 21 de mayo se ha celebrado la octava edici\u00f3n del proyecto Traspassant Murs en el Centro Penitenciario de J\u00f3venes, en una nueva intervenci\u00f3n art\u00edstica que ha unido creatividad, reflexi\u00f3n y transformaci\u00f3n. Durante estas semanas, once j\u00f3venes privados de libertad han trabajado colectivamente para ampliar el mural interior del centro, continuando as\u00ed la pieza iniciada el a\u00f1o. <\/p>\n","protected":false},"author":1,"featured_media":39608,"comment_status":"closed","ping_status":"closed","sticky":false,"template":"","format":"standard","meta":{"footnotes":""},"categories":[1349],"tags":[],"class_list":["post-39461","post","type-post","status-publish","format-standard","has-post-thumbnail","hentry","category-traspasando-muros-es"],"_links":{"self":[{"href":"https:\/\/fundaciosetba.org\/es\/wp-json\/wp\/v2\/posts\/39461","targetHints":{"allow":["GET"]}}],"collection":[{"href":"https:\/\/fundaciosetba.org\/es\/wp-json\/wp\/v2\/posts"}],"about":[{"href":"https:\/\/fundaciosetba.org\/es\/wp-json\/wp\/v2\/types\/post"}],"author":[{"embeddable":true,"href":"https:\/\/fundaciosetba.org\/es\/wp-json\/wp\/v2\/users\/1"}],"replies":[{"embeddable":true,"href":"https:\/\/fundaciosetba.org\/es\/wp-json\/wp\/v2\/comments?post=39461"}],"version-history":[{"count":1,"href":"https:\/\/fundaciosetba.org\/es\/wp-json\/wp\/v2\/posts\/39461\/revisions"}],"predecessor-version":[{"id":39611,"href":"https:\/\/fundaciosetba.org\/es\/wp-json\/wp\/v2\/posts\/39461\/revisions\/39611"}],"wp:featuredmedia":[{"embeddable":true,"href":"https:\/\/fundaciosetba.org\/es\/wp-json\/wp\/v2\/media\/39608"}],"wp:attachment":[{"href":"https:\/\/fundaciosetba.org\/es\/wp-json\/wp\/v2\/media?parent=39461"}],"wp:term":[{"taxonomy":"category","embeddable":true,"href":"https:\/\/fundaciosetba.org\/es\/wp-json\/wp\/v2\/categories?post=39461"},{"taxonomy":"post_tag","embeddable":true,"href":"https:\/\/fundaciosetba.org\/es\/wp-json\/wp\/v2\/tags?post=39461"}],"curies":[{"name":"wp","href":"https:\/\/api.w.org\/{rel}","templated":true}]}}