{"id":39670,"date":"2025-06-30T11:33:59","date_gmt":"2025-06-30T10:33:59","guid":{"rendered":"https:\/\/fundaciosetba.org\/el-natura-es-cultura-2025-arranca-en-cal-gras-con-dos-semanas-de-creacion-y-conexion\/"},"modified":"2025-06-30T11:50:52","modified_gmt":"2025-06-30T10:50:52","slug":"el-natura-es-cultura-2025-arranca-en-cal-gras-con-dos-semanas-de-creacion-y-conexion","status":"publish","type":"post","link":"https:\/\/fundaciosetba.org\/es\/el-natura-es-cultura-2025-arranca-en-cal-gras-con-dos-semanas-de-creacion-y-conexion\/","title":{"rendered":"El Natura es Cultura 2025 arranca en Cal Gras con dos semanas de creaci\u00f3n y conexi\u00f3n"},"content":{"rendered":"<p>Del 26 de mayo al 6 de junio, participantes de las cuatro entidades seleccionadas de la provincia de Barcelona para la edici\u00f3n 2025 del proyecto <em>Natura es Cultura<\/em> vivieron una experiencia inmersiva de creaci\u00f3n art\u00edstica y conexi\u00f3n con la naturaleza en la residencia de Cal Gras, en Aviny\u00f3.<\/p>\n<p>Este proyecto, en el que han participado las entidades <strong>Fundaci\u00f3n Els Tres Turons<\/strong> , <strong>Fundaci\u00f3n Centre de Formaci\u00f3 i Prevenci\u00f3<\/strong> , <strong>CPB Servicios Salud Mental<\/strong> y <strong>Osonament<\/strong> , tiene como objetivo la mejorar del bienestar emocional de las personas participantes y luchar contra el estigma que rodea los trastornos mentales.<\/p>\n<h4>Una semana llena de arte y naturaleza<\/h4>\n<p>Las dos semanas de actividades estuvieron <strong>dirigidas por el artista Quim Moya<\/strong> con la colaboraci\u00f3n del ingeniero forestal Ignasi Vilarasau, la bailarina y psic\u00f3loga Maria Ribera y los educadores sociales Carla Bud\u00f3 y Pau Gil.<\/p>\n<p>Las actividades se realizaron entre el bosque, los espacios de Cal Gras y el entorno de Santa Eug\u00e8nia del Relat, creando un marco id\u00f3neo para conectar con el entorno y con uno mismo.<\/p>\n<h4>El 93,75% de los participantes han expresado su deseo de seguir realizando actividades art\u00edsticas en el futuro.<\/h4>\n<p>Entre las valoraciones recogidas, destacan frases como:<\/p>\n<p style=\"padding-left: 40px;\">&#8220;Ha sido un placer poder participar y un recuerdo muy bonito. Gracias.&#8221;<br \/>\n&#8220;Much\u00edsimas gracias con todo el coraz\u00f3n a la Fundaci\u00f3n Setba por mejorar nuestras vidas.&#8221;<br \/>\n&#8220;Una experiencia muy enriquecedora. Me gustar\u00eda volver a repetir.&#8221;<\/p>\n<div class=\"w-gallery fit_cover wp_gallery type_grid action_popup_image ratio_1x1 count_12\" style=\"--columns:3;--items-gap:8px;\"><div class=\"w-gallery-list\"><div class=\"w-gallery-item\"><div class=\"w-gallery-item-img\"><img loading=\"lazy\" decoding=\"async\" width=\"150\" height=\"150\" src=\"https:\/\/fundaciosetba.org\/wp-content\/uploads\/2025\/06\/2025-05-28_Natura-es-cultura-SETBA_005-150x150.jpg\" class=\"attachment-thumbnail size-thumbnail\" alt=\"\" srcset=\"https:\/\/fundaciosetba.org\/wp-content\/uploads\/2025\/06\/2025-05-28_Natura-es-cultura-SETBA_005-150x150.jpg 150w, https:\/\/fundaciosetba.org\/wp-content\/uploads\/2025\/06\/2025-05-28_Natura-es-cultura-SETBA_005-300x300.jpg 300w\" sizes=\"auto, (max-width: 150px) 100vw, 150px\" \/><\/div><a class=\"w-gallery-item-link\" aria-label=\"2025-05-28_Natura \u00e9s cultura-SETBA_005\" href=\"https:\/\/fundaciosetba.org\/wp-content\/uploads\/2025\/06\/2025-05-28_Natura-es-cultura-SETBA_005-scaled.jpg\" title=\"2025-05-28_Natura \u00e9s cultura-SETBA_005\"><\/a><\/div><div class=\"w-gallery-item\"><div class=\"w-gallery-item-img\"><img loading=\"lazy\" decoding=\"async\" width=\"150\" height=\"150\" src=\"https:\/\/fundaciosetba.org\/wp-content\/uploads\/2025\/06\/2025-05-28_Natura-es-cultura-SETBA_002-150x150.jpg\" class=\"attachment-thumbnail size-thumbnail\" alt=\"\" srcset=\"https:\/\/fundaciosetba.org\/wp-content\/uploads\/2025\/06\/2025-05-28_Natura-es-cultura-SETBA_002-150x150.jpg 150w, https:\/\/fundaciosetba.org\/wp-content\/uploads\/2025\/06\/2025-05-28_Natura-es-cultura-SETBA_002-300x300.jpg 300w\" sizes=\"auto, (max-width: 150px) 100vw, 150px\" \/><\/div><a class=\"w-gallery-item-link\" aria-label=\"2025-05-28_Natura \u00e9s cultura-SETBA_002\" href=\"https:\/\/fundaciosetba.org\/wp-content\/uploads\/2025\/06\/2025-05-28_Natura-es-cultura-SETBA_002-scaled.jpg\" title=\"2025-05-28_Natura \u00e9s cultura-SETBA_002\"><\/a><\/div><div class=\"w-gallery-item\"><div class=\"w-gallery-item-img\"><img loading=\"lazy\" decoding=\"async\" width=\"150\" height=\"150\" src=\"https:\/\/fundaciosetba.org\/wp-content\/uploads\/2025\/06\/2025-05-28_Natura-es-cultura-SETBA_007-150x150.jpg\" class=\"attachment-thumbnail size-thumbnail\" alt=\"\" srcset=\"https:\/\/fundaciosetba.org\/wp-content\/uploads\/2025\/06\/2025-05-28_Natura-es-cultura-SETBA_007-150x150.jpg 150w, https:\/\/fundaciosetba.org\/wp-content\/uploads\/2025\/06\/2025-05-28_Natura-es-cultura-SETBA_007-300x300.jpg 300w\" sizes=\"auto, (max-width: 150px) 100vw, 150px\" \/><\/div><a class=\"w-gallery-item-link\" aria-label=\"2025-05-28_Natura \u00e9s cultura-SETBA_007\" href=\"https:\/\/fundaciosetba.org\/wp-content\/uploads\/2025\/06\/2025-05-28_Natura-es-cultura-SETBA_007-scaled.jpg\" title=\"2025-05-28_Natura \u00e9s cultura-SETBA_007\"><\/a><\/div><div class=\"w-gallery-item\"><div class=\"w-gallery-item-img\"><img loading=\"lazy\" decoding=\"async\" width=\"150\" height=\"150\" src=\"https:\/\/fundaciosetba.org\/wp-content\/uploads\/2025\/06\/2025-05-28_Natura-es-cultura-SETBA_011-150x150.jpg\" class=\"attachment-thumbnail size-thumbnail\" alt=\"\" srcset=\"https:\/\/fundaciosetba.org\/wp-content\/uploads\/2025\/06\/2025-05-28_Natura-es-cultura-SETBA_011-150x150.jpg 150w, https:\/\/fundaciosetba.org\/wp-content\/uploads\/2025\/06\/2025-05-28_Natura-es-cultura-SETBA_011-300x300.jpg 300w\" sizes=\"auto, (max-width: 150px) 100vw, 150px\" \/><\/div><a class=\"w-gallery-item-link\" aria-label=\"2025-05-28_Natura \u00e9s cultura-SETBA_011\" href=\"https:\/\/fundaciosetba.org\/wp-content\/uploads\/2025\/06\/2025-05-28_Natura-es-cultura-SETBA_011-scaled.jpg\" title=\"2025-05-28_Natura \u00e9s cultura-SETBA_011\"><\/a><\/div><div class=\"w-gallery-item\"><div class=\"w-gallery-item-img\"><img loading=\"lazy\" decoding=\"async\" width=\"150\" height=\"150\" src=\"https:\/\/fundaciosetba.org\/wp-content\/uploads\/2025\/06\/2025-05-28_Natura-es-cultura-SETBA_012-150x150.jpg\" class=\"attachment-thumbnail size-thumbnail\" alt=\"\" srcset=\"https:\/\/fundaciosetba.org\/wp-content\/uploads\/2025\/06\/2025-05-28_Natura-es-cultura-SETBA_012-150x150.jpg 150w, https:\/\/fundaciosetba.org\/wp-content\/uploads\/2025\/06\/2025-05-28_Natura-es-cultura-SETBA_012-300x300.jpg 300w\" sizes=\"auto, (max-width: 150px) 100vw, 150px\" \/><\/div><a class=\"w-gallery-item-link\" aria-label=\"2025-05-28_Natura \u00e9s cultura-SETBA_012\" href=\"https:\/\/fundaciosetba.org\/wp-content\/uploads\/2025\/06\/2025-05-28_Natura-es-cultura-SETBA_012-scaled.jpg\" title=\"2025-05-28_Natura \u00e9s cultura-SETBA_012\"><\/a><\/div><div class=\"w-gallery-item\"><div class=\"w-gallery-item-img\"><img loading=\"lazy\" decoding=\"async\" width=\"150\" height=\"150\" src=\"https:\/\/fundaciosetba.org\/wp-content\/uploads\/2025\/06\/2025-05-28_Natura-es-cultura-SETBA_017-150x150.jpg\" class=\"attachment-thumbnail size-thumbnail\" alt=\"\" srcset=\"https:\/\/fundaciosetba.org\/wp-content\/uploads\/2025\/06\/2025-05-28_Natura-es-cultura-SETBA_017-150x150.jpg 150w, https:\/\/fundaciosetba.org\/wp-content\/uploads\/2025\/06\/2025-05-28_Natura-es-cultura-SETBA_017-300x300.jpg 300w\" sizes=\"auto, (max-width: 150px) 100vw, 150px\" \/><\/div><a class=\"w-gallery-item-link\" aria-label=\"2025-05-28_Natura \u00e9s cultura-SETBA_017\" href=\"https:\/\/fundaciosetba.org\/wp-content\/uploads\/2025\/06\/2025-05-28_Natura-es-cultura-SETBA_017-scaled.jpg\" title=\"2025-05-28_Natura \u00e9s cultura-SETBA_017\"><\/a><\/div><div class=\"w-gallery-item\"><div class=\"w-gallery-item-img\"><img loading=\"lazy\" decoding=\"async\" width=\"150\" height=\"150\" src=\"https:\/\/fundaciosetba.org\/wp-content\/uploads\/2025\/06\/2025-05-28_Natura-es-cultura-SETBA_032-150x150.jpg\" class=\"attachment-thumbnail size-thumbnail\" alt=\"\" srcset=\"https:\/\/fundaciosetba.org\/wp-content\/uploads\/2025\/06\/2025-05-28_Natura-es-cultura-SETBA_032-150x150.jpg 150w, https:\/\/fundaciosetba.org\/wp-content\/uploads\/2025\/06\/2025-05-28_Natura-es-cultura-SETBA_032-300x300.jpg 300w\" sizes=\"auto, (max-width: 150px) 100vw, 150px\" \/><\/div><a class=\"w-gallery-item-link\" aria-label=\"2025-05-28_Natura \u00e9s cultura-SETBA_032\" href=\"https:\/\/fundaciosetba.org\/wp-content\/uploads\/2025\/06\/2025-05-28_Natura-es-cultura-SETBA_032-scaled.jpg\" title=\"2025-05-28_Natura \u00e9s cultura-SETBA_032\"><\/a><\/div><div class=\"w-gallery-item\"><div class=\"w-gallery-item-img\"><img loading=\"lazy\" decoding=\"async\" width=\"150\" height=\"150\" src=\"https:\/\/fundaciosetba.org\/wp-content\/uploads\/2025\/06\/2025-05-28_Natura-es-cultura-SETBA_037-150x150.jpg\" class=\"attachment-thumbnail size-thumbnail\" alt=\"\" srcset=\"https:\/\/fundaciosetba.org\/wp-content\/uploads\/2025\/06\/2025-05-28_Natura-es-cultura-SETBA_037-150x150.jpg 150w, https:\/\/fundaciosetba.org\/wp-content\/uploads\/2025\/06\/2025-05-28_Natura-es-cultura-SETBA_037-300x300.jpg 300w\" sizes=\"auto, (max-width: 150px) 100vw, 150px\" \/><\/div><a class=\"w-gallery-item-link\" aria-label=\"2025-05-28_Natura \u00e9s cultura-SETBA_037\" href=\"https:\/\/fundaciosetba.org\/wp-content\/uploads\/2025\/06\/2025-05-28_Natura-es-cultura-SETBA_037-scaled.jpg\" title=\"2025-05-28_Natura \u00e9s cultura-SETBA_037\"><\/a><\/div><div class=\"w-gallery-item\"><div class=\"w-gallery-item-img\"><img loading=\"lazy\" decoding=\"async\" width=\"150\" height=\"150\" src=\"https:\/\/fundaciosetba.org\/wp-content\/uploads\/2025\/06\/2025-05-28_Natura-es-cultura-SETBA_043-150x150.jpg\" class=\"attachment-thumbnail size-thumbnail\" alt=\"\" srcset=\"https:\/\/fundaciosetba.org\/wp-content\/uploads\/2025\/06\/2025-05-28_Natura-es-cultura-SETBA_043-150x150.jpg 150w, https:\/\/fundaciosetba.org\/wp-content\/uploads\/2025\/06\/2025-05-28_Natura-es-cultura-SETBA_043-300x300.jpg 300w\" sizes=\"auto, (max-width: 150px) 100vw, 150px\" \/><\/div><a class=\"w-gallery-item-link\" aria-label=\"2025-05-28_Natura \u00e9s cultura-SETBA_043\" href=\"https:\/\/fundaciosetba.org\/wp-content\/uploads\/2025\/06\/2025-05-28_Natura-es-cultura-SETBA_043-scaled.jpg\" title=\"2025-05-28_Natura \u00e9s cultura-SETBA_043\"><\/a><\/div><div class=\"w-gallery-item\"><div class=\"w-gallery-item-img\"><img loading=\"lazy\" decoding=\"async\" width=\"150\" height=\"150\" src=\"https:\/\/fundaciosetba.org\/wp-content\/uploads\/2025\/06\/2025-05-28_Natura-es-cultura-SETBA_053-150x150.jpg\" class=\"attachment-thumbnail size-thumbnail\" alt=\"\" srcset=\"https:\/\/fundaciosetba.org\/wp-content\/uploads\/2025\/06\/2025-05-28_Natura-es-cultura-SETBA_053-150x150.jpg 150w, https:\/\/fundaciosetba.org\/wp-content\/uploads\/2025\/06\/2025-05-28_Natura-es-cultura-SETBA_053-300x300.jpg 300w\" sizes=\"auto, (max-width: 150px) 100vw, 150px\" \/><\/div><a class=\"w-gallery-item-link\" aria-label=\"2025-05-28_Natura \u00e9s cultura-SETBA_053\" href=\"https:\/\/fundaciosetba.org\/wp-content\/uploads\/2025\/06\/2025-05-28_Natura-es-cultura-SETBA_053-scaled.jpg\" title=\"2025-05-28_Natura \u00e9s cultura-SETBA_053\"><\/a><\/div><div class=\"w-gallery-item\"><div class=\"w-gallery-item-img\"><img loading=\"lazy\" decoding=\"async\" width=\"150\" height=\"150\" src=\"https:\/\/fundaciosetba.org\/wp-content\/uploads\/2025\/06\/2025-05-28_Natura-es-cultura-SETBA_057-150x150.jpg\" class=\"attachment-thumbnail size-thumbnail\" alt=\"\" srcset=\"https:\/\/fundaciosetba.org\/wp-content\/uploads\/2025\/06\/2025-05-28_Natura-es-cultura-SETBA_057-150x150.jpg 150w, https:\/\/fundaciosetba.org\/wp-content\/uploads\/2025\/06\/2025-05-28_Natura-es-cultura-SETBA_057-300x300.jpg 300w\" sizes=\"auto, (max-width: 150px) 100vw, 150px\" \/><\/div><a class=\"w-gallery-item-link\" aria-label=\"2025-05-28_Natura \u00e9s cultura-SETBA_057\" href=\"https:\/\/fundaciosetba.org\/wp-content\/uploads\/2025\/06\/2025-05-28_Natura-es-cultura-SETBA_057-scaled.jpg\" title=\"2025-05-28_Natura \u00e9s cultura-SETBA_057\"><\/a><\/div><div class=\"w-gallery-item\"><div class=\"w-gallery-item-img\"><img loading=\"lazy\" decoding=\"async\" width=\"150\" height=\"150\" src=\"https:\/\/fundaciosetba.org\/wp-content\/uploads\/2025\/06\/2025-05-28_Natura-es-cultura-SETBA_060-150x150.jpg\" class=\"attachment-thumbnail size-thumbnail\" alt=\"\" srcset=\"https:\/\/fundaciosetba.org\/wp-content\/uploads\/2025\/06\/2025-05-28_Natura-es-cultura-SETBA_060-150x150.jpg 150w, https:\/\/fundaciosetba.org\/wp-content\/uploads\/2025\/06\/2025-05-28_Natura-es-cultura-SETBA_060-300x300.jpg 300w\" sizes=\"auto, (max-width: 150px) 100vw, 150px\" \/><\/div><a class=\"w-gallery-item-link\" aria-label=\"2025-05-28_Natura \u00e9s cultura-SETBA_060\" href=\"https:\/\/fundaciosetba.org\/wp-content\/uploads\/2025\/06\/2025-05-28_Natura-es-cultura-SETBA_060-scaled.jpg\" title=\"2025-05-28_Natura \u00e9s cultura-SETBA_060\"><\/a><\/div><\/div><\/div>\n<p><em>Fotograf\u00edas de Laura G\u00e1lvez-Rhein<\/em><\/p>\n<p>Este primer bloque de actividades da el pistoletazo de salida al Natura es Cultura 2025, que <strong>este a\u00f1o por primera vez se extiende a la provincia de Girona<\/strong> . Las entidades seleccionadas, <strong>Asociaci\u00f3n Familia y Salud Mental de Girona y Comarcas<\/strong> y <strong>Fundaci\u00f3n Drissa<\/strong> , participar\u00e1n en una estancia art\u00edstica durante el mes de septiembre, en el marco del Festival Art &amp; Gavarres, con la direcci\u00f3n de <span><strong>Leo Castro y Enric F\u00e0bregas<\/strong> en la residencia de artistas <strong>L&#8217;animal a l&#8217;esquena,<\/strong> pero<\/span> con el mismo esp\u00edritu de creaci\u00f3n, conexi\u00f3n y transformaci\u00f3n.<\/p>\n","protected":false},"excerpt":{"rendered":"<p>Este proyecto, en el que han participado las entidades Fundaci\u00f3n Els Tres Turons, Fundaci\u00f3n Centre de Formaci\u00f3 i Prevenci\u00f3, CPB Servicios Salud Mental y Osonament, tiene como objetivo la mejora del bienestar emocional de las personas participantes.<\/p>\n","protected":false},"author":1,"featured_media":39665,"comment_status":"closed","ping_status":"closed","sticky":false,"template":"","format":"standard","meta":{"footnotes":""},"categories":[1355],"tags":[],"class_list":["post-39670","post","type-post","status-publish","format-standard","has-post-thumbnail","hentry","category-naturaleza-es-cultura"],"_links":{"self":[{"href":"https:\/\/fundaciosetba.org\/es\/wp-json\/wp\/v2\/posts\/39670","targetHints":{"allow":["GET"]}}],"collection":[{"href":"https:\/\/fundaciosetba.org\/es\/wp-json\/wp\/v2\/posts"}],"about":[{"href":"https:\/\/fundaciosetba.org\/es\/wp-json\/wp\/v2\/types\/post"}],"author":[{"embeddable":true,"href":"https:\/\/fundaciosetba.org\/es\/wp-json\/wp\/v2\/users\/1"}],"replies":[{"embeddable":true,"href":"https:\/\/fundaciosetba.org\/es\/wp-json\/wp\/v2\/comments?post=39670"}],"version-history":[{"count":1,"href":"https:\/\/fundaciosetba.org\/es\/wp-json\/wp\/v2\/posts\/39670\/revisions"}],"predecessor-version":[{"id":39671,"href":"https:\/\/fundaciosetba.org\/es\/wp-json\/wp\/v2\/posts\/39670\/revisions\/39671"}],"wp:featuredmedia":[{"embeddable":true,"href":"https:\/\/fundaciosetba.org\/es\/wp-json\/wp\/v2\/media\/39665"}],"wp:attachment":[{"href":"https:\/\/fundaciosetba.org\/es\/wp-json\/wp\/v2\/media?parent=39670"}],"wp:term":[{"taxonomy":"category","embeddable":true,"href":"https:\/\/fundaciosetba.org\/es\/wp-json\/wp\/v2\/categories?post=39670"},{"taxonomy":"post_tag","embeddable":true,"href":"https:\/\/fundaciosetba.org\/es\/wp-json\/wp\/v2\/tags?post=39670"}],"curies":[{"name":"wp","href":"https:\/\/api.w.org\/{rel}","templated":true}]}}