{"id":39895,"date":"2025-07-16T15:39:28","date_gmt":"2025-07-16T14:39:28","guid":{"rendered":"https:\/\/fundaciosetba.org\/la-fotografa-lurdes-r-basoli-imparte-una-masterclass-en-los-centros-penitenciarios-de-ponent-y-wad-ras\/"},"modified":"2025-11-24T10:50:53","modified_gmt":"2025-11-24T09:50:53","slug":"la-fotografa-lurdes-r-basoli-imparte-una-masterclass-en-los-centros-penitenciarios-de-ponent-y-wad-ras","status":"publish","type":"post","link":"https:\/\/fundaciosetba.org\/es\/la-fotografa-lurdes-r-basoli-imparte-una-masterclass-en-los-centros-penitenciarios-de-ponent-y-wad-ras\/","title":{"rendered":"La fot\u00f3grafa Lurdes R. Basol\u00ed imparte una masterclass en los centros penitenciarios de Ponent y Wad-Ras"},"content":{"rendered":"<p>La fot\u00f3grafa <strong>Lurdes R. Basol\u00ed ha compartido su experiencia y trayectoria con las participantes del proyecto <em data-start=\"415\" data-end=\"439\">Traspasando el objetivo,<\/em><\/strong> liderado por la artista Marta F\u00e0bregas, a trav\u00e9s de una clase magistral y dos mentor\u00edas personalizadas en los centros penitenciarios de Ponent (Lleida) y Wad-Ras (Barcelona), respectivamente.<\/p>\n<p>Durante las sesiones, Basol\u00ed <strong>present\u00f3 su trabajo <em>La sucursal del cielo<\/em><\/strong> , un proyecto documental realizado en Caracas entre 2007 y 2009, por el que recibi\u00f3 el prestigioso <strong>Premio Inge Morath de la Magnum Foundation<\/strong> \u2014siendo la primera fot\u00f3grafa espa\u00f1ola en conseguir este galard\u00f3n. En este trabajo, la artista aborda la violencia callejera desde una \u00f3ptica \u00edntima y respetuosa, poniendo rostro en las historias que a menudo permanecen escondidas. <\/p>\n<p>Una de las im\u00e1genes m\u00e1s impactantes que comparti\u00f3 con el grupo es el retrato de Yamil\u00e9, una joven venezolana marcada por la violencia familiar y comunitaria. Su mirada, captada con una profundidad sobrecogedora, gener\u00f3 una reflexi\u00f3n colectiva sobre la supervivencia, la resiliencia y la potencia simb\u00f3lica de la fotograf\u00eda. Esta obra permiti\u00f3 abrir un debate honesto sobre los l\u00edmites del fotoperiodismo, el papel de la imagen en la representaci\u00f3n del trauma y la necesidad de narrativas m\u00e1s abiertas y menos dicot\u00f3micas.  <\/p>\n<div class=\"w-gallery fit_cover wp_gallery type_grid action_popup_image ratio_1x1 count_3\" style=\"--columns:3;--items-gap:8px;\"><div class=\"w-gallery-list\"><div class=\"w-gallery-item\"><div class=\"w-gallery-item-img\"><img loading=\"lazy\" decoding=\"async\" width=\"300\" height=\"300\" src=\"https:\/\/fundaciosetba.org\/wp-content\/uploads\/2025\/07\/Silvia-Molina-Molina_WadRas-2025-25-300x300.jpg\" class=\"attachment-woocommerce_thumbnail size-woocommerce_thumbnail\" alt=\"\" srcset=\"https:\/\/fundaciosetba.org\/wp-content\/uploads\/2025\/07\/Silvia-Molina-Molina_WadRas-2025-25-300x300.jpg 300w, https:\/\/fundaciosetba.org\/wp-content\/uploads\/2025\/07\/Silvia-Molina-Molina_WadRas-2025-25-150x150.jpg 150w\" sizes=\"auto, (max-width: 300px) 100vw, 300px\" \/><\/div><a class=\"w-gallery-item-link\" aria-label=\"Silvia Molina Molina_WadRas 2025 (25)\" href=\"https:\/\/fundaciosetba.org\/wp-content\/uploads\/2025\/07\/Silvia-Molina-Molina_WadRas-2025-25.jpg\" title=\"Silvia Molina Molina_WadRas 2025 (25)\"><\/a><\/div><div class=\"w-gallery-item\"><div class=\"w-gallery-item-img\"><img loading=\"lazy\" decoding=\"async\" width=\"300\" height=\"300\" src=\"https:\/\/fundaciosetba.org\/wp-content\/uploads\/2025\/07\/Silvia-Molina-Molina_WadRas-2025-27-300x300.jpg\" class=\"attachment-woocommerce_thumbnail size-woocommerce_thumbnail\" alt=\"\" srcset=\"https:\/\/fundaciosetba.org\/wp-content\/uploads\/2025\/07\/Silvia-Molina-Molina_WadRas-2025-27-300x300.jpg 300w, https:\/\/fundaciosetba.org\/wp-content\/uploads\/2025\/07\/Silvia-Molina-Molina_WadRas-2025-27-150x150.jpg 150w\" sizes=\"auto, (max-width: 300px) 100vw, 300px\" \/><\/div><a class=\"w-gallery-item-link\" aria-label=\"Silvia Molina Molina_WadRas 2025 (27)\" href=\"https:\/\/fundaciosetba.org\/wp-content\/uploads\/2025\/07\/Silvia-Molina-Molina_WadRas-2025-27.jpg\" title=\"Silvia Molina Molina_WadRas 2025 (27)\"><\/a><\/div><div class=\"w-gallery-item\"><div class=\"w-gallery-item-img\"><img loading=\"lazy\" decoding=\"async\" width=\"300\" height=\"300\" src=\"https:\/\/fundaciosetba.org\/wp-content\/uploads\/2025\/07\/Silvia-Molina-Molina_WadRas-2025-38-300x300.jpg\" class=\"attachment-woocommerce_thumbnail size-woocommerce_thumbnail\" alt=\"\" srcset=\"https:\/\/fundaciosetba.org\/wp-content\/uploads\/2025\/07\/Silvia-Molina-Molina_WadRas-2025-38-300x300.jpg 300w, https:\/\/fundaciosetba.org\/wp-content\/uploads\/2025\/07\/Silvia-Molina-Molina_WadRas-2025-38-150x150.jpg 150w\" sizes=\"auto, (max-width: 300px) 100vw, 300px\" \/><\/div><a class=\"w-gallery-item-link\" aria-label=\"Silvia Molina Molina_WadRas 2025 (38)\" href=\"https:\/\/fundaciosetba.org\/wp-content\/uploads\/2025\/07\/Silvia-Molina-Molina_WadRas-2025-38.jpg\" title=\"Silvia Molina Molina_WadRas 2025 (38)\"><\/a><\/div><\/div><\/div>\n<p>Adem\u00e1s de la masterclass, Basol\u00ed llev\u00f3 a cabo mentor\u00edas individuales con dos de las participantes del proyecto, centradas en la elaboraci\u00f3n de un <strong data-start=\"1988\" data-end=\"2023\">reportaje sobre la resiliencia<\/strong> en los centros penitenciarios Ponent y Wad-Ras, respectivamente. Algunos de estos reportajes de otras mentoras se encuentran en el nuevo fotolibro de la Fundaci\u00f3n:   <a href=\"https:\/\/fundaciosetba.org\/es\/producte\/wad-ras-mujeres-invisibles\/\"><em>Wad-Ras. Mujeres invisibles <\/em><\/a> y se han expuesto en el Festival de Fotograf\u00eda de autor de Sant Cugat: Festival Lum\u00ednic del 30 de mayo al 13 de julio.<\/p>\n<p data-start=\"2226\" data-end=\"2594\">El proyecto Traspasando el objetivo de este a\u00f1o ha finalizado el <strong data-start=\"2236\" data-end=\"2252\">10 de julio<\/strong> , complet\u00e1ndose tanto en Barcelona (Wad-Ras), Sant Esteve Sesrovires (Brians 1) como en Lleida (Ponent). La <strong data-start=\"2416\" data-end=\"2459\">clausura oficial tendr\u00e1 lugar en septiembre<\/strong> , coincidiendo con las <strong data-start=\"2480\" data-end=\"2502\">Fiestas de la Merc\u00e8<\/strong> , con la empapelada de un mural fotogr\u00e1fico realizado por ellas mismas en la <span>Biblioteca Xavier Benguerel y en el Archivo Municipal de Sant Mart\u00ed.<\/span> <\/p>\n<div class=\"w-gallery fit_cover wp_gallery type_grid action_popup_image ratio_1x1 count_10\" style=\"--columns:3;--items-gap:8px;\"><div class=\"w-gallery-list\"><div class=\"w-gallery-item\"><div class=\"w-gallery-item-img\"><img loading=\"lazy\" decoding=\"async\" width=\"300\" height=\"300\" src=\"https:\/\/fundaciosetba.org\/wp-content\/uploads\/2025\/07\/Silvia-Molina-Molina_WadRas-2025-6-300x300.jpg\" class=\"attachment-woocommerce_thumbnail size-woocommerce_thumbnail\" alt=\"\" srcset=\"https:\/\/fundaciosetba.org\/wp-content\/uploads\/2025\/07\/Silvia-Molina-Molina_WadRas-2025-6-300x300.jpg 300w, https:\/\/fundaciosetba.org\/wp-content\/uploads\/2025\/07\/Silvia-Molina-Molina_WadRas-2025-6-150x150.jpg 150w\" sizes=\"auto, (max-width: 300px) 100vw, 300px\" \/><\/div><a class=\"w-gallery-item-link\" aria-label=\"Silvia Molina Molina_WadRas 2025 (6)\" href=\"https:\/\/fundaciosetba.org\/wp-content\/uploads\/2025\/07\/Silvia-Molina-Molina_WadRas-2025-6.jpg\" title=\"Silvia Molina Molina_WadRas 2025 (6)\"><\/a><\/div><div class=\"w-gallery-item\"><div class=\"w-gallery-item-img\"><img loading=\"lazy\" decoding=\"async\" width=\"300\" height=\"300\" src=\"https:\/\/fundaciosetba.org\/wp-content\/uploads\/2025\/07\/Silvia-Molina-Molina_WadRas-2025-12-300x300.jpg\" class=\"attachment-woocommerce_thumbnail size-woocommerce_thumbnail\" alt=\"\" srcset=\"https:\/\/fundaciosetba.org\/wp-content\/uploads\/2025\/07\/Silvia-Molina-Molina_WadRas-2025-12-300x300.jpg 300w, https:\/\/fundaciosetba.org\/wp-content\/uploads\/2025\/07\/Silvia-Molina-Molina_WadRas-2025-12-150x150.jpg 150w\" sizes=\"auto, (max-width: 300px) 100vw, 300px\" \/><\/div><a class=\"w-gallery-item-link\" aria-label=\"Silvia Molina Molina_WadRas 2025 (12)\" href=\"https:\/\/fundaciosetba.org\/wp-content\/uploads\/2025\/07\/Silvia-Molina-Molina_WadRas-2025-12.jpg\" title=\"Silvia Molina Molina_WadRas 2025 (12)\"><\/a><\/div><div class=\"w-gallery-item\"><div class=\"w-gallery-item-img\"><img loading=\"lazy\" decoding=\"async\" width=\"300\" height=\"300\" src=\"https:\/\/fundaciosetba.org\/wp-content\/uploads\/2025\/07\/Silvia-Molina-Molina_WadRas-2025-19-300x300.jpg\" class=\"attachment-woocommerce_thumbnail size-woocommerce_thumbnail\" alt=\"\" srcset=\"https:\/\/fundaciosetba.org\/wp-content\/uploads\/2025\/07\/Silvia-Molina-Molina_WadRas-2025-19-300x300.jpg 300w, https:\/\/fundaciosetba.org\/wp-content\/uploads\/2025\/07\/Silvia-Molina-Molina_WadRas-2025-19-150x150.jpg 150w\" sizes=\"auto, (max-width: 300px) 100vw, 300px\" \/><\/div><a class=\"w-gallery-item-link\" aria-label=\"Silvia Molina Molina_WadRas 2025 (19)\" href=\"https:\/\/fundaciosetba.org\/wp-content\/uploads\/2025\/07\/Silvia-Molina-Molina_WadRas-2025-19.jpg\" title=\"Silvia Molina Molina_WadRas 2025 (19)\"><\/a><\/div><div class=\"w-gallery-item\"><div class=\"w-gallery-item-img\"><img loading=\"lazy\" decoding=\"async\" width=\"300\" height=\"300\" src=\"https:\/\/fundaciosetba.org\/wp-content\/uploads\/2025\/07\/Silvia-Molina-Molina_WadRas-2025-53-300x300.jpg\" class=\"attachment-woocommerce_thumbnail size-woocommerce_thumbnail\" alt=\"\" srcset=\"https:\/\/fundaciosetba.org\/wp-content\/uploads\/2025\/07\/Silvia-Molina-Molina_WadRas-2025-53-300x300.jpg 300w, https:\/\/fundaciosetba.org\/wp-content\/uploads\/2025\/07\/Silvia-Molina-Molina_WadRas-2025-53-150x150.jpg 150w\" sizes=\"auto, (max-width: 300px) 100vw, 300px\" \/><\/div><a class=\"w-gallery-item-link\" aria-label=\"Silvia Molina Molina_WadRas 2025 (53)\" href=\"https:\/\/fundaciosetba.org\/wp-content\/uploads\/2025\/07\/Silvia-Molina-Molina_WadRas-2025-53.jpg\" title=\"Silvia Molina Molina_WadRas 2025 (53)\"><\/a><\/div><div class=\"w-gallery-item\"><div class=\"w-gallery-item-img\"><img loading=\"lazy\" decoding=\"async\" width=\"300\" height=\"300\" src=\"https:\/\/fundaciosetba.org\/wp-content\/uploads\/2025\/07\/Silvia-Molina-Molina_WadRas-2025-60-300x300.jpg\" class=\"attachment-woocommerce_thumbnail size-woocommerce_thumbnail\" alt=\"\" srcset=\"https:\/\/fundaciosetba.org\/wp-content\/uploads\/2025\/07\/Silvia-Molina-Molina_WadRas-2025-60-300x300.jpg 300w, https:\/\/fundaciosetba.org\/wp-content\/uploads\/2025\/07\/Silvia-Molina-Molina_WadRas-2025-60-150x150.jpg 150w\" sizes=\"auto, (max-width: 300px) 100vw, 300px\" \/><\/div><a class=\"w-gallery-item-link\" aria-label=\"Silvia Molina Molina_WadRas 2025 (60)\" href=\"https:\/\/fundaciosetba.org\/wp-content\/uploads\/2025\/07\/Silvia-Molina-Molina_WadRas-2025-60.jpg\" title=\"Silvia Molina Molina_WadRas 2025 (60)\"><\/a><\/div><div class=\"w-gallery-item\"><div class=\"w-gallery-item-img\"><img loading=\"lazy\" decoding=\"async\" width=\"300\" height=\"300\" src=\"https:\/\/fundaciosetba.org\/wp-content\/uploads\/2025\/07\/Silvia-Molina-Molina_WadRas-2025-48-300x300.jpg\" class=\"attachment-woocommerce_thumbnail size-woocommerce_thumbnail\" alt=\"\" srcset=\"https:\/\/fundaciosetba.org\/wp-content\/uploads\/2025\/07\/Silvia-Molina-Molina_WadRas-2025-48-300x300.jpg 300w, https:\/\/fundaciosetba.org\/wp-content\/uploads\/2025\/07\/Silvia-Molina-Molina_WadRas-2025-48-150x150.jpg 150w\" sizes=\"auto, (max-width: 300px) 100vw, 300px\" \/><\/div><a class=\"w-gallery-item-link\" aria-label=\"Silvia Molina Molina_WadRas 2025 (48)\" href=\"https:\/\/fundaciosetba.org\/wp-content\/uploads\/2025\/07\/Silvia-Molina-Molina_WadRas-2025-48.jpg\" title=\"Silvia Molina Molina_WadRas 2025 (48)\"><\/a><\/div><div class=\"w-gallery-item\"><div class=\"w-gallery-item-img\"><img loading=\"lazy\" decoding=\"async\" width=\"300\" height=\"300\" src=\"https:\/\/fundaciosetba.org\/wp-content\/uploads\/2025\/07\/Silvia-Molina-Molina_WadRas-2025-45-300x300.jpg\" class=\"attachment-woocommerce_thumbnail size-woocommerce_thumbnail\" alt=\"\" srcset=\"https:\/\/fundaciosetba.org\/wp-content\/uploads\/2025\/07\/Silvia-Molina-Molina_WadRas-2025-45-300x300.jpg 300w, https:\/\/fundaciosetba.org\/wp-content\/uploads\/2025\/07\/Silvia-Molina-Molina_WadRas-2025-45-150x150.jpg 150w\" sizes=\"auto, (max-width: 300px) 100vw, 300px\" \/><\/div><a class=\"w-gallery-item-link\" aria-label=\"Silvia Molina Molina_WadRas 2025 (45)\" href=\"https:\/\/fundaciosetba.org\/wp-content\/uploads\/2025\/07\/Silvia-Molina-Molina_WadRas-2025-45.jpg\" title=\"Silvia Molina Molina_WadRas 2025 (45)\"><\/a><\/div><div class=\"w-gallery-item\"><div class=\"w-gallery-item-img\"><img loading=\"lazy\" decoding=\"async\" width=\"300\" height=\"300\" src=\"https:\/\/fundaciosetba.org\/wp-content\/uploads\/2025\/07\/Silvia-Molina-Molina_WadRas-2025-23-300x300.jpg\" class=\"attachment-woocommerce_thumbnail size-woocommerce_thumbnail\" alt=\"\" srcset=\"https:\/\/fundaciosetba.org\/wp-content\/uploads\/2025\/07\/Silvia-Molina-Molina_WadRas-2025-23-300x300.jpg 300w, https:\/\/fundaciosetba.org\/wp-content\/uploads\/2025\/07\/Silvia-Molina-Molina_WadRas-2025-23-150x150.jpg 150w\" sizes=\"auto, (max-width: 300px) 100vw, 300px\" \/><\/div><a class=\"w-gallery-item-link\" aria-label=\"Silvia Molina Molina_WadRas 2025 (23)\" href=\"https:\/\/fundaciosetba.org\/wp-content\/uploads\/2025\/07\/Silvia-Molina-Molina_WadRas-2025-23.jpg\" title=\"Silvia Molina Molina_WadRas 2025 (23)\"><\/a><\/div><div class=\"w-gallery-item\"><div class=\"w-gallery-item-img\"><img loading=\"lazy\" decoding=\"async\" width=\"300\" height=\"300\" src=\"https:\/\/fundaciosetba.org\/wp-content\/uploads\/2025\/07\/Silvia-Molina-Molina_WadRas-2025-68-300x300.jpg\" class=\"attachment-woocommerce_thumbnail size-woocommerce_thumbnail\" alt=\"\" srcset=\"https:\/\/fundaciosetba.org\/wp-content\/uploads\/2025\/07\/Silvia-Molina-Molina_WadRas-2025-68-300x300.jpg 300w, https:\/\/fundaciosetba.org\/wp-content\/uploads\/2025\/07\/Silvia-Molina-Molina_WadRas-2025-68-150x150.jpg 150w\" sizes=\"auto, (max-width: 300px) 100vw, 300px\" \/><\/div><a class=\"w-gallery-item-link\" aria-label=\"Silvia Molina Molina_WadRas 2025 (68)\" href=\"https:\/\/fundaciosetba.org\/wp-content\/uploads\/2025\/07\/Silvia-Molina-Molina_WadRas-2025-68-scaled.jpg\" title=\"Silvia Molina Molina_WadRas 2025 (68)\"><\/a><\/div><div class=\"w-gallery-item\"><div class=\"w-gallery-item-img\"><img loading=\"lazy\" decoding=\"async\" width=\"300\" height=\"300\" src=\"https:\/\/fundaciosetba.org\/wp-content\/uploads\/2025\/07\/Silvia-Molina-Molina_WadRas-2025-73-300x300.jpg\" class=\"attachment-woocommerce_thumbnail size-woocommerce_thumbnail\" alt=\"\" srcset=\"https:\/\/fundaciosetba.org\/wp-content\/uploads\/2025\/07\/Silvia-Molina-Molina_WadRas-2025-73-300x300.jpg 300w, https:\/\/fundaciosetba.org\/wp-content\/uploads\/2025\/07\/Silvia-Molina-Molina_WadRas-2025-73-150x150.jpg 150w\" sizes=\"auto, (max-width: 300px) 100vw, 300px\" \/><\/div><a class=\"w-gallery-item-link\" aria-label=\"Silvia Molina Molina_WadRas 2025 (73)\" href=\"https:\/\/fundaciosetba.org\/wp-content\/uploads\/2025\/07\/Silvia-Molina-Molina_WadRas-2025-73-scaled.jpg\" title=\"Silvia Molina Molina_WadRas 2025 (73)\"><\/a><\/div><\/div><\/div>\n<p data-start=\"2596\" data-end=\"3143\"><strong data-start=\"2596\" data-end=\"2823\">Esta colaboraci\u00f3n se enmarca dentro del compromiso de <em data-start=\"2652\" data-end=\"2676\">Traspassant el objetivo<\/em> para ofrecer referentes profesionales y espacios de aprendizaje que ayuden a las participantes a construir su relato propio a trav\u00e9s de la fotograf\u00eda.<\/strong> Lurdes R. Basol\u00ed se suma as\u00ed a la red de fot\u00f3grafas que han colaborado con el proyecto en ediciones anteriores, como <strong data-start=\"2942\" data-end=\"2960\">Marta F\u00e0bregas<\/strong> , <strong data-start=\"2962\" data-end=\"2981\">Sandra Balsells<\/strong> (Premio Ortega y Gasset 2006), <strong data-start=\"3012\" data-end=\"3027\">Tanit Plana<\/strong> (Premio ENAIRE 2025 <strong data-start=\"3092\" data-end=\"3106\">)<\/strong> , <strong data-start=\"3049\" data-end=\"3071\">Laura G\u00e1lvez-Rhein<\/strong> , <strong data-start=\"3073\" data-end=\"3089\">Iolanda Seb\u00e9 i Laia Abril (Premio Nacional de Fotograf\u00eda 2023).<\/strong><\/p>\n<p data-start=\"2596\" data-end=\"3143\"><em>Fotograf\u00edas de Silvia Molina Molina<\/em><\/p>\n","protected":false},"excerpt":{"rendered":"<p>La fot\u00f3grafa Lurdes R. Basol\u00ed ha impartido una clase magistrales y dos mentor\u00edas personalizadas en los centros penitenciarios Ponent (Lleida) y Wad-Ras (Barcelona), a trav\u00e9s del proyecto Traspassant el objectiu.<\/p>\n","protected":false},"author":1,"featured_media":39738,"comment_status":"closed","ping_status":"closed","sticky":false,"template":"","format":"standard","meta":{"footnotes":""},"categories":[1350],"tags":[],"class_list":["post-39895","post","type-post","status-publish","format-standard","has-post-thumbnail","hentry","category-traspasando-el-objetivo-es"],"_links":{"self":[{"href":"https:\/\/fundaciosetba.org\/es\/wp-json\/wp\/v2\/posts\/39895","targetHints":{"allow":["GET"]}}],"collection":[{"href":"https:\/\/fundaciosetba.org\/es\/wp-json\/wp\/v2\/posts"}],"about":[{"href":"https:\/\/fundaciosetba.org\/es\/wp-json\/wp\/v2\/types\/post"}],"author":[{"embeddable":true,"href":"https:\/\/fundaciosetba.org\/es\/wp-json\/wp\/v2\/users\/1"}],"replies":[{"embeddable":true,"href":"https:\/\/fundaciosetba.org\/es\/wp-json\/wp\/v2\/comments?post=39895"}],"version-history":[{"count":2,"href":"https:\/\/fundaciosetba.org\/es\/wp-json\/wp\/v2\/posts\/39895\/revisions"}],"predecessor-version":[{"id":40504,"href":"https:\/\/fundaciosetba.org\/es\/wp-json\/wp\/v2\/posts\/39895\/revisions\/40504"}],"wp:featuredmedia":[{"embeddable":true,"href":"https:\/\/fundaciosetba.org\/es\/wp-json\/wp\/v2\/media\/39738"}],"wp:attachment":[{"href":"https:\/\/fundaciosetba.org\/es\/wp-json\/wp\/v2\/media?parent=39895"}],"wp:term":[{"taxonomy":"category","embeddable":true,"href":"https:\/\/fundaciosetba.org\/es\/wp-json\/wp\/v2\/categories?post=39895"},{"taxonomy":"post_tag","embeddable":true,"href":"https:\/\/fundaciosetba.org\/es\/wp-json\/wp\/v2\/tags?post=39895"}],"curies":[{"name":"wp","href":"https:\/\/api.w.org\/{rel}","templated":true}]}}