{"id":40202,"date":"2025-10-23T16:37:31","date_gmt":"2025-10-23T15:37:31","guid":{"rendered":"https:\/\/fundaciosetba.org\/el-arte-como-punto-de-equilibrio-entre-cultura-y-salud\/"},"modified":"2025-11-24T10:44:25","modified_gmt":"2025-11-24T09:44:25","slug":"el-arte-como-punto-de-equilibrio-entre-cultura-y-salud","status":"publish","type":"post","link":"https:\/\/fundaciosetba.org\/es\/el-arte-como-punto-de-equilibrio-entre-cultura-y-salud\/","title":{"rendered":"El arte como punto de equilibrio entre cultura y salud"},"content":{"rendered":"<p data-start=\"419\" data-end=\"724\">En el marco del Healing Arts Barcelona, la Fundaci\u00f3n Setba ha organizado en Avi\u00f1\u00f3n una acci\u00f3n de concienciaci\u00f3n social con la colaboraci\u00f3n del Ayuntamiento. La actividad se ha llevado a cabo en un espacio especialmente simb\u00f3lico, la plaza situada entre la Biblioteca y el JEFE, un punto de encuentro perfecto entre <strong>cultura y salud.<\/strong> <\/p>\n<p data-start=\"726\" data-end=\"1293\">El acto ha empezado con la bienvenida de la <strong data-start=\"769\" data-end=\"801\">Regidora de Cultura de Avi\u00f1\u00f3n<\/strong>, seguida de la intervenci\u00f3n de <strong data-start=\"832\" data-end=\"852\">Cristina Sampere<\/strong>, directora de la Fundaci\u00f3n Setba, que ha presentado el programa internacional <em data-start=\"929\" data-end=\"953\">Healing Arts Barcelona,<\/em> destacando su lema: <em data-start=\"978\" data-end=\"1021\">Las artes nos cuidan. La cultura es salud. <\/em><br data-start=\"1021\" data-end=\"1024\">A continuaci\u00f3n, <strong data-start=\"1036\" data-end=\"1049\">Quim Moya<\/strong>, artista y director del proyecto<em data-start=\"1083\" data-end=\"1102\"> Natura es Cultura<\/em>, ha reflexionado sobre la importancia de encontrar el equilibrio en la vida y de expresar aquello que sentimos: \u201ccuando las emociones no se expresan, se estancan, como el agua de un r\u00edo que deja de correr\u201d.<\/p>\n<div class=\"w-gallery fit_cover wp_gallery type_grid action_popup_image ratio_1x1 count_3\" style=\"--columns:3;--items-gap:8px;\"><div class=\"w-gallery-list\"><div class=\"w-gallery-item\"><div class=\"w-gallery-item-img\"><img loading=\"lazy\" decoding=\"async\" width=\"960\" height=\"1280\" src=\"https:\/\/fundaciosetba.org\/wp-content\/uploads\/2025\/10\/photo_6037528248201186524_y.jpg\" class=\"attachment-full size-full\" alt=\"\" srcset=\"https:\/\/fundaciosetba.org\/wp-content\/uploads\/2025\/10\/photo_6037528248201186524_y.jpg 960w, https:\/\/fundaciosetba.org\/wp-content\/uploads\/2025\/10\/photo_6037528248201186524_y-225x300.jpg 225w, https:\/\/fundaciosetba.org\/wp-content\/uploads\/2025\/10\/photo_6037528248201186524_y-768x1024.jpg 768w, https:\/\/fundaciosetba.org\/wp-content\/uploads\/2025\/10\/photo_6037528248201186524_y-75x100.jpg 75w, https:\/\/fundaciosetba.org\/wp-content\/uploads\/2025\/10\/photo_6037528248201186524_y-300x400.jpg 300w, https:\/\/fundaciosetba.org\/wp-content\/uploads\/2025\/10\/photo_6037528248201186524_y-600x800.jpg 600w\" sizes=\"auto, (max-width: 960px) 100vw, 960px\" \/><\/div><a class=\"w-gallery-item-link\" aria-label=\"photo_6037528248201186524_y\" href=\"https:\/\/fundaciosetba.org\/wp-content\/uploads\/2025\/10\/photo_6037528248201186524_y.jpg\" title=\"photo_6037528248201186524_y\"><\/a><\/div><div class=\"w-gallery-item\"><div class=\"w-gallery-item-img\"><img loading=\"lazy\" decoding=\"async\" width=\"960\" height=\"1280\" src=\"https:\/\/fundaciosetba.org\/wp-content\/uploads\/2025\/10\/photo_6037528248201186602_y.jpg\" class=\"attachment-full size-full\" alt=\"\" srcset=\"https:\/\/fundaciosetba.org\/wp-content\/uploads\/2025\/10\/photo_6037528248201186602_y.jpg 960w, https:\/\/fundaciosetba.org\/wp-content\/uploads\/2025\/10\/photo_6037528248201186602_y-225x300.jpg 225w, https:\/\/fundaciosetba.org\/wp-content\/uploads\/2025\/10\/photo_6037528248201186602_y-768x1024.jpg 768w, https:\/\/fundaciosetba.org\/wp-content\/uploads\/2025\/10\/photo_6037528248201186602_y-75x100.jpg 75w, https:\/\/fundaciosetba.org\/wp-content\/uploads\/2025\/10\/photo_6037528248201186602_y-300x400.jpg 300w, https:\/\/fundaciosetba.org\/wp-content\/uploads\/2025\/10\/photo_6037528248201186602_y-600x800.jpg 600w\" sizes=\"auto, (max-width: 960px) 100vw, 960px\" \/><\/div><a class=\"w-gallery-item-link\" aria-label=\"photo_6037528248201186602_y\" href=\"https:\/\/fundaciosetba.org\/wp-content\/uploads\/2025\/10\/photo_6037528248201186602_y.jpg\" title=\"photo_6037528248201186602_y\"><\/a><\/div><div class=\"w-gallery-item\"><div class=\"w-gallery-item-img\"><img loading=\"lazy\" decoding=\"async\" width=\"960\" height=\"1280\" src=\"https:\/\/fundaciosetba.org\/wp-content\/uploads\/2025\/10\/photo_6037528248201186567_y.jpg\" class=\"attachment-full size-full\" alt=\"\" srcset=\"https:\/\/fundaciosetba.org\/wp-content\/uploads\/2025\/10\/photo_6037528248201186567_y.jpg 960w, https:\/\/fundaciosetba.org\/wp-content\/uploads\/2025\/10\/photo_6037528248201186567_y-225x300.jpg 225w, https:\/\/fundaciosetba.org\/wp-content\/uploads\/2025\/10\/photo_6037528248201186567_y-768x1024.jpg 768w, https:\/\/fundaciosetba.org\/wp-content\/uploads\/2025\/10\/photo_6037528248201186567_y-75x100.jpg 75w, https:\/\/fundaciosetba.org\/wp-content\/uploads\/2025\/10\/photo_6037528248201186567_y-300x400.jpg 300w, https:\/\/fundaciosetba.org\/wp-content\/uploads\/2025\/10\/photo_6037528248201186567_y-600x800.jpg 600w\" sizes=\"auto, (max-width: 960px) 100vw, 960px\" \/><\/div><a class=\"w-gallery-item-link\" aria-label=\"photo_6037528248201186567_y\" href=\"https:\/\/fundaciosetba.org\/wp-content\/uploads\/2025\/10\/photo_6037528248201186567_y.jpg\" title=\"photo_6037528248201186567_y\"><\/a><\/div><\/div><\/div>\n<h3 data-start=\"1295\" data-end=\"1347\">La instalaci\u00f3n \u201cEquilibrio\u201d<\/h3>\n<p data-start=\"1349\" data-end=\"1703\">El eje central del acto ha sido la instalaci\u00f3n \u201c<strong data-start=\"1488\" data-end=\"1509\">Equilibrio<\/strong>\u201d, creada durante la estancia art\u00edstica del proyecto <em data-start=\"1461\" data-end=\"1480\">Natura es Cultura<\/em> 2025 en <strong data-start=\"1595\" data-end=\"1702\">Cal Gras (Avi\u00f1\u00f3n)<\/strong>, bajo la direcci\u00f3n de Quim Moya y con la participaci\u00f3n de las entidades de salud mental <strong data-start=\"1398\" data-end=\"1413\">Fundaci\u00f3 Els Tres Turons, Fundaci\u00f3 Centre de Formaci\u00f3 i Prevenci\u00f3, CPB Serveis Salut Mental y Osonament.<\/strong><\/p>\n<p data-start=\"1705\" data-end=\"2172\">Esta obra, hecho con <strong data-start=\"1728\" data-end=\"1750\">materiales naturales<\/strong> e inspirada en la serenidad y la investigaci\u00f3n de armon\u00eda interior, ha tomado forma definitiva gracias a la colaboraci\u00f3n del <strong data-start=\"1866\" data-end=\"1899\">alumnado de la Escuela Barnola<\/strong>. Juntos, alumnos y participantes de las entidades, han colgado los m\u00f3viles que forman parte de la pieza, buscando el punto justo de equilibrio porque todo se mantuviera estable. <\/p>\n<p data-start=\"1705\" data-end=\"2172\">Un gesto colectivo que simboliza la importancia del<strong data-start=\"2118\" data-end=\"2172\"> equilibrio vital entre nuestras emociones y nuestro entorno.<\/strong><\/p>\n<div class=\"w-gallery fit_cover wp_gallery type_grid action_popup_image ratio_1x1 count_2\" style=\"--columns:2;--items-gap:8px;\"><div class=\"w-gallery-list\"><div class=\"w-gallery-item\"><div class=\"w-gallery-item-img\"><img loading=\"lazy\" decoding=\"async\" width=\"781\" height=\"1041\" src=\"https:\/\/fundaciosetba.org\/wp-content\/uploads\/2025\/10\/DTDF.jpg\" class=\"attachment-full size-full\" alt=\"\" srcset=\"https:\/\/fundaciosetba.org\/wp-content\/uploads\/2025\/10\/DTDF.jpg 781w, https:\/\/fundaciosetba.org\/wp-content\/uploads\/2025\/10\/DTDF-225x300.jpg 225w, https:\/\/fundaciosetba.org\/wp-content\/uploads\/2025\/10\/DTDF-768x1024.jpg 768w, https:\/\/fundaciosetba.org\/wp-content\/uploads\/2025\/10\/DTDF-75x100.jpg 75w, https:\/\/fundaciosetba.org\/wp-content\/uploads\/2025\/10\/DTDF-300x400.jpg 300w, https:\/\/fundaciosetba.org\/wp-content\/uploads\/2025\/10\/DTDF-600x800.jpg 600w\" sizes=\"auto, (max-width: 781px) 100vw, 781px\" \/><\/div><a class=\"w-gallery-item-link\" aria-label=\"DTDF\" href=\"https:\/\/fundaciosetba.org\/wp-content\/uploads\/2025\/10\/DTDF.jpg\" title=\"DTDF\"><\/a><\/div><div class=\"w-gallery-item\"><div class=\"w-gallery-item-img\"><img loading=\"lazy\" decoding=\"async\" width=\"960\" height=\"1280\" src=\"https:\/\/fundaciosetba.org\/wp-content\/uploads\/2025\/10\/photo_6037528248201186510_y.jpg\" class=\"attachment-full size-full\" alt=\"\" srcset=\"https:\/\/fundaciosetba.org\/wp-content\/uploads\/2025\/10\/photo_6037528248201186510_y.jpg 960w, https:\/\/fundaciosetba.org\/wp-content\/uploads\/2025\/10\/photo_6037528248201186510_y-225x300.jpg 225w, https:\/\/fundaciosetba.org\/wp-content\/uploads\/2025\/10\/photo_6037528248201186510_y-768x1024.jpg 768w, https:\/\/fundaciosetba.org\/wp-content\/uploads\/2025\/10\/photo_6037528248201186510_y-75x100.jpg 75w, https:\/\/fundaciosetba.org\/wp-content\/uploads\/2025\/10\/photo_6037528248201186510_y-300x400.jpg 300w, https:\/\/fundaciosetba.org\/wp-content\/uploads\/2025\/10\/photo_6037528248201186510_y-600x800.jpg 600w\" sizes=\"auto, (max-width: 960px) 100vw, 960px\" \/><\/div><a class=\"w-gallery-item-link\" aria-label=\"photo_6037528248201186510_y\" href=\"https:\/\/fundaciosetba.org\/wp-content\/uploads\/2025\/10\/photo_6037528248201186510_y.jpg\" title=\"photo_6037528248201186510_y\"><\/a><\/div><\/div><\/div>\n<h3 data-start=\"2174\" data-end=\"2221\">Ponemos rostro a la correspondencia art\u00edstica<\/h3>\n<p data-start=\"2223\" data-end=\"2619\">Despu\u00e9s de la instalaci\u00f3n, ha tenido lugar un momento muy especial: la e<strong data-start=\"2294\" data-end=\"2326\">ntrega de las rebanadas<\/strong>. Hasta ahora, los alumnos y las personas de las entidades solo se conoc\u00edan a trav\u00e9s de c<strong data-start=\"2412\" data-end=\"2446\">artas y creaciones pict\u00f3ricas<\/strong> intercambiadas dentro de la actividad de <em data-start=\"2482\" data-end=\"2509\">Correspondencia art\u00edstica<\/em>. Por primera vez, <strong data-start=\"2527\" data-end=\"2554\">han podido ponerse cara,<\/strong> compartir emociones y explicar el significado de sus obras.  <\/p>\n<p data-start=\"2621\" data-end=\"2882\">Este encuentro ha permitido que los j\u00f3venes entendieran mejor el sentido de cada rebanada y el que quer\u00edan expresar las personas que las hab\u00edan pintado: una experiencia <strong data-start=\"2784\" data-end=\"2825\">emocionante, emp\u00e1tica y transformadora<\/strong> que refuerza los valores del proyecto <em data-start=\"2862\" data-end=\"2881\">Natura es Cultura<\/em>.<\/p>\n<div class=\"w-gallery fit_cover wp_gallery type_grid action_popup_image ratio_1x1 count_4\" style=\"--columns:4;--items-gap:8px;\"><div class=\"w-gallery-list\"><div class=\"w-gallery-item\"><div class=\"w-gallery-item-img\"><img loading=\"lazy\" decoding=\"async\" width=\"150\" height=\"150\" src=\"https:\/\/fundaciosetba.org\/wp-content\/uploads\/2025\/10\/photo_6037528248201186516_y-150x150.jpg\" class=\"attachment-thumbnail size-thumbnail\" alt=\"\" srcset=\"https:\/\/fundaciosetba.org\/wp-content\/uploads\/2025\/10\/photo_6037528248201186516_y-150x150.jpg 150w, https:\/\/fundaciosetba.org\/wp-content\/uploads\/2025\/10\/photo_6037528248201186516_y-300x300.jpg 300w\" sizes=\"auto, (max-width: 150px) 100vw, 150px\" \/><\/div><a class=\"w-gallery-item-link\" aria-label=\"photo_6037528248201186516_y\" href=\"https:\/\/fundaciosetba.org\/wp-content\/uploads\/2025\/10\/photo_6037528248201186516_y.jpg\" title=\"photo_6037528248201186516_y\"><\/a><\/div><div class=\"w-gallery-item\"><div class=\"w-gallery-item-img\"><img loading=\"lazy\" decoding=\"async\" width=\"150\" height=\"150\" src=\"https:\/\/fundaciosetba.org\/wp-content\/uploads\/2025\/10\/photo_6037528248201186564_y-150x150.jpg\" class=\"attachment-thumbnail size-thumbnail\" alt=\"\" srcset=\"https:\/\/fundaciosetba.org\/wp-content\/uploads\/2025\/10\/photo_6037528248201186564_y-150x150.jpg 150w, https:\/\/fundaciosetba.org\/wp-content\/uploads\/2025\/10\/photo_6037528248201186564_y-300x300.jpg 300w\" sizes=\"auto, (max-width: 150px) 100vw, 150px\" \/><\/div><a class=\"w-gallery-item-link\" aria-label=\"photo_6037528248201186564_y\" href=\"https:\/\/fundaciosetba.org\/wp-content\/uploads\/2025\/10\/photo_6037528248201186564_y.jpg\" title=\"photo_6037528248201186564_y\"><\/a><\/div><div class=\"w-gallery-item\"><div class=\"w-gallery-item-img\"><img loading=\"lazy\" decoding=\"async\" width=\"150\" height=\"150\" src=\"https:\/\/fundaciosetba.org\/wp-content\/uploads\/2025\/10\/photo_6037528248201186565_y-150x150.jpg\" class=\"attachment-thumbnail size-thumbnail\" alt=\"\" srcset=\"https:\/\/fundaciosetba.org\/wp-content\/uploads\/2025\/10\/photo_6037528248201186565_y-150x150.jpg 150w, https:\/\/fundaciosetba.org\/wp-content\/uploads\/2025\/10\/photo_6037528248201186565_y-300x300.jpg 300w\" sizes=\"auto, (max-width: 150px) 100vw, 150px\" \/><\/div><a class=\"w-gallery-item-link\" aria-label=\"photo_6037528248201186565_y\" href=\"https:\/\/fundaciosetba.org\/wp-content\/uploads\/2025\/10\/photo_6037528248201186565_y.jpg\" title=\"photo_6037528248201186565_y\"><\/a><\/div><div class=\"w-gallery-item\"><div class=\"w-gallery-item-img\"><img loading=\"lazy\" decoding=\"async\" width=\"150\" height=\"150\" src=\"https:\/\/fundaciosetba.org\/wp-content\/uploads\/2025\/10\/photo_6037528248201186584_y-copia-150x150.jpg\" class=\"attachment-thumbnail size-thumbnail\" alt=\"\" srcset=\"https:\/\/fundaciosetba.org\/wp-content\/uploads\/2025\/10\/photo_6037528248201186584_y-copia-150x150.jpg 150w, https:\/\/fundaciosetba.org\/wp-content\/uploads\/2025\/10\/photo_6037528248201186584_y-copia-300x300.jpg 300w\" sizes=\"auto, (max-width: 150px) 100vw, 150px\" \/><\/div><a class=\"w-gallery-item-link\" aria-label=\"photo_6037528248201186584_y - copia\" href=\"https:\/\/fundaciosetba.org\/wp-content\/uploads\/2025\/10\/photo_6037528248201186584_y-copia.jpg\" title=\"photo_6037528248201186584_y - copia\"><\/a><\/div><\/div><\/div>\n<p data-start=\"2916\" data-end=\"3085\">La jornada ha acabado con una <strong data-start=\"2945\" data-end=\"2967\">chocolatada popular<\/strong>, gentileza del Ayuntamiento de Avi\u00f1\u00f3n, que ha servido para cerrar un encuentro lleno de di\u00e1logo, creatividad y convivencia.<\/p>\n<p data-start=\"2916\" data-end=\"3085\">Finalmente, para dar visibilidad al proyecto, hemos dejado dos rebanadas otras ediciones en la Biblioteca y dos en el CAP, acompa\u00f1adas de un cartel que explica la din\u00e1mica de la Correspondencia art\u00edstica, porque todo el mundo pueda conocer esta iniciativa.<\/p>\n<div class=\"w-gallery fit_cover wp_gallery type_grid action_popup_image ratio_1x1 count_2\" style=\"--columns:2;--items-gap:8px;\"><div class=\"w-gallery-list\"><div class=\"w-gallery-item\"><div class=\"w-gallery-item-img\"><img loading=\"lazy\" decoding=\"async\" width=\"960\" height=\"1280\" src=\"https:\/\/fundaciosetba.org\/wp-content\/uploads\/2025\/10\/photo_6037528248201186601_y.jpg\" class=\"attachment-full size-full\" alt=\"\" srcset=\"https:\/\/fundaciosetba.org\/wp-content\/uploads\/2025\/10\/photo_6037528248201186601_y.jpg 960w, https:\/\/fundaciosetba.org\/wp-content\/uploads\/2025\/10\/photo_6037528248201186601_y-225x300.jpg 225w, https:\/\/fundaciosetba.org\/wp-content\/uploads\/2025\/10\/photo_6037528248201186601_y-768x1024.jpg 768w, https:\/\/fundaciosetba.org\/wp-content\/uploads\/2025\/10\/photo_6037528248201186601_y-75x100.jpg 75w, https:\/\/fundaciosetba.org\/wp-content\/uploads\/2025\/10\/photo_6037528248201186601_y-300x400.jpg 300w, https:\/\/fundaciosetba.org\/wp-content\/uploads\/2025\/10\/photo_6037528248201186601_y-600x800.jpg 600w\" sizes=\"auto, (max-width: 960px) 100vw, 960px\" \/><\/div><div class=\"w-gallery-item-meta\"><div class=\"w-gallery-item-title\">Cap de salut<\/div><\/div><a class=\"w-gallery-item-link\" aria-label=\"Cap de salut\" href=\"https:\/\/fundaciosetba.org\/wp-content\/uploads\/2025\/10\/photo_6037528248201186601_y.jpg\" title=\"Cap de salut\"><\/a><\/div><div class=\"w-gallery-item\"><div class=\"w-gallery-item-img\"><img loading=\"lazy\" decoding=\"async\" width=\"960\" height=\"1280\" src=\"https:\/\/fundaciosetba.org\/wp-content\/uploads\/2025\/10\/photo_6037528248201186599_y-e1761232879204.jpg\" class=\"attachment-full size-full\" alt=\"\" \/><\/div><div class=\"w-gallery-item-meta\"><div class=\"w-gallery-item-title\">Biblioteca<\/div><\/div><a class=\"w-gallery-item-link\" aria-label=\"Biblioteca\" href=\"https:\/\/fundaciosetba.org\/wp-content\/uploads\/2025\/10\/photo_6037528248201186599_y-e1761232879204.jpg\" title=\"Biblioteca\"><\/a><\/div><\/div><\/div>\n<p data-start=\"3087\" data-end=\"3324\">Con esta acci\u00f3n, la Fundaci\u00f3n Setba r<strong data-start=\"3109\" data-end=\"3214\">eafirma su compromiso con la cultura como herramienta de bienestar y transformaci\u00f3n social<\/strong>, rompiendo estigmas alrededor de la salud mental y estableciendo puentes entre el arte, la natura y las personas.<\/p>\n","protected":false},"excerpt":{"rendered":"<p>En el marco del Healing Arts Barcelona, se ha celebrado en Avi\u00f1\u00f3n una acci\u00f3n de concienciaci\u00f3n social que ha unido cultura, salud y comunidad. Se ha inaugurado la instalaci\u00f3n \u201cEquilibrio\u201d, creada por entidades de salud mental y el artista Quim Moya con el apoyo de la Escuela Barnola. <\/p>\n","protected":false},"author":1,"featured_media":40206,"comment_status":"closed","ping_status":"closed","sticky":false,"template":"","format":"standard","meta":{"footnotes":""},"categories":[1355],"tags":[],"class_list":["post-40202","post","type-post","status-publish","format-standard","has-post-thumbnail","hentry","category-naturaleza-es-cultura"],"_links":{"self":[{"href":"https:\/\/fundaciosetba.org\/es\/wp-json\/wp\/v2\/posts\/40202","targetHints":{"allow":["GET"]}}],"collection":[{"href":"https:\/\/fundaciosetba.org\/es\/wp-json\/wp\/v2\/posts"}],"about":[{"href":"https:\/\/fundaciosetba.org\/es\/wp-json\/wp\/v2\/types\/post"}],"author":[{"embeddable":true,"href":"https:\/\/fundaciosetba.org\/es\/wp-json\/wp\/v2\/users\/1"}],"replies":[{"embeddable":true,"href":"https:\/\/fundaciosetba.org\/es\/wp-json\/wp\/v2\/comments?post=40202"}],"version-history":[{"count":1,"href":"https:\/\/fundaciosetba.org\/es\/wp-json\/wp\/v2\/posts\/40202\/revisions"}],"predecessor-version":[{"id":40203,"href":"https:\/\/fundaciosetba.org\/es\/wp-json\/wp\/v2\/posts\/40202\/revisions\/40203"}],"wp:featuredmedia":[{"embeddable":true,"href":"https:\/\/fundaciosetba.org\/es\/wp-json\/wp\/v2\/media\/40206"}],"wp:attachment":[{"href":"https:\/\/fundaciosetba.org\/es\/wp-json\/wp\/v2\/media?parent=40202"}],"wp:term":[{"taxonomy":"category","embeddable":true,"href":"https:\/\/fundaciosetba.org\/es\/wp-json\/wp\/v2\/categories?post=40202"},{"taxonomy":"post_tag","embeddable":true,"href":"https:\/\/fundaciosetba.org\/es\/wp-json\/wp\/v2\/tags?post=40202"}],"curies":[{"name":"wp","href":"https:\/\/api.w.org\/{rel}","templated":true}]}}