{"id":40495,"date":"2025-11-21T12:22:38","date_gmt":"2025-11-21T11:22:38","guid":{"rendered":"https:\/\/fundaciosetba.org\/la-escultora-meritxell-duran-visita-las-cinco-entidades-participantes-en-el-proyecto-magistrals\/"},"modified":"2025-11-24T10:58:18","modified_gmt":"2025-11-24T09:58:18","slug":"la-escultora-meritxell-duran-visita-las-cinco-entidades-participantes-en-el-proyecto-magistrals","status":"publish","type":"post","link":"https:\/\/fundaciosetba.org\/es\/la-escultora-meritxell-duran-visita-las-cinco-entidades-participantes-en-el-proyecto-magistrals\/","title":{"rendered":"La escultora Meritxell Duran visita las cinco entidades participantes en el proyecto Magistrals"},"content":{"rendered":"<p data-start=\"224\" data-end=\"452\">Durante los meses de octubre y noviembre, la formaci\u00f3n presencial de modelado con arcilla, a cargo de la escultora e ilustradora <strong data-start=\"351\" data-end=\"370\">Meritxell Duran<\/strong> , se est\u00e1 llevando a cabo en los cinco centros participantes del proyecto <em data-start=\"439\" data-end=\"451\">Magistrals<\/em> .<\/p>\n<p data-start=\"454\" data-end=\"996\">Esta fase culmina un proceso pedag\u00f3gico que se ha desarrollado a lo largo de distintas etapas. En primer lugar, los <strong data-start=\"566\" data-end=\"602\">profesionales de los talleres de arte<\/strong> de las entidades asistieron a una <a href=\"https:\/\/www.instagram.com\/reel\/DF-L_7hK_5m\/\"><strong data-start=\"638\" data-end=\"685\">formaci\u00f3n presencial en la sede de la Fundaci\u00f3n<\/strong><\/a> , donde trabajaron el modelado con arcilla y la pintura de las esculturas. A partir de esta sesi\u00f3n, la Fundaci\u00f3n elabor\u00f3 \u200b\u200buna c\u00e1psula de v\u00eddeo con los contenidos principales, que posteriormente fue enviada a las entidades para que pudieran trabajarla internamente con sus usuarios.<\/p>\n<p><iframe loading=\"lazy\" title=\"Modelar amb argila | Meritxell Duran | Formacions Magistrals 2025\" width=\"640\" height=\"360\" src=\"https:\/\/www.youtube.com\/embed\/dXG87vT_Vrg?feature=oembed\" frameborder=\"0\" allow=\"accelerometer; autoplay; clipboard-write; encrypted-media; gyroscope; picture-in-picture; web-share\" referrerpolicy=\"strict-origin-when-cross-origin\" allowfullscreen><\/iframe><\/p>\n<p data-start=\"998\" data-end=\"1438\">Despu\u00e9s de haber completado la formaci\u00f3n online, los <strong data-start=\"1050\" data-end=\"1069\">50 participantes<\/strong> de esta edici\u00f3n han tenido la oportunidad de conocer al artista en persona y asistir a una nueva sesi\u00f3n impartida dentro de su propia entidad. En este encuentro han creado un autorretrato en arcilla , trabajando con espejos, volumen y mezclas de color. Asimismo, los profesionales de los talleres han podido observar c\u00f3mo el artista gu\u00eda el proceso y acompa\u00f1a a cada participante.<\/p>\n<p data-start=\"1440\" data-end=\"1704\">Estas sesiones, que representan el punto \u00e1lgido del proyecto, permiten a los participantes <strong data-start=\"1529\" data-end=\"1575\">experimentar la escultura de forma directa<\/strong> , estableciendo un v\u00ednculo creativo y emocional con el artista que convierte a cada clase en un espacio de aprendizaje profundo y personal.<\/p>\n<p data-start=\"1706\" data-end=\"1756\">Las entidades que participan en esta edici\u00f3n son:<\/p>\n<ul data-start=\"1758\" data-end=\"1988\">\n<li data-start=\"1758\" data-end=\"1799\">\n<p data-start=\"1760\" data-end=\"1799\">Centro Ocupacional Condal (Barcelona)<\/p>\n<\/li>\n<li data-start=\"1800\" data-end=\"1838\">\n<p data-start=\"1802\" data-end=\"1838\">Asociaci\u00f3n Taller Baix Camp (Reus)<\/p>\n<\/li>\n<li data-start=\"1839\" data-end=\"1904\">\n<p data-start=\"1841\" data-end=\"1904\">Fundaci\u00f3n Catalana Privada S\u00edndrome de Down \u2013 FCSD (Barcelona)<\/p>\n<\/li>\n<li data-start=\"1905\" data-end=\"1934\">\n<p data-start=\"1907\" data-end=\"1934\">Fundaci\u00f3n AMPANS (Manresa)<\/p>\n<\/li>\n<li data-start=\"1935\" data-end=\"1988\">\n<p data-start=\"1937\" data-end=\"1988\">Alterarte &#8211; Centro de Formaci\u00f3n y Prevenci\u00f3n (Matar\u00f3)<\/p>\n<\/li>\n<\/ul>\n<p data-start=\"1990\" data-end=\"2165\">Adem\u00e1s, los artistas de <em data-start=\"2013\" data-end=\"2025\">Magistrales<\/em> han recibido formaci\u00f3n espec\u00edfica sobre <strong data-start=\"2062\" data-end=\"2119\">discapacidad intelectual y accesibilidad cognitiva<\/strong> a cargo de la Federaci\u00f3n Catalana <a href=\"https:\/\/www.dincat.cat\/\"><strong data-start=\"2154\" data-end=\"2164\">DINCAT<\/strong><\/a> .<\/p>\n<p data-start=\"2167\" data-end=\"2264\">Aqu\u00ed puede ver algunas im\u00e1genes de la sesi\u00f3n presencial en la Fundaci\u00f3n Catalana S\u00edndrome de Down. Fotos de Laura G\u00e1lvez-Rhein:<\/p>\n<div class=\"w-gallery fit_cover wp_gallery type_grid action_popup_image ratio_1x1 count_14\" style=\"--columns:4;--items-gap:8px;\"><div class=\"w-gallery-list\"><div class=\"w-gallery-item\"><div class=\"w-gallery-item-img\"><img loading=\"lazy\" decoding=\"async\" width=\"300\" height=\"300\" src=\"https:\/\/fundaciosetba.org\/wp-content\/uploads\/2025\/11\/2025-11-10_Magistrals-FCSD_SETBA002-300x300.jpg\" class=\"attachment-woocommerce_thumbnail size-woocommerce_thumbnail\" alt=\"\" srcset=\"https:\/\/fundaciosetba.org\/wp-content\/uploads\/2025\/11\/2025-11-10_Magistrals-FCSD_SETBA002-300x300.jpg 300w, https:\/\/fundaciosetba.org\/wp-content\/uploads\/2025\/11\/2025-11-10_Magistrals-FCSD_SETBA002-150x150.jpg 150w\" sizes=\"auto, (max-width: 300px) 100vw, 300px\" \/><\/div><a class=\"w-gallery-item-link\" aria-label=\"2025-11-10_Magistrals, FCSD_SETBA002\" href=\"https:\/\/fundaciosetba.org\/wp-content\/uploads\/2025\/11\/2025-11-10_Magistrals-FCSD_SETBA002.jpg\" title=\"2025-11-10_Magistrals, FCSD_SETBA002\"><\/a><\/div><div class=\"w-gallery-item\"><div class=\"w-gallery-item-img\"><img loading=\"lazy\" decoding=\"async\" width=\"300\" height=\"300\" src=\"https:\/\/fundaciosetba.org\/wp-content\/uploads\/2025\/11\/2025-11-10_Magistrals-FCSD_SETBA004-300x300.jpg\" class=\"attachment-woocommerce_thumbnail size-woocommerce_thumbnail\" alt=\"\" srcset=\"https:\/\/fundaciosetba.org\/wp-content\/uploads\/2025\/11\/2025-11-10_Magistrals-FCSD_SETBA004-300x300.jpg 300w, https:\/\/fundaciosetba.org\/wp-content\/uploads\/2025\/11\/2025-11-10_Magistrals-FCSD_SETBA004-150x150.jpg 150w\" sizes=\"auto, (max-width: 300px) 100vw, 300px\" \/><\/div><a class=\"w-gallery-item-link\" aria-label=\"2025-11-10_Magistrals, FCSD_SETBA004\" href=\"https:\/\/fundaciosetba.org\/wp-content\/uploads\/2025\/11\/2025-11-10_Magistrals-FCSD_SETBA004.jpg\" title=\"2025-11-10_Magistrals, FCSD_SETBA004\"><\/a><\/div><div class=\"w-gallery-item\"><div class=\"w-gallery-item-img\"><img loading=\"lazy\" decoding=\"async\" width=\"300\" height=\"300\" src=\"https:\/\/fundaciosetba.org\/wp-content\/uploads\/2025\/11\/2025-11-10_Magistrals-FCSD_SETBA006-300x300.jpg\" class=\"attachment-woocommerce_thumbnail size-woocommerce_thumbnail\" alt=\"\" srcset=\"https:\/\/fundaciosetba.org\/wp-content\/uploads\/2025\/11\/2025-11-10_Magistrals-FCSD_SETBA006-300x300.jpg 300w, https:\/\/fundaciosetba.org\/wp-content\/uploads\/2025\/11\/2025-11-10_Magistrals-FCSD_SETBA006-150x150.jpg 150w\" sizes=\"auto, (max-width: 300px) 100vw, 300px\" \/><\/div><a class=\"w-gallery-item-link\" aria-label=\"2025-11-10_Magistrals, FCSD_SETBA006\" href=\"https:\/\/fundaciosetba.org\/wp-content\/uploads\/2025\/11\/2025-11-10_Magistrals-FCSD_SETBA006.jpg\" title=\"2025-11-10_Magistrals, FCSD_SETBA006\"><\/a><\/div><div class=\"w-gallery-item\"><div class=\"w-gallery-item-img\"><img loading=\"lazy\" decoding=\"async\" width=\"300\" height=\"300\" src=\"https:\/\/fundaciosetba.org\/wp-content\/uploads\/2025\/11\/2025-11-10_Magistrals-FCSD_SETBA007-300x300.jpg\" class=\"attachment-woocommerce_thumbnail size-woocommerce_thumbnail\" alt=\"\" srcset=\"https:\/\/fundaciosetba.org\/wp-content\/uploads\/2025\/11\/2025-11-10_Magistrals-FCSD_SETBA007-300x300.jpg 300w, https:\/\/fundaciosetba.org\/wp-content\/uploads\/2025\/11\/2025-11-10_Magistrals-FCSD_SETBA007-150x150.jpg 150w\" sizes=\"auto, (max-width: 300px) 100vw, 300px\" \/><\/div><a class=\"w-gallery-item-link\" aria-label=\"2025-11-10_Magistrals, FCSD_SETBA007\" href=\"https:\/\/fundaciosetba.org\/wp-content\/uploads\/2025\/11\/2025-11-10_Magistrals-FCSD_SETBA007.jpg\" title=\"2025-11-10_Magistrals, FCSD_SETBA007\"><\/a><\/div><div class=\"w-gallery-item\"><div class=\"w-gallery-item-img\"><img loading=\"lazy\" decoding=\"async\" width=\"300\" height=\"300\" src=\"https:\/\/fundaciosetba.org\/wp-content\/uploads\/2025\/11\/2025-11-10_Magistrals-FCSD_SETBA013-300x300.jpg\" class=\"attachment-woocommerce_thumbnail size-woocommerce_thumbnail\" alt=\"\" srcset=\"https:\/\/fundaciosetba.org\/wp-content\/uploads\/2025\/11\/2025-11-10_Magistrals-FCSD_SETBA013-300x300.jpg 300w, https:\/\/fundaciosetba.org\/wp-content\/uploads\/2025\/11\/2025-11-10_Magistrals-FCSD_SETBA013-150x150.jpg 150w\" sizes=\"auto, (max-width: 300px) 100vw, 300px\" \/><\/div><a class=\"w-gallery-item-link\" aria-label=\"2025-11-10_Magistrals, FCSD_SETBA013\" href=\"https:\/\/fundaciosetba.org\/wp-content\/uploads\/2025\/11\/2025-11-10_Magistrals-FCSD_SETBA013.jpg\" title=\"2025-11-10_Magistrals, FCSD_SETBA013\"><\/a><\/div><div class=\"w-gallery-item\"><div class=\"w-gallery-item-img\"><img loading=\"lazy\" decoding=\"async\" width=\"300\" height=\"300\" src=\"https:\/\/fundaciosetba.org\/wp-content\/uploads\/2025\/11\/2025-11-10_Magistrals-FCSD_SETBA015-300x300.jpg\" class=\"attachment-woocommerce_thumbnail size-woocommerce_thumbnail\" alt=\"\" srcset=\"https:\/\/fundaciosetba.org\/wp-content\/uploads\/2025\/11\/2025-11-10_Magistrals-FCSD_SETBA015-300x300.jpg 300w, https:\/\/fundaciosetba.org\/wp-content\/uploads\/2025\/11\/2025-11-10_Magistrals-FCSD_SETBA015-150x150.jpg 150w\" sizes=\"auto, (max-width: 300px) 100vw, 300px\" \/><\/div><a class=\"w-gallery-item-link\" aria-label=\"2025-11-10_Magistrals, FCSD_SETBA015\" href=\"https:\/\/fundaciosetba.org\/wp-content\/uploads\/2025\/11\/2025-11-10_Magistrals-FCSD_SETBA015.jpg\" title=\"2025-11-10_Magistrals, FCSD_SETBA015\"><\/a><\/div><div class=\"w-gallery-item\"><div class=\"w-gallery-item-img\"><img loading=\"lazy\" decoding=\"async\" width=\"300\" height=\"300\" src=\"https:\/\/fundaciosetba.org\/wp-content\/uploads\/2025\/11\/2025-11-10_Magistrals-FCSD_SETBA019-300x300.jpg\" class=\"attachment-woocommerce_thumbnail size-woocommerce_thumbnail\" alt=\"\" srcset=\"https:\/\/fundaciosetba.org\/wp-content\/uploads\/2025\/11\/2025-11-10_Magistrals-FCSD_SETBA019-300x300.jpg 300w, https:\/\/fundaciosetba.org\/wp-content\/uploads\/2025\/11\/2025-11-10_Magistrals-FCSD_SETBA019-150x150.jpg 150w\" sizes=\"auto, (max-width: 300px) 100vw, 300px\" \/><\/div><a class=\"w-gallery-item-link\" aria-label=\"2025-11-10_Magistrals, FCSD_SETBA019\" href=\"https:\/\/fundaciosetba.org\/wp-content\/uploads\/2025\/11\/2025-11-10_Magistrals-FCSD_SETBA019.jpg\" title=\"2025-11-10_Magistrals, FCSD_SETBA019\"><\/a><\/div><div class=\"w-gallery-item\"><div class=\"w-gallery-item-img\"><img loading=\"lazy\" decoding=\"async\" width=\"300\" height=\"300\" src=\"https:\/\/fundaciosetba.org\/wp-content\/uploads\/2025\/11\/2025-11-10_Magistrals-FCSD_SETBA024-300x300.jpg\" class=\"attachment-woocommerce_thumbnail size-woocommerce_thumbnail\" alt=\"\" srcset=\"https:\/\/fundaciosetba.org\/wp-content\/uploads\/2025\/11\/2025-11-10_Magistrals-FCSD_SETBA024-300x300.jpg 300w, https:\/\/fundaciosetba.org\/wp-content\/uploads\/2025\/11\/2025-11-10_Magistrals-FCSD_SETBA024-150x150.jpg 150w\" sizes=\"auto, (max-width: 300px) 100vw, 300px\" \/><\/div><a class=\"w-gallery-item-link\" aria-label=\"2025-11-10_Magistrals, FCSD_SETBA024\" href=\"https:\/\/fundaciosetba.org\/wp-content\/uploads\/2025\/11\/2025-11-10_Magistrals-FCSD_SETBA024.jpg\" title=\"2025-11-10_Magistrals, FCSD_SETBA024\"><\/a><\/div><div class=\"w-gallery-item\"><div class=\"w-gallery-item-img\"><img loading=\"lazy\" decoding=\"async\" width=\"300\" height=\"300\" src=\"https:\/\/fundaciosetba.org\/wp-content\/uploads\/2025\/11\/2025-11-10_Magistrals-FCSD_SETBA032-300x300.jpg\" class=\"attachment-woocommerce_thumbnail size-woocommerce_thumbnail\" alt=\"\" srcset=\"https:\/\/fundaciosetba.org\/wp-content\/uploads\/2025\/11\/2025-11-10_Magistrals-FCSD_SETBA032-300x300.jpg 300w, https:\/\/fundaciosetba.org\/wp-content\/uploads\/2025\/11\/2025-11-10_Magistrals-FCSD_SETBA032-150x150.jpg 150w\" sizes=\"auto, (max-width: 300px) 100vw, 300px\" \/><\/div><a class=\"w-gallery-item-link\" aria-label=\"2025-11-10_Magistrals, FCSD_SETBA032\" href=\"https:\/\/fundaciosetba.org\/wp-content\/uploads\/2025\/11\/2025-11-10_Magistrals-FCSD_SETBA032.jpg\" title=\"2025-11-10_Magistrals, FCSD_SETBA032\"><\/a><\/div><div class=\"w-gallery-item\"><div class=\"w-gallery-item-img\"><img loading=\"lazy\" decoding=\"async\" width=\"300\" height=\"300\" src=\"https:\/\/fundaciosetba.org\/wp-content\/uploads\/2025\/11\/2025-11-10_Magistrals-FCSD_SETBA035-300x300.jpg\" class=\"attachment-woocommerce_thumbnail size-woocommerce_thumbnail\" alt=\"\" srcset=\"https:\/\/fundaciosetba.org\/wp-content\/uploads\/2025\/11\/2025-11-10_Magistrals-FCSD_SETBA035-300x300.jpg 300w, https:\/\/fundaciosetba.org\/wp-content\/uploads\/2025\/11\/2025-11-10_Magistrals-FCSD_SETBA035-150x150.jpg 150w\" sizes=\"auto, (max-width: 300px) 100vw, 300px\" \/><\/div><a class=\"w-gallery-item-link\" aria-label=\"2025-11-10_Magistrals, FCSD_SETBA035\" href=\"https:\/\/fundaciosetba.org\/wp-content\/uploads\/2025\/11\/2025-11-10_Magistrals-FCSD_SETBA035.jpg\" title=\"2025-11-10_Magistrals, FCSD_SETBA035\"><\/a><\/div><div class=\"w-gallery-item\"><div class=\"w-gallery-item-img\"><img loading=\"lazy\" decoding=\"async\" width=\"300\" height=\"300\" src=\"https:\/\/fundaciosetba.org\/wp-content\/uploads\/2025\/11\/2025-11-10_Magistrals-FCSD_SETBA036-300x300.jpg\" class=\"attachment-woocommerce_thumbnail size-woocommerce_thumbnail\" alt=\"\" srcset=\"https:\/\/fundaciosetba.org\/wp-content\/uploads\/2025\/11\/2025-11-10_Magistrals-FCSD_SETBA036-300x300.jpg 300w, https:\/\/fundaciosetba.org\/wp-content\/uploads\/2025\/11\/2025-11-10_Magistrals-FCSD_SETBA036-150x150.jpg 150w\" sizes=\"auto, (max-width: 300px) 100vw, 300px\" \/><\/div><a class=\"w-gallery-item-link\" aria-label=\"2025-11-10_Magistrals, FCSD_SETBA036\" href=\"https:\/\/fundaciosetba.org\/wp-content\/uploads\/2025\/11\/2025-11-10_Magistrals-FCSD_SETBA036.jpg\" title=\"2025-11-10_Magistrals, FCSD_SETBA036\"><\/a><\/div><div class=\"w-gallery-item\"><div class=\"w-gallery-item-img\"><img loading=\"lazy\" decoding=\"async\" width=\"300\" height=\"300\" src=\"https:\/\/fundaciosetba.org\/wp-content\/uploads\/2025\/11\/2025-11-10_Magistrals-FCSD_SETBA037-300x300.jpg\" class=\"attachment-woocommerce_thumbnail size-woocommerce_thumbnail\" alt=\"\" srcset=\"https:\/\/fundaciosetba.org\/wp-content\/uploads\/2025\/11\/2025-11-10_Magistrals-FCSD_SETBA037-300x300.jpg 300w, https:\/\/fundaciosetba.org\/wp-content\/uploads\/2025\/11\/2025-11-10_Magistrals-FCSD_SETBA037-150x150.jpg 150w\" sizes=\"auto, (max-width: 300px) 100vw, 300px\" \/><\/div><a class=\"w-gallery-item-link\" aria-label=\"2025-11-10_Magistrals, FCSD_SETBA037\" href=\"https:\/\/fundaciosetba.org\/wp-content\/uploads\/2025\/11\/2025-11-10_Magistrals-FCSD_SETBA037.jpg\" title=\"2025-11-10_Magistrals, FCSD_SETBA037\"><\/a><\/div><div class=\"w-gallery-item\"><div class=\"w-gallery-item-img\"><img loading=\"lazy\" decoding=\"async\" width=\"300\" height=\"300\" src=\"https:\/\/fundaciosetba.org\/wp-content\/uploads\/2025\/11\/2025-11-10_Magistrals-FCSD_SETBA041-300x300.jpg\" class=\"attachment-woocommerce_thumbnail size-woocommerce_thumbnail\" alt=\"\" srcset=\"https:\/\/fundaciosetba.org\/wp-content\/uploads\/2025\/11\/2025-11-10_Magistrals-FCSD_SETBA041-300x300.jpg 300w, https:\/\/fundaciosetba.org\/wp-content\/uploads\/2025\/11\/2025-11-10_Magistrals-FCSD_SETBA041-150x150.jpg 150w\" sizes=\"auto, (max-width: 300px) 100vw, 300px\" \/><\/div><a class=\"w-gallery-item-link\" aria-label=\"2025-11-10_Magistrals, FCSD_SETBA041\" href=\"https:\/\/fundaciosetba.org\/wp-content\/uploads\/2025\/11\/2025-11-10_Magistrals-FCSD_SETBA041.jpg\" title=\"2025-11-10_Magistrals, FCSD_SETBA041\"><\/a><\/div><div class=\"w-gallery-item\"><div class=\"w-gallery-item-img\"><img loading=\"lazy\" decoding=\"async\" width=\"300\" height=\"300\" src=\"https:\/\/fundaciosetba.org\/wp-content\/uploads\/2025\/11\/2025-11-10_Magistrals-FCSD_SETBA056-300x300.jpg\" class=\"attachment-woocommerce_thumbnail size-woocommerce_thumbnail\" alt=\"\" srcset=\"https:\/\/fundaciosetba.org\/wp-content\/uploads\/2025\/11\/2025-11-10_Magistrals-FCSD_SETBA056-300x300.jpg 300w, https:\/\/fundaciosetba.org\/wp-content\/uploads\/2025\/11\/2025-11-10_Magistrals-FCSD_SETBA056-150x150.jpg 150w\" sizes=\"auto, (max-width: 300px) 100vw, 300px\" \/><\/div><a class=\"w-gallery-item-link\" aria-label=\"2025-11-10_Magistrals, FCSD_SETBA056\" href=\"https:\/\/fundaciosetba.org\/wp-content\/uploads\/2025\/11\/2025-11-10_Magistrals-FCSD_SETBA056.jpg\" title=\"2025-11-10_Magistrals, FCSD_SETBA056\"><\/a><\/div><\/div><\/div>\n","protected":false},"excerpt":{"rendered":"<p>Durante los meses de octubre y noviembre, la formaci\u00f3n presencial de modelado con arcilla, a cargo de la escultora e ilustradora Meritxell Duran, se est\u00e1 llevando a cabo en los cinco centros participantes del proyecto Magistrals.<\/p>\n","protected":false},"author":1,"featured_media":40444,"comment_status":"closed","ping_status":"closed","sticky":false,"template":"","format":"standard","meta":{"footnotes":""},"categories":[1352],"tags":[],"class_list":["post-40495","post","type-post","status-publish","format-standard","has-post-thumbnail","hentry","category-magistrales-es"],"_links":{"self":[{"href":"https:\/\/fundaciosetba.org\/es\/wp-json\/wp\/v2\/posts\/40495","targetHints":{"allow":["GET"]}}],"collection":[{"href":"https:\/\/fundaciosetba.org\/es\/wp-json\/wp\/v2\/posts"}],"about":[{"href":"https:\/\/fundaciosetba.org\/es\/wp-json\/wp\/v2\/types\/post"}],"author":[{"embeddable":true,"href":"https:\/\/fundaciosetba.org\/es\/wp-json\/wp\/v2\/users\/1"}],"replies":[{"embeddable":true,"href":"https:\/\/fundaciosetba.org\/es\/wp-json\/wp\/v2\/comments?post=40495"}],"version-history":[{"count":1,"href":"https:\/\/fundaciosetba.org\/es\/wp-json\/wp\/v2\/posts\/40495\/revisions"}],"predecessor-version":[{"id":40530,"href":"https:\/\/fundaciosetba.org\/es\/wp-json\/wp\/v2\/posts\/40495\/revisions\/40530"}],"wp:featuredmedia":[{"embeddable":true,"href":"https:\/\/fundaciosetba.org\/es\/wp-json\/wp\/v2\/media\/40444"}],"wp:attachment":[{"href":"https:\/\/fundaciosetba.org\/es\/wp-json\/wp\/v2\/media?parent=40495"}],"wp:term":[{"taxonomy":"category","embeddable":true,"href":"https:\/\/fundaciosetba.org\/es\/wp-json\/wp\/v2\/categories?post=40495"},{"taxonomy":"post_tag","embeddable":true,"href":"https:\/\/fundaciosetba.org\/es\/wp-json\/wp\/v2\/tags?post=40495"}],"curies":[{"name":"wp","href":"https:\/\/api.w.org\/{rel}","templated":true}]}}