{"id":40496,"date":"2025-11-19T16:34:36","date_gmt":"2025-11-19T15:34:36","guid":{"rendered":"https:\/\/fundaciosetba.org\/xavi-blaya-asiste-a-una-clase-de-retrato-digital-en-el-ied-como-ganador-del-premi-setba-2025\/"},"modified":"2025-11-24T10:58:50","modified_gmt":"2025-11-24T09:58:50","slug":"xavi-blaya-asiste-a-una-clase-de-retrato-digital-en-el-ied-como-ganador-del-premi-setba-2025","status":"publish","type":"post","link":"https:\/\/fundaciosetba.org\/es\/xavi-blaya-asiste-a-una-clase-de-retrato-digital-en-el-ied-como-ganador-del-premi-setba-2025\/","title":{"rendered":"Xavi Blaya asiste a una clase de retrato digital en el IED como ganador del Premi Setba 2025"},"content":{"rendered":"<p data-start=\"183\" data-end=\"572\">Uno de los principales objetivos de la Fundaci\u00f3n Setba dentro del proyecto que engloba el certamen <strong data-start=\"275\" data-end=\"290\">Premi Setba<\/strong> es impulsar la mejora de las competencias art\u00edsticas de los creadores con discapacidad intelectual. Este compromiso no s\u00f3lo se refleja en el reconocimiento de los artistas, sino tambi\u00e9n en acciones formativas que les permiten seguir creciendo y explorando nuevas herramientas de expresi\u00f3n.<\/p>\n<p data-start=\"574\" data-end=\"945\">Por segundo a\u00f1o consecutivo, la Fundaci\u00f3n Setba, en colaboraci\u00f3n con el <strong data-start=\"642\" data-end=\"688\">IED Barcelona &#8211; Istituto Europeo di Design<\/strong> , ha organizado una <strong data-start=\"708\" data-end=\"744\">clase privada de retrato digital<\/strong> para la entidad ganadora del certamen. Este 2025, el privilegio ha sido para <strong data-start=\"988\" data-end=\"1002\">Xavi Blaya<\/strong> , artista del <strong data-start=\"1016\" data-end=\"1032\">CO Les Corts<\/strong> , que se llev\u00f3 el primer premio del Premi Setba, y sus compa\u00f1eros y compa\u00f1eras de la entidad.<\/p>\n<p data-start=\"574\" data-end=\"945\"><em>Fotograf\u00edas de Gina Contel:<\/em><\/p>\n<div class=\"w-gallery fit_cover wp_gallery type_grid action_popup_image ratio_1x1 count_6\" style=\"--columns:3;--items-gap:8px;\"><div class=\"w-gallery-list\"><div class=\"w-gallery-item\"><div class=\"w-gallery-item-img\"><img loading=\"lazy\" decoding=\"async\" width=\"300\" height=\"300\" src=\"https:\/\/fundaciosetba.org\/wp-content\/uploads\/2025\/11\/WhatsApp-Image-2025-11-19-at-14.58.22-1-300x300.jpeg\" class=\"attachment-woocommerce_thumbnail size-woocommerce_thumbnail\" alt=\"\" srcset=\"https:\/\/fundaciosetba.org\/wp-content\/uploads\/2025\/11\/WhatsApp-Image-2025-11-19-at-14.58.22-1-300x300.jpeg 300w, https:\/\/fundaciosetba.org\/wp-content\/uploads\/2025\/11\/WhatsApp-Image-2025-11-19-at-14.58.22-1-150x150.jpeg 150w\" sizes=\"auto, (max-width: 300px) 100vw, 300px\" \/><\/div><a class=\"w-gallery-item-link\" aria-label=\"WhatsApp Image 2025-11-19 at 14.58.22 (1)\" href=\"https:\/\/fundaciosetba.org\/wp-content\/uploads\/2025\/11\/WhatsApp-Image-2025-11-19-at-14.58.22-1.jpeg\" title=\"WhatsApp Image 2025-11-19 at 14.58.22 (1)\"><\/a><\/div><div class=\"w-gallery-item\"><div class=\"w-gallery-item-img\"><img loading=\"lazy\" decoding=\"async\" width=\"300\" height=\"300\" src=\"https:\/\/fundaciosetba.org\/wp-content\/uploads\/2025\/11\/WhatsApp-Image-2025-11-19-at-14.58.22-300x300.jpeg\" class=\"attachment-woocommerce_thumbnail size-woocommerce_thumbnail\" alt=\"\" srcset=\"https:\/\/fundaciosetba.org\/wp-content\/uploads\/2025\/11\/WhatsApp-Image-2025-11-19-at-14.58.22-300x300.jpeg 300w, https:\/\/fundaciosetba.org\/wp-content\/uploads\/2025\/11\/WhatsApp-Image-2025-11-19-at-14.58.22-150x150.jpeg 150w\" sizes=\"auto, (max-width: 300px) 100vw, 300px\" \/><\/div><a class=\"w-gallery-item-link\" aria-label=\"WhatsApp Image 2025-11-19 at 14.58.22\" href=\"https:\/\/fundaciosetba.org\/wp-content\/uploads\/2025\/11\/WhatsApp-Image-2025-11-19-at-14.58.22.jpeg\" title=\"WhatsApp Image 2025-11-19 at 14.58.22\"><\/a><\/div><div class=\"w-gallery-item\"><div class=\"w-gallery-item-img\"><img loading=\"lazy\" decoding=\"async\" width=\"300\" height=\"300\" src=\"https:\/\/fundaciosetba.org\/wp-content\/uploads\/2025\/11\/WhatsApp-Image-2025-11-19-at-14.58.23-300x300.jpeg\" class=\"attachment-woocommerce_thumbnail size-woocommerce_thumbnail\" alt=\"\" srcset=\"https:\/\/fundaciosetba.org\/wp-content\/uploads\/2025\/11\/WhatsApp-Image-2025-11-19-at-14.58.23-300x300.jpeg 300w, https:\/\/fundaciosetba.org\/wp-content\/uploads\/2025\/11\/WhatsApp-Image-2025-11-19-at-14.58.23-150x150.jpeg 150w\" sizes=\"auto, (max-width: 300px) 100vw, 300px\" \/><\/div><a class=\"w-gallery-item-link\" aria-label=\"WhatsApp Image 2025-11-19 at 14.58.23\" href=\"https:\/\/fundaciosetba.org\/wp-content\/uploads\/2025\/11\/WhatsApp-Image-2025-11-19-at-14.58.23.jpeg\" title=\"WhatsApp Image 2025-11-19 at 14.58.23\"><\/a><\/div><div class=\"w-gallery-item\"><div class=\"w-gallery-item-img\"><img loading=\"lazy\" decoding=\"async\" width=\"300\" height=\"300\" src=\"https:\/\/fundaciosetba.org\/wp-content\/uploads\/2025\/11\/WhatsApp-Image-2025-11-19-at-14.58.24-1-300x300.jpeg\" class=\"attachment-woocommerce_thumbnail size-woocommerce_thumbnail\" alt=\"\" srcset=\"https:\/\/fundaciosetba.org\/wp-content\/uploads\/2025\/11\/WhatsApp-Image-2025-11-19-at-14.58.24-1-300x300.jpeg 300w, https:\/\/fundaciosetba.org\/wp-content\/uploads\/2025\/11\/WhatsApp-Image-2025-11-19-at-14.58.24-1-150x150.jpeg 150w\" sizes=\"auto, (max-width: 300px) 100vw, 300px\" \/><\/div><a class=\"w-gallery-item-link\" aria-label=\"WhatsApp Image 2025-11-19 at 14.58.24 (1)\" href=\"https:\/\/fundaciosetba.org\/wp-content\/uploads\/2025\/11\/WhatsApp-Image-2025-11-19-at-14.58.24-1.jpeg\" title=\"WhatsApp Image 2025-11-19 at 14.58.24 (1)\"><\/a><\/div><div class=\"w-gallery-item\"><div class=\"w-gallery-item-img\"><img loading=\"lazy\" decoding=\"async\" width=\"300\" height=\"300\" src=\"https:\/\/fundaciosetba.org\/wp-content\/uploads\/2025\/11\/WhatsApp-Image-2025-11-19-at-14.58.24-300x300.jpeg\" class=\"attachment-woocommerce_thumbnail size-woocommerce_thumbnail\" alt=\"\" srcset=\"https:\/\/fundaciosetba.org\/wp-content\/uploads\/2025\/11\/WhatsApp-Image-2025-11-19-at-14.58.24-300x300.jpeg 300w, https:\/\/fundaciosetba.org\/wp-content\/uploads\/2025\/11\/WhatsApp-Image-2025-11-19-at-14.58.24-150x150.jpeg 150w\" sizes=\"auto, (max-width: 300px) 100vw, 300px\" \/><\/div><a class=\"w-gallery-item-link\" aria-label=\"WhatsApp Image 2025-11-19 at 14.58.24\" href=\"https:\/\/fundaciosetba.org\/wp-content\/uploads\/2025\/11\/WhatsApp-Image-2025-11-19-at-14.58.24.jpeg\" title=\"WhatsApp Image 2025-11-19 at 14.58.24\"><\/a><\/div><div class=\"w-gallery-item\"><div class=\"w-gallery-item-img\"><img loading=\"lazy\" decoding=\"async\" width=\"300\" height=\"300\" src=\"https:\/\/fundaciosetba.org\/wp-content\/uploads\/2025\/11\/WhatsApp-Image-2025-11-19-at-14.58.26-300x300.jpeg\" class=\"attachment-woocommerce_thumbnail size-woocommerce_thumbnail\" alt=\"\" srcset=\"https:\/\/fundaciosetba.org\/wp-content\/uploads\/2025\/11\/WhatsApp-Image-2025-11-19-at-14.58.26-300x300.jpeg 300w, https:\/\/fundaciosetba.org\/wp-content\/uploads\/2025\/11\/WhatsApp-Image-2025-11-19-at-14.58.26-150x150.jpeg 150w\" sizes=\"auto, (max-width: 300px) 100vw, 300px\" \/><\/div><a class=\"w-gallery-item-link\" aria-label=\"WhatsApp Image 2025-11-19 at 14.58.26\" href=\"https:\/\/fundaciosetba.org\/wp-content\/uploads\/2025\/11\/WhatsApp-Image-2025-11-19-at-14.58.26.jpeg\" title=\"WhatsApp Image 2025-11-19 at 14.58.26\"><\/a><\/div><\/div><\/div>\n<p>Esta actividad ofreci\u00f3 a los asistentes una oportunidad \u00fanica para<span> <\/span><strong>aprender t\u00e9cnicas de fotograf\u00eda, explorando diferentes planos y esquemas de iluminaci\u00f3n<\/strong> , y descubriendo c\u00f3mo el arte puede ser una herramienta de expresi\u00f3n personal.<\/p>\n<p>El taller se estructur\u00f3 con un enfoque din\u00e1mico y participativo. Los participantes, divididos en grupos, trabajaron conjuntamente en la <span> <\/span><strong>creaci\u00f3n de retratos creativos de s\u00ed mismos<\/strong> . Tras observar ejemplos de retratos y analizar diferentes esquemas de iluminaci\u00f3n, se les invit\u00f3 a elegir un estilo que les inspirara como referencia. Este ejercicio les permiti\u00f3 profundizar en las bases t\u00e9cnicas de la iluminaci\u00f3n fotogr\u00e1fica, al tiempo que les animaba a explorar y <span> <\/span><strong>expresar sus emociones a trav\u00e9s de la imagen<\/strong> .<\/p>\n<p>Aqu\u00ed algunas de las im\u00e1genes de la sesi\u00f3n:<\/p>\n<p>&nbsp;<\/p>\n<div class=\"w-gallery fit_cover wp_gallery type_grid action_popup_image ratio_1x1 count_16\" style=\"--columns:4;--items-gap:8px;\"><div class=\"w-gallery-list\"><div class=\"w-gallery-item\"><div class=\"w-gallery-item-img\"><img loading=\"lazy\" decoding=\"async\" width=\"300\" height=\"300\" src=\"https:\/\/fundaciosetba.org\/wp-content\/uploads\/2025\/11\/Retrato_Digital_24_104307-2-300x300.jpg\" class=\"attachment-woocommerce_thumbnail size-woocommerce_thumbnail\" alt=\"\" srcset=\"https:\/\/fundaciosetba.org\/wp-content\/uploads\/2025\/11\/Retrato_Digital_24_104307-2-300x300.jpg 300w, https:\/\/fundaciosetba.org\/wp-content\/uploads\/2025\/11\/Retrato_Digital_24_104307-2-150x150.jpg 150w\" sizes=\"auto, (max-width: 300px) 100vw, 300px\" \/><\/div><a class=\"w-gallery-item-link\" aria-label=\"Retrato_Digital_24_104307-2\" href=\"https:\/\/fundaciosetba.org\/wp-content\/uploads\/2025\/11\/Retrato_Digital_24_104307-2-scaled.jpg\" title=\"Retrato_Digital_24_104307-2\"><\/a><\/div><div class=\"w-gallery-item\"><div class=\"w-gallery-item-img\"><img loading=\"lazy\" decoding=\"async\" width=\"300\" height=\"300\" src=\"https:\/\/fundaciosetba.org\/wp-content\/uploads\/2025\/11\/Retrato_Digital_24_104302-2-300x300.jpg\" class=\"attachment-woocommerce_thumbnail size-woocommerce_thumbnail\" alt=\"\" srcset=\"https:\/\/fundaciosetba.org\/wp-content\/uploads\/2025\/11\/Retrato_Digital_24_104302-2-300x300.jpg 300w, https:\/\/fundaciosetba.org\/wp-content\/uploads\/2025\/11\/Retrato_Digital_24_104302-2-150x150.jpg 150w\" sizes=\"auto, (max-width: 300px) 100vw, 300px\" \/><\/div><a class=\"w-gallery-item-link\" aria-label=\"Retrato_Digital_24_104302-2\" href=\"https:\/\/fundaciosetba.org\/wp-content\/uploads\/2025\/11\/Retrato_Digital_24_104302-2-scaled.jpg\" title=\"Retrato_Digital_24_104302-2\"><\/a><\/div><div class=\"w-gallery-item\"><div class=\"w-gallery-item-img\"><img loading=\"lazy\" decoding=\"async\" width=\"300\" height=\"300\" src=\"https:\/\/fundaciosetba.org\/wp-content\/uploads\/2025\/11\/Retrato_Digital_24_104279-2-300x300.jpg\" class=\"attachment-woocommerce_thumbnail size-woocommerce_thumbnail\" alt=\"\" srcset=\"https:\/\/fundaciosetba.org\/wp-content\/uploads\/2025\/11\/Retrato_Digital_24_104279-2-300x300.jpg 300w, https:\/\/fundaciosetba.org\/wp-content\/uploads\/2025\/11\/Retrato_Digital_24_104279-2-150x150.jpg 150w\" sizes=\"auto, (max-width: 300px) 100vw, 300px\" \/><\/div><a class=\"w-gallery-item-link\" aria-label=\"Retrato_Digital_24_104279-2\" href=\"https:\/\/fundaciosetba.org\/wp-content\/uploads\/2025\/11\/Retrato_Digital_24_104279-2-scaled.jpg\" title=\"Retrato_Digital_24_104279-2\"><\/a><\/div><div class=\"w-gallery-item\"><div class=\"w-gallery-item-img\"><img loading=\"lazy\" decoding=\"async\" width=\"300\" height=\"300\" src=\"https:\/\/fundaciosetba.org\/wp-content\/uploads\/2025\/11\/Retrato_Digital_24_104243-2-300x300.jpg\" class=\"attachment-woocommerce_thumbnail size-woocommerce_thumbnail\" alt=\"\" srcset=\"https:\/\/fundaciosetba.org\/wp-content\/uploads\/2025\/11\/Retrato_Digital_24_104243-2-300x300.jpg 300w, https:\/\/fundaciosetba.org\/wp-content\/uploads\/2025\/11\/Retrato_Digital_24_104243-2-150x150.jpg 150w\" sizes=\"auto, (max-width: 300px) 100vw, 300px\" \/><\/div><a class=\"w-gallery-item-link\" aria-label=\"Retrato_Digital_24_104243-2\" href=\"https:\/\/fundaciosetba.org\/wp-content\/uploads\/2025\/11\/Retrato_Digital_24_104243-2-scaled.jpg\" title=\"Retrato_Digital_24_104243-2\"><\/a><\/div><div class=\"w-gallery-item\"><div class=\"w-gallery-item-img\"><img loading=\"lazy\" decoding=\"async\" width=\"300\" height=\"300\" src=\"https:\/\/fundaciosetba.org\/wp-content\/uploads\/2025\/11\/Retrato_Digital_24_104204-2-300x300.jpg\" class=\"attachment-woocommerce_thumbnail size-woocommerce_thumbnail\" alt=\"\" srcset=\"https:\/\/fundaciosetba.org\/wp-content\/uploads\/2025\/11\/Retrato_Digital_24_104204-2-300x300.jpg 300w, https:\/\/fundaciosetba.org\/wp-content\/uploads\/2025\/11\/Retrato_Digital_24_104204-2-150x150.jpg 150w\" sizes=\"auto, (max-width: 300px) 100vw, 300px\" \/><\/div><a class=\"w-gallery-item-link\" aria-label=\"Retrato_Digital_24_104204-2\" href=\"https:\/\/fundaciosetba.org\/wp-content\/uploads\/2025\/11\/Retrato_Digital_24_104204-2-scaled.jpg\" title=\"Retrato_Digital_24_104204-2\"><\/a><\/div><div class=\"w-gallery-item\"><div class=\"w-gallery-item-img\"><img loading=\"lazy\" decoding=\"async\" width=\"300\" height=\"300\" src=\"https:\/\/fundaciosetba.org\/wp-content\/uploads\/2025\/11\/Retrato_Digital_24_104160-2-300x300.jpg\" class=\"attachment-woocommerce_thumbnail size-woocommerce_thumbnail\" alt=\"\" srcset=\"https:\/\/fundaciosetba.org\/wp-content\/uploads\/2025\/11\/Retrato_Digital_24_104160-2-300x300.jpg 300w, https:\/\/fundaciosetba.org\/wp-content\/uploads\/2025\/11\/Retrato_Digital_24_104160-2-150x150.jpg 150w\" sizes=\"auto, (max-width: 300px) 100vw, 300px\" \/><\/div><a class=\"w-gallery-item-link\" aria-label=\"Retrato_Digital_24_104160-2\" href=\"https:\/\/fundaciosetba.org\/wp-content\/uploads\/2025\/11\/Retrato_Digital_24_104160-2-scaled.jpg\" title=\"Retrato_Digital_24_104160-2\"><\/a><\/div><div class=\"w-gallery-item\"><div class=\"w-gallery-item-img\"><img loading=\"lazy\" decoding=\"async\" width=\"300\" height=\"300\" src=\"https:\/\/fundaciosetba.org\/wp-content\/uploads\/2025\/11\/Retrato_Digital_24_104136-300x300.jpg\" class=\"attachment-woocommerce_thumbnail size-woocommerce_thumbnail\" alt=\"\" srcset=\"https:\/\/fundaciosetba.org\/wp-content\/uploads\/2025\/11\/Retrato_Digital_24_104136-300x300.jpg 300w, https:\/\/fundaciosetba.org\/wp-content\/uploads\/2025\/11\/Retrato_Digital_24_104136-150x150.jpg 150w\" sizes=\"auto, (max-width: 300px) 100vw, 300px\" \/><\/div><a class=\"w-gallery-item-link\" aria-label=\"Retrato_Digital_24_104136\" href=\"https:\/\/fundaciosetba.org\/wp-content\/uploads\/2025\/11\/Retrato_Digital_24_104136-scaled.jpg\" title=\"Retrato_Digital_24_104136\"><\/a><\/div><div class=\"w-gallery-item\"><div class=\"w-gallery-item-img\"><img loading=\"lazy\" decoding=\"async\" width=\"300\" height=\"300\" src=\"https:\/\/fundaciosetba.org\/wp-content\/uploads\/2025\/11\/Retrato_Digital_24_104115-2-300x300.jpg\" class=\"attachment-woocommerce_thumbnail size-woocommerce_thumbnail\" alt=\"\" srcset=\"https:\/\/fundaciosetba.org\/wp-content\/uploads\/2025\/11\/Retrato_Digital_24_104115-2-300x300.jpg 300w, https:\/\/fundaciosetba.org\/wp-content\/uploads\/2025\/11\/Retrato_Digital_24_104115-2-150x150.jpg 150w\" sizes=\"auto, (max-width: 300px) 100vw, 300px\" \/><\/div><a class=\"w-gallery-item-link\" aria-label=\"Retrato_Digital_24_104115-2\" href=\"https:\/\/fundaciosetba.org\/wp-content\/uploads\/2025\/11\/Retrato_Digital_24_104115-2-scaled.jpg\" title=\"Retrato_Digital_24_104115-2\"><\/a><\/div><div class=\"w-gallery-item\"><div class=\"w-gallery-item-img\"><img loading=\"lazy\" decoding=\"async\" width=\"300\" height=\"300\" src=\"https:\/\/fundaciosetba.org\/wp-content\/uploads\/2025\/11\/Retrato_Digital_24_104092-2-300x300.jpg\" class=\"attachment-woocommerce_thumbnail size-woocommerce_thumbnail\" alt=\"\" srcset=\"https:\/\/fundaciosetba.org\/wp-content\/uploads\/2025\/11\/Retrato_Digital_24_104092-2-300x300.jpg 300w, https:\/\/fundaciosetba.org\/wp-content\/uploads\/2025\/11\/Retrato_Digital_24_104092-2-150x150.jpg 150w\" sizes=\"auto, (max-width: 300px) 100vw, 300px\" \/><\/div><a class=\"w-gallery-item-link\" aria-label=\"Retrato_Digital_24_104092-2\" href=\"https:\/\/fundaciosetba.org\/wp-content\/uploads\/2025\/11\/Retrato_Digital_24_104092-2-scaled.jpg\" title=\"Retrato_Digital_24_104092-2\"><\/a><\/div><div class=\"w-gallery-item\"><div class=\"w-gallery-item-img\"><img loading=\"lazy\" decoding=\"async\" width=\"300\" height=\"300\" src=\"https:\/\/fundaciosetba.org\/wp-content\/uploads\/2025\/11\/Retrato_Digital_24_104068-2-300x300.jpg\" class=\"attachment-woocommerce_thumbnail size-woocommerce_thumbnail\" alt=\"\" srcset=\"https:\/\/fundaciosetba.org\/wp-content\/uploads\/2025\/11\/Retrato_Digital_24_104068-2-300x300.jpg 300w, https:\/\/fundaciosetba.org\/wp-content\/uploads\/2025\/11\/Retrato_Digital_24_104068-2-150x150.jpg 150w\" sizes=\"auto, (max-width: 300px) 100vw, 300px\" \/><\/div><a class=\"w-gallery-item-link\" aria-label=\"Retrato_Digital_24_104068-2\" href=\"https:\/\/fundaciosetba.org\/wp-content\/uploads\/2025\/11\/Retrato_Digital_24_104068-2-scaled.jpg\" title=\"Retrato_Digital_24_104068-2\"><\/a><\/div><div class=\"w-gallery-item\"><div class=\"w-gallery-item-img\"><img loading=\"lazy\" decoding=\"async\" width=\"300\" height=\"300\" src=\"https:\/\/fundaciosetba.org\/wp-content\/uploads\/2025\/11\/Retrato_Digital_24_104026-2-300x300.jpg\" class=\"attachment-woocommerce_thumbnail size-woocommerce_thumbnail\" alt=\"\" srcset=\"https:\/\/fundaciosetba.org\/wp-content\/uploads\/2025\/11\/Retrato_Digital_24_104026-2-300x300.jpg 300w, https:\/\/fundaciosetba.org\/wp-content\/uploads\/2025\/11\/Retrato_Digital_24_104026-2-150x150.jpg 150w\" sizes=\"auto, (max-width: 300px) 100vw, 300px\" \/><\/div><a class=\"w-gallery-item-link\" aria-label=\"Retrato_Digital_24_104026-2\" href=\"https:\/\/fundaciosetba.org\/wp-content\/uploads\/2025\/11\/Retrato_Digital_24_104026-2-scaled.jpg\" title=\"Retrato_Digital_24_104026-2\"><\/a><\/div><div class=\"w-gallery-item\"><div class=\"w-gallery-item-img\"><img loading=\"lazy\" decoding=\"async\" width=\"300\" height=\"300\" src=\"https:\/\/fundaciosetba.org\/wp-content\/uploads\/2025\/11\/Retrato_Digital_24_104005-2-300x300.jpg\" class=\"attachment-woocommerce_thumbnail size-woocommerce_thumbnail\" alt=\"\" srcset=\"https:\/\/fundaciosetba.org\/wp-content\/uploads\/2025\/11\/Retrato_Digital_24_104005-2-300x300.jpg 300w, https:\/\/fundaciosetba.org\/wp-content\/uploads\/2025\/11\/Retrato_Digital_24_104005-2-150x150.jpg 150w\" sizes=\"auto, (max-width: 300px) 100vw, 300px\" \/><\/div><a class=\"w-gallery-item-link\" aria-label=\"Retrato_Digital_24_104005-2\" href=\"https:\/\/fundaciosetba.org\/wp-content\/uploads\/2025\/11\/Retrato_Digital_24_104005-2-scaled.jpg\" title=\"Retrato_Digital_24_104005-2\"><\/a><\/div><div class=\"w-gallery-item\"><div class=\"w-gallery-item-img\"><img loading=\"lazy\" decoding=\"async\" width=\"300\" height=\"300\" src=\"https:\/\/fundaciosetba.org\/wp-content\/uploads\/2025\/11\/Retrato_Digital_24_103983-2-300x300.jpg\" class=\"attachment-woocommerce_thumbnail size-woocommerce_thumbnail\" alt=\"\" srcset=\"https:\/\/fundaciosetba.org\/wp-content\/uploads\/2025\/11\/Retrato_Digital_24_103983-2-300x300.jpg 300w, https:\/\/fundaciosetba.org\/wp-content\/uploads\/2025\/11\/Retrato_Digital_24_103983-2-150x150.jpg 150w\" sizes=\"auto, (max-width: 300px) 100vw, 300px\" \/><\/div><a class=\"w-gallery-item-link\" aria-label=\"Retrato_Digital_24_103983-2\" href=\"https:\/\/fundaciosetba.org\/wp-content\/uploads\/2025\/11\/Retrato_Digital_24_103983-2-scaled.jpg\" title=\"Retrato_Digital_24_103983-2\"><\/a><\/div><div class=\"w-gallery-item\"><div class=\"w-gallery-item-img\"><img loading=\"lazy\" decoding=\"async\" width=\"300\" height=\"300\" src=\"https:\/\/fundaciosetba.org\/wp-content\/uploads\/2025\/11\/Retrato_Digital_24_103973-2-300x300.jpg\" class=\"attachment-woocommerce_thumbnail size-woocommerce_thumbnail\" alt=\"\" srcset=\"https:\/\/fundaciosetba.org\/wp-content\/uploads\/2025\/11\/Retrato_Digital_24_103973-2-300x300.jpg 300w, https:\/\/fundaciosetba.org\/wp-content\/uploads\/2025\/11\/Retrato_Digital_24_103973-2-150x150.jpg 150w\" sizes=\"auto, (max-width: 300px) 100vw, 300px\" \/><\/div><a class=\"w-gallery-item-link\" aria-label=\"Retrato_Digital_24_103973-2\" href=\"https:\/\/fundaciosetba.org\/wp-content\/uploads\/2025\/11\/Retrato_Digital_24_103973-2-scaled.jpg\" title=\"Retrato_Digital_24_103973-2\"><\/a><\/div><div class=\"w-gallery-item\"><div class=\"w-gallery-item-img\"><img loading=\"lazy\" decoding=\"async\" width=\"300\" height=\"300\" src=\"https:\/\/fundaciosetba.org\/wp-content\/uploads\/2025\/11\/Retrato_Digital_24_103954-2-300x300.jpg\" class=\"attachment-woocommerce_thumbnail size-woocommerce_thumbnail\" alt=\"\" srcset=\"https:\/\/fundaciosetba.org\/wp-content\/uploads\/2025\/11\/Retrato_Digital_24_103954-2-300x300.jpg 300w, https:\/\/fundaciosetba.org\/wp-content\/uploads\/2025\/11\/Retrato_Digital_24_103954-2-150x150.jpg 150w\" sizes=\"auto, (max-width: 300px) 100vw, 300px\" \/><\/div><a class=\"w-gallery-item-link\" aria-label=\"Retrato_Digital_24_103954-2\" href=\"https:\/\/fundaciosetba.org\/wp-content\/uploads\/2025\/11\/Retrato_Digital_24_103954-2-scaled.jpg\" title=\"Retrato_Digital_24_103954-2\"><\/a><\/div><div class=\"w-gallery-item\"><div class=\"w-gallery-item-img\"><img loading=\"lazy\" decoding=\"async\" width=\"300\" height=\"300\" src=\"https:\/\/fundaciosetba.org\/wp-content\/uploads\/2025\/11\/Retrato_Digital_24_103946-2-300x300.jpg\" class=\"attachment-woocommerce_thumbnail size-woocommerce_thumbnail\" alt=\"\" srcset=\"https:\/\/fundaciosetba.org\/wp-content\/uploads\/2025\/11\/Retrato_Digital_24_103946-2-300x300.jpg 300w, https:\/\/fundaciosetba.org\/wp-content\/uploads\/2025\/11\/Retrato_Digital_24_103946-2-150x150.jpg 150w\" sizes=\"auto, (max-width: 300px) 100vw, 300px\" \/><\/div><a class=\"w-gallery-item-link\" aria-label=\"Retrato_Digital_24_103946-2\" href=\"https:\/\/fundaciosetba.org\/wp-content\/uploads\/2025\/11\/Retrato_Digital_24_103946-2-scaled.jpg\" title=\"Retrato_Digital_24_103946-2\"><\/a><\/div><\/div><\/div>\n","protected":false},"excerpt":{"rendered":"<p>Por segundo a\u00f1o consecutivo, la Fundaci\u00f3n Setba, en colaboraci\u00f3n con el IED Barcelona &#8211; Istituto Europeo di Design, ha organizado una clase privada de retrato digital para la entidad ganadora del certamen.<\/p>\n","protected":false},"author":1,"featured_media":40364,"comment_status":"closed","ping_status":"closed","sticky":false,"template":"","format":"standard","meta":{"footnotes":""},"categories":[1353],"tags":[],"class_list":["post-40496","post","type-post","status-publish","format-standard","has-post-thumbnail","hentry","category-premio-setba-es"],"_links":{"self":[{"href":"https:\/\/fundaciosetba.org\/es\/wp-json\/wp\/v2\/posts\/40496","targetHints":{"allow":["GET"]}}],"collection":[{"href":"https:\/\/fundaciosetba.org\/es\/wp-json\/wp\/v2\/posts"}],"about":[{"href":"https:\/\/fundaciosetba.org\/es\/wp-json\/wp\/v2\/types\/post"}],"author":[{"embeddable":true,"href":"https:\/\/fundaciosetba.org\/es\/wp-json\/wp\/v2\/users\/1"}],"replies":[{"embeddable":true,"href":"https:\/\/fundaciosetba.org\/es\/wp-json\/wp\/v2\/comments?post=40496"}],"version-history":[{"count":1,"href":"https:\/\/fundaciosetba.org\/es\/wp-json\/wp\/v2\/posts\/40496\/revisions"}],"predecessor-version":[{"id":40527,"href":"https:\/\/fundaciosetba.org\/es\/wp-json\/wp\/v2\/posts\/40496\/revisions\/40527"}],"wp:featuredmedia":[{"embeddable":true,"href":"https:\/\/fundaciosetba.org\/es\/wp-json\/wp\/v2\/media\/40364"}],"wp:attachment":[{"href":"https:\/\/fundaciosetba.org\/es\/wp-json\/wp\/v2\/media?parent=40496"}],"wp:term":[{"taxonomy":"category","embeddable":true,"href":"https:\/\/fundaciosetba.org\/es\/wp-json\/wp\/v2\/categories?post=40496"},{"taxonomy":"post_tag","embeddable":true,"href":"https:\/\/fundaciosetba.org\/es\/wp-json\/wp\/v2\/tags?post=40496"}],"curies":[{"name":"wp","href":"https:\/\/api.w.org\/{rel}","templated":true}]}}