{"id":40497,"date":"2025-11-19T15:46:49","date_gmt":"2025-11-19T14:46:49","guid":{"rendered":"https:\/\/fundaciosetba.org\/visita-a-las-cavas-mont-marcal-con-el-ganador-del-premio-de-diseno-bardinet-2024\/"},"modified":"2025-11-24T10:58:09","modified_gmt":"2025-11-24T09:58:09","slug":"visita-a-las-cavas-mont-marcal-con-el-ganador-del-premio-de-diseno-bardinet-2024","status":"publish","type":"post","link":"https:\/\/fundaciosetba.org\/es\/visita-a-las-cavas-mont-marcal-con-el-ganador-del-premio-de-diseno-bardinet-2024\/","title":{"rendered":"Visita a las cavas Mont-Mar\u00e7al con el ganador del Premio de Dise\u00f1o Bardinet 2024"},"content":{"rendered":"<p data-start=\"200\" data-end=\"493\">El pasado <strong data-start=\"210\" data-end=\"227\">4 de noviembre<\/strong> , <strong data-start=\"229\" data-end=\"246\">Carlos Garcia<\/strong> , acompa\u00f1ado por el equipo de <strong data-start=\"274\" data-end=\"293\">Prodis Terrassa<\/strong> , visit\u00f3 las cavas <strong data-start=\"316\" data-end=\"331\">Mont-Mar\u00e7al<\/strong> de Bardinet Wines como autor de la nueva etiqueta del <strong data-start=\"410\" data-end=\"434\">vino tinto \u201cM\u00e9s feli\u00e7\u201d<\/strong> de <strong data-start=\"438\" data-end=\"469\">Lacrima Baccus (DO Pened\u00e8s).<\/strong><\/p>\n<p data-start=\"495\" data-end=\"811\">El encuentro fue conducido por <strong data-start=\"526\" data-end=\"542\">\u00d3scar Galera<\/strong> , gestor nacional de Bardinet Espa\u00f1a, que gui\u00f3 a los asistentes a trav\u00e9s de todas las fases de elaboraci\u00f3n del vino. Esta experiencia permiti\u00f3 conocer de primera mano el proceso detr\u00e1s de un producto que combina tradici\u00f3n vitivin\u00edcola y compromiso social.<\/p>\n<div class=\"w-gallery fit_cover wp_gallery type_grid action_popup_image ratio_1x1 count_8\" style=\"--columns:4;--items-gap:8px;\"><div class=\"w-gallery-list\"><div class=\"w-gallery-item\"><div class=\"w-gallery-item-img\"><img loading=\"lazy\" decoding=\"async\" width=\"300\" height=\"300\" src=\"https:\/\/fundaciosetba.org\/wp-content\/uploads\/2025\/11\/IMG_7085-300x300.jpeg\" class=\"attachment-woocommerce_thumbnail size-woocommerce_thumbnail\" alt=\"\" srcset=\"https:\/\/fundaciosetba.org\/wp-content\/uploads\/2025\/11\/IMG_7085-300x300.jpeg 300w, https:\/\/fundaciosetba.org\/wp-content\/uploads\/2025\/11\/IMG_7085-150x150.jpeg 150w\" sizes=\"auto, (max-width: 300px) 100vw, 300px\" \/><\/div><a class=\"w-gallery-item-link\" aria-label=\"IMG_7085\" href=\"https:\/\/fundaciosetba.org\/wp-content\/uploads\/2025\/11\/IMG_7085.jpeg\" title=\"IMG_7085\"><\/a><\/div><div class=\"w-gallery-item\"><div class=\"w-gallery-item-img\"><img loading=\"lazy\" decoding=\"async\" width=\"300\" height=\"300\" src=\"https:\/\/fundaciosetba.org\/wp-content\/uploads\/2025\/11\/IMG_7082-300x300.jpeg\" class=\"attachment-woocommerce_thumbnail size-woocommerce_thumbnail\" alt=\"\" srcset=\"https:\/\/fundaciosetba.org\/wp-content\/uploads\/2025\/11\/IMG_7082-300x300.jpeg 300w, https:\/\/fundaciosetba.org\/wp-content\/uploads\/2025\/11\/IMG_7082-150x150.jpeg 150w\" sizes=\"auto, (max-width: 300px) 100vw, 300px\" \/><\/div><a class=\"w-gallery-item-link\" aria-label=\"IMG_7082\" href=\"https:\/\/fundaciosetba.org\/wp-content\/uploads\/2025\/11\/IMG_7082.jpeg\" title=\"IMG_7082\"><\/a><\/div><div class=\"w-gallery-item\"><div class=\"w-gallery-item-img\"><img loading=\"lazy\" decoding=\"async\" width=\"300\" height=\"300\" src=\"https:\/\/fundaciosetba.org\/wp-content\/uploads\/2025\/11\/DJI_20251104_105837_291-300x300.jpg\" class=\"attachment-woocommerce_thumbnail size-woocommerce_thumbnail\" alt=\"\" srcset=\"https:\/\/fundaciosetba.org\/wp-content\/uploads\/2025\/11\/DJI_20251104_105837_291-300x300.jpg 300w, https:\/\/fundaciosetba.org\/wp-content\/uploads\/2025\/11\/DJI_20251104_105837_291-150x150.jpg 150w\" sizes=\"auto, (max-width: 300px) 100vw, 300px\" \/><\/div><a class=\"w-gallery-item-link\" aria-label=\"DJI_20251104_105837_291\" href=\"https:\/\/fundaciosetba.org\/wp-content\/uploads\/2025\/11\/DJI_20251104_105837_291-scaled.jpg\" title=\"DJI_20251104_105837_291\"><\/a><\/div><div class=\"w-gallery-item\"><div class=\"w-gallery-item-img\"><img loading=\"lazy\" decoding=\"async\" width=\"300\" height=\"300\" src=\"https:\/\/fundaciosetba.org\/wp-content\/uploads\/2025\/11\/DJI_20251104_105414_549-300x300.jpg\" class=\"attachment-woocommerce_thumbnail size-woocommerce_thumbnail\" alt=\"\" srcset=\"https:\/\/fundaciosetba.org\/wp-content\/uploads\/2025\/11\/DJI_20251104_105414_549-300x300.jpg 300w, https:\/\/fundaciosetba.org\/wp-content\/uploads\/2025\/11\/DJI_20251104_105414_549-150x150.jpg 150w\" sizes=\"auto, (max-width: 300px) 100vw, 300px\" \/><\/div><a class=\"w-gallery-item-link\" aria-label=\"DJI_20251104_105414_549\" href=\"https:\/\/fundaciosetba.org\/wp-content\/uploads\/2025\/11\/DJI_20251104_105414_549-scaled.jpg\" title=\"DJI_20251104_105414_549\"><\/a><\/div><div class=\"w-gallery-item\"><div class=\"w-gallery-item-img\"><img loading=\"lazy\" decoding=\"async\" width=\"300\" height=\"300\" src=\"https:\/\/fundaciosetba.org\/wp-content\/uploads\/2025\/11\/DJI_20251104_105915_353-300x300.jpg\" class=\"attachment-woocommerce_thumbnail size-woocommerce_thumbnail\" alt=\"\" srcset=\"https:\/\/fundaciosetba.org\/wp-content\/uploads\/2025\/11\/DJI_20251104_105915_353-300x300.jpg 300w, https:\/\/fundaciosetba.org\/wp-content\/uploads\/2025\/11\/DJI_20251104_105915_353-150x150.jpg 150w\" sizes=\"auto, (max-width: 300px) 100vw, 300px\" \/><\/div><a class=\"w-gallery-item-link\" aria-label=\"DJI_20251104_105915_353\" href=\"https:\/\/fundaciosetba.org\/wp-content\/uploads\/2025\/11\/DJI_20251104_105915_353-scaled.jpg\" title=\"DJI_20251104_105915_353\"><\/a><\/div><div class=\"w-gallery-item\"><div class=\"w-gallery-item-img\"><img loading=\"lazy\" decoding=\"async\" width=\"300\" height=\"300\" src=\"https:\/\/fundaciosetba.org\/wp-content\/uploads\/2025\/11\/DJI_20251104_111301_503-300x300.jpg\" class=\"attachment-woocommerce_thumbnail size-woocommerce_thumbnail\" alt=\"\" srcset=\"https:\/\/fundaciosetba.org\/wp-content\/uploads\/2025\/11\/DJI_20251104_111301_503-300x300.jpg 300w, https:\/\/fundaciosetba.org\/wp-content\/uploads\/2025\/11\/DJI_20251104_111301_503-150x150.jpg 150w\" sizes=\"auto, (max-width: 300px) 100vw, 300px\" \/><\/div><a class=\"w-gallery-item-link\" aria-label=\"DJI_20251104_111301_503\" href=\"https:\/\/fundaciosetba.org\/wp-content\/uploads\/2025\/11\/DJI_20251104_111301_503-scaled.jpg\" title=\"DJI_20251104_111301_503\"><\/a><\/div><div class=\"w-gallery-item\"><div class=\"w-gallery-item-img\"><img loading=\"lazy\" decoding=\"async\" width=\"300\" height=\"300\" src=\"https:\/\/fundaciosetba.org\/wp-content\/uploads\/2025\/11\/IMG_7054-300x300.jpeg\" class=\"attachment-woocommerce_thumbnail size-woocommerce_thumbnail\" alt=\"\" srcset=\"https:\/\/fundaciosetba.org\/wp-content\/uploads\/2025\/11\/IMG_7054-300x300.jpeg 300w, https:\/\/fundaciosetba.org\/wp-content\/uploads\/2025\/11\/IMG_7054-150x150.jpeg 150w\" sizes=\"auto, (max-width: 300px) 100vw, 300px\" \/><\/div><a class=\"w-gallery-item-link\" aria-label=\"IMG_7054\" href=\"https:\/\/fundaciosetba.org\/wp-content\/uploads\/2025\/11\/IMG_7054.jpeg\" title=\"IMG_7054\"><\/a><\/div><div class=\"w-gallery-item\"><div class=\"w-gallery-item-img\"><img loading=\"lazy\" decoding=\"async\" width=\"300\" height=\"300\" src=\"https:\/\/fundaciosetba.org\/wp-content\/uploads\/2025\/11\/IMG_7122-300x300.jpeg\" class=\"attachment-woocommerce_thumbnail size-woocommerce_thumbnail\" alt=\"\" srcset=\"https:\/\/fundaciosetba.org\/wp-content\/uploads\/2025\/11\/IMG_7122-300x300.jpeg 300w, https:\/\/fundaciosetba.org\/wp-content\/uploads\/2025\/11\/IMG_7122-150x150.jpeg 150w\" sizes=\"auto, (max-width: 300px) 100vw, 300px\" \/><\/div><a class=\"w-gallery-item-link\" aria-label=\"IMG_7122\" href=\"https:\/\/fundaciosetba.org\/wp-content\/uploads\/2025\/11\/IMG_7122-scaled.jpeg\" title=\"IMG_7122\"><\/a><\/div><\/div><\/div>\n<p data-start=\"813\" data-end=\"1225\">La visita se enmarca en el reconocimiento de la Fundaci\u00f3n Prodis Terrassa como <strong data-start=\"890\" data-end=\"939\">ganadora del Premio de Dise\u00f1o Bardinet 2024<\/strong> , un galard\u00f3n que ha permitido que la obra de Carlos Garcia se convierta en la nueva imagen de los <strong data-start=\"1031\" data-end=\"1070\">vinos solidarios de la Fundaci\u00f3n Setba<\/strong> . El resultado, el vino <strong data-start=\"1091\" data-end=\"1106\">\u201cM\u00e9s feli\u00e7\u201d<\/strong> , ya est\u00e1 disponible en establecimientos como <strong data-start=\"1144\" data-end=\"1164\">Bonpreu y Esclat<\/strong> , <strong data-start=\"1166\" data-end=\"1188\">Sorli Supermercados<\/strong> y diversas tiendas especializadas.<\/p>\n<blockquote class=\"wp-embedded-content\" data-secret=\"FMFuLcHzIQ\"><p><a href=\"https:\/\/fundaciosetba.org\/es\/la-obra-de-carlos-garcia-se-convierte-en-la-nueva-etiqueta-del-vino-mas-feliz-de-lacrima-baccus\/\">L&#8217;obra de Carlos Garc\u00eda es converteix en la nova etiqueta del vi &#8220;M\u00e9s Feli\u00e7&#8221; de Lacrima Baccus<\/a><\/p><\/blockquote>\n<p><iframe loading=\"lazy\" class=\"wp-embedded-content\" sandbox=\"allow-scripts\" security=\"restricted\" style=\"position: absolute; visibility: hidden;\" title=\"\u00abL&#8217;obra de Carlos Garc\u00eda es converteix en la nova etiqueta del vi &#8220;M\u00e9s Feli\u00e7&#8221; de Lacrima Baccus\u00bb \u2014 Fundaci\u00f3 SETBA\" src=\"https:\/\/fundaciosetba.org\/es\/la-obra-de-carlos-garcia-se-convierte-en-la-nueva-etiqueta-del-vino-mas-feliz-de-lacrima-baccus\/embed\/#?secret=Me2mkaznDi#?secret=FMFuLcHzIQ\" data-secret=\"FMFuLcHzIQ\" width=\"600\" height=\"338\" frameborder=\"0\" marginwidth=\"0\" marginheight=\"0\" scrolling=\"no\"><\/iframe><\/p>\n<p data-start=\"1227\" data-end=\"1462\">La experiencia concluy\u00f3 con un brindis muy especial: la degustaci\u00f3n del nuevo <strong data-start=\"1306\" data-end=\"1326\">cava 0.0 alcohol<\/strong> de Mont-Mar\u00e7al, una propuesta refrescante y festiva que puso el punto y final a una jornada llena de creatividad, inclusi\u00f3n y celebraci\u00f3n.<\/p>\n","protected":false},"excerpt":{"rendered":"<p>Carlos Garcia de Prodis Terrassa visita las cavas Mont-Mar\u00e7al de Bardinet Wines como ganador de la nueva etiqueta del vino tinto \u201cM\u00e9s Feli\u00e7\u201d de Lacrima Baccus (DO Pened\u00e8s), de la que es autor.<\/p>\n","protected":false},"author":1,"featured_media":40524,"comment_status":"closed","ping_status":"closed","sticky":false,"template":"","format":"standard","meta":{"footnotes":""},"categories":[1353],"tags":[],"class_list":["post-40497","post","type-post","status-publish","format-standard","has-post-thumbnail","hentry","category-premio-setba-es"],"_links":{"self":[{"href":"https:\/\/fundaciosetba.org\/es\/wp-json\/wp\/v2\/posts\/40497","targetHints":{"allow":["GET"]}}],"collection":[{"href":"https:\/\/fundaciosetba.org\/es\/wp-json\/wp\/v2\/posts"}],"about":[{"href":"https:\/\/fundaciosetba.org\/es\/wp-json\/wp\/v2\/types\/post"}],"author":[{"embeddable":true,"href":"https:\/\/fundaciosetba.org\/es\/wp-json\/wp\/v2\/users\/1"}],"replies":[{"embeddable":true,"href":"https:\/\/fundaciosetba.org\/es\/wp-json\/wp\/v2\/comments?post=40497"}],"version-history":[{"count":1,"href":"https:\/\/fundaciosetba.org\/es\/wp-json\/wp\/v2\/posts\/40497\/revisions"}],"predecessor-version":[{"id":40529,"href":"https:\/\/fundaciosetba.org\/es\/wp-json\/wp\/v2\/posts\/40497\/revisions\/40529"}],"wp:featuredmedia":[{"embeddable":true,"href":"https:\/\/fundaciosetba.org\/es\/wp-json\/wp\/v2\/media\/40524"}],"wp:attachment":[{"href":"https:\/\/fundaciosetba.org\/es\/wp-json\/wp\/v2\/media?parent=40497"}],"wp:term":[{"taxonomy":"category","embeddable":true,"href":"https:\/\/fundaciosetba.org\/es\/wp-json\/wp\/v2\/categories?post=40497"},{"taxonomy":"post_tag","embeddable":true,"href":"https:\/\/fundaciosetba.org\/es\/wp-json\/wp\/v2\/tags?post=40497"}],"curies":[{"name":"wp","href":"https:\/\/api.w.org\/{rel}","templated":true}]}}