{"id":40498,"date":"2025-10-09T13:03:27","date_gmt":"2025-10-09T12:03:27","guid":{"rendered":"https:\/\/fundaciosetba.org\/la-formacion-del-proyecto-magistrals-con-meritxell-duran-ya-esta-abierta-al-publico\/"},"modified":"2025-11-24T10:57:50","modified_gmt":"2025-11-24T09:57:50","slug":"la-formacion-del-proyecto-magistrals-con-meritxell-duran-ya-esta-abierta-al-publico","status":"publish","type":"post","link":"https:\/\/fundaciosetba.org\/es\/la-formacion-del-proyecto-magistrals-con-meritxell-duran-ya-esta-abierta-al-publico\/","title":{"rendered":"\u00a1La formaci\u00f3n del proyecto Magistrals con Meritxell Duran ya est\u00e1 abierta al p\u00fablico!"},"content":{"rendered":"<p>La quinta edici\u00f3n del proyecto <em>Magistrals<\/em> ya ha iniciado su fase formativa de la mano del artista <strong>Meritxell Duran<\/strong> , creadora multidisciplinar especializada en escultura y cer\u00e1mica.<\/p>\n<p>Este proyecto, que cuenta cada a\u00f1o con diferentes artistas de renombre \u2014hasta ahora <strong>Jaime S\u00fanico, Laura Klamburg, Marta F\u00e0bregas y Paula Leiva\u2014<\/strong> , tiene como objetivo <strong>mejorar la calidad de los talleres art\u00edsticos que se realizan en diversas entidades del sector de la discapacidad de Catalu\u00f1a<\/strong> , as\u00ed como <strong>fomentar la expresi\u00f3n art\u00edstica y el desarrollo personal de los usuarios.<\/strong><\/p>\n<p>En esta edici\u00f3n, Duran ha propuesto un <strong>viaje al mundo de la escultura<\/strong> a trav\u00e9s del trabajo con <strong>arcilla<\/strong> , siendo la primera edici\u00f3n en la que se trabaja el volumen, y lo hace compartiendo su universo creativo con cinco entidades participantes:<\/p>\n<ul>\n<li>Centro Ocupacional Condal \u2013 Barcelona<\/li>\n<li>Asociaci\u00f3n Taller Baix Camp \u2013 Reus<\/li>\n<li>Fundaci\u00f3n Catalana Privada S\u00edndrome de Down \u2013 Barcelona<\/li>\n<li>Fundaci\u00f3n AMPANS \u2013 Manresa<\/li>\n<li>Alterarte (Centro de Formaci\u00f3n y Prevenci\u00f3n) \u2013 Matar\u00f3<\/li>\n<\/ul>\n<div class=\"w-gallery fit_cover wp_gallery type_grid action_popup_image ratio_1x1 count_3\" style=\"--columns:3;--items-gap:8px;\"><div class=\"w-gallery-list\"><div class=\"w-gallery-item\"><div class=\"w-gallery-item-img\"><img loading=\"lazy\" decoding=\"async\" width=\"150\" height=\"150\" src=\"https:\/\/fundaciosetba.org\/wp-content\/uploads\/2025\/10\/2025-02-19_Rodatge-Magistrals-Meritxell_SETBA_026-150x150.jpg\" class=\"attachment-thumbnail size-thumbnail\" alt=\"\" srcset=\"https:\/\/fundaciosetba.org\/wp-content\/uploads\/2025\/10\/2025-02-19_Rodatge-Magistrals-Meritxell_SETBA_026-150x150.jpg 150w, https:\/\/fundaciosetba.org\/wp-content\/uploads\/2025\/10\/2025-02-19_Rodatge-Magistrals-Meritxell_SETBA_026-300x300.jpg 300w\" sizes=\"auto, (max-width: 150px) 100vw, 150px\" \/><\/div><a class=\"w-gallery-item-link\" aria-label=\"2025-02-19_Rodatge Magistrals, Meritxell_SETBA_026\" href=\"https:\/\/fundaciosetba.org\/wp-content\/uploads\/2025\/10\/2025-02-19_Rodatge-Magistrals-Meritxell_SETBA_026-scaled.jpg\" title=\"2025-02-19_Rodatge Magistrals, Meritxell_SETBA_026\"><\/a><\/div><div class=\"w-gallery-item\"><div class=\"w-gallery-item-img\"><img loading=\"lazy\" decoding=\"async\" width=\"150\" height=\"150\" src=\"https:\/\/fundaciosetba.org\/wp-content\/uploads\/2025\/10\/2025-02-19_Rodatge-Magistrals-Meritxell_SETBA_042-150x150.jpg\" class=\"attachment-thumbnail size-thumbnail\" alt=\"\" srcset=\"https:\/\/fundaciosetba.org\/wp-content\/uploads\/2025\/10\/2025-02-19_Rodatge-Magistrals-Meritxell_SETBA_042-150x150.jpg 150w, https:\/\/fundaciosetba.org\/wp-content\/uploads\/2025\/10\/2025-02-19_Rodatge-Magistrals-Meritxell_SETBA_042-300x300.jpg 300w\" sizes=\"auto, (max-width: 150px) 100vw, 150px\" \/><\/div><a class=\"w-gallery-item-link\" aria-label=\"2025-02-19_Rodatge Magistrals, Meritxell_SETBA_042\" href=\"https:\/\/fundaciosetba.org\/wp-content\/uploads\/2025\/10\/2025-02-19_Rodatge-Magistrals-Meritxell_SETBA_042-scaled.jpg\" title=\"2025-02-19_Rodatge Magistrals, Meritxell_SETBA_042\"><\/a><\/div><div class=\"w-gallery-item\"><div class=\"w-gallery-item-img\"><img loading=\"lazy\" decoding=\"async\" width=\"150\" height=\"150\" src=\"https:\/\/fundaciosetba.org\/wp-content\/uploads\/2025\/10\/2025-02-19_Rodatge-Magistrals-Meritxell_SETBA_043-150x150.jpg\" class=\"attachment-thumbnail size-thumbnail\" alt=\"\" srcset=\"https:\/\/fundaciosetba.org\/wp-content\/uploads\/2025\/10\/2025-02-19_Rodatge-Magistrals-Meritxell_SETBA_043-150x150.jpg 150w, https:\/\/fundaciosetba.org\/wp-content\/uploads\/2025\/10\/2025-02-19_Rodatge-Magistrals-Meritxell_SETBA_043-300x300.jpg 300w\" sizes=\"auto, (max-width: 150px) 100vw, 150px\" \/><\/div><a class=\"w-gallery-item-link\" aria-label=\"2025-02-19_Rodatge Magistrals, Meritxell_SETBA_043\" href=\"https:\/\/fundaciosetba.org\/wp-content\/uploads\/2025\/10\/2025-02-19_Rodatge-Magistrals-Meritxell_SETBA_043-scaled.jpg\" title=\"2025-02-19_Rodatge Magistrals, Meritxell_SETBA_043\"><\/a><\/div><\/div><\/div>\n<h4>La formaci\u00f3n online ya est\u00e1 disponible en nuestro canal de YouTube<\/h4>\n<p>Desde marzo hasta junio, las entidades han seguido la formaci\u00f3n online a trav\u00e9s de unas c\u00e1psulas de v\u00eddeo, donde Meritxell Duran cuenta la historia de la escultura y la arcilla, y propone dos ejercicios pr\u00e1cticos que las entidades han realizado de forma aut\u00f3noma.<\/p>\n<p>Este v\u00eddeo, que hasta ahora formaba parte de la formaci\u00f3n interna del proyecto, es ya p\u00fablico y accesible a nuestro canal de YouTube.<\/p>\n<p>Os invitamos a visitarlo y descubrir c\u00f3mo se vive el arte desde dentro del proyecto Magistrals!<\/p>\n<p><iframe loading=\"lazy\" title=\"Modelar amb argila | Meritxell Duran | Formacions Magistrals 2025\" width=\"640\" height=\"360\" src=\"https:\/\/www.youtube.com\/embed\/dXG87vT_Vrg?feature=oembed\" frameborder=\"0\" allow=\"accelerometer; autoplay; clipboard-write; encrypted-media; gyroscope; picture-in-picture; web-share\" referrerpolicy=\"strict-origin-when-cross-origin\" allowfullscreen><\/iframe><\/p>\n<h4>El proceso creativo: de la arcilla al autorretrato<\/h4>\n<p>El proyecto Magistrals combina formaci\u00f3n online y sesiones presenciales, ofreciendo una experiencia art\u00edstica completa que acompa\u00f1a a las entidades a lo largo de todo el a\u00f1o.<\/p>\n<p>En primer lugar, a principios de a\u00f1o, los profesionales de arte de las entidades participantes se desplazan a la Fundaci\u00f3 Setba para recibir una formaci\u00f3n art\u00edstica de modelado con arcilla, dirigida por Meritxell Duran. En este primer encuentro, se trabajan las bases t\u00e9cnicas y expresivas de la escultura.<\/p>\n<div class=\"w-gallery fit_cover wp_gallery type_grid action_popup_image ratio_1x1 count_3\" style=\"--columns:3;--items-gap:8px;\"><div class=\"w-gallery-list\"><div class=\"w-gallery-item\"><div class=\"w-gallery-item-img\"><img loading=\"lazy\" decoding=\"async\" width=\"150\" height=\"150\" src=\"https:\/\/fundaciosetba.org\/wp-content\/uploads\/2025\/10\/photo_5868565931284874874_y-150x150.jpg\" class=\"attachment-thumbnail size-thumbnail\" alt=\"\" srcset=\"https:\/\/fundaciosetba.org\/wp-content\/uploads\/2025\/10\/photo_5868565931284874874_y-150x150.jpg 150w, https:\/\/fundaciosetba.org\/wp-content\/uploads\/2025\/10\/photo_5868565931284874874_y-300x300.jpg 300w\" sizes=\"auto, (max-width: 150px) 100vw, 150px\" \/><\/div><a class=\"w-gallery-item-link\" aria-label=\"photo_5868565931284874874_y\" href=\"https:\/\/fundaciosetba.org\/wp-content\/uploads\/2025\/10\/photo_5868565931284874874_y.jpg\" title=\"photo_5868565931284874874_y\"><\/a><\/div><div class=\"w-gallery-item\"><div class=\"w-gallery-item-img\"><img loading=\"lazy\" decoding=\"async\" width=\"150\" height=\"150\" src=\"https:\/\/fundaciosetba.org\/wp-content\/uploads\/2025\/10\/photo_5868565931284874871_y-150x150.jpg\" class=\"attachment-thumbnail size-thumbnail\" alt=\"\" srcset=\"https:\/\/fundaciosetba.org\/wp-content\/uploads\/2025\/10\/photo_5868565931284874871_y-150x150.jpg 150w, https:\/\/fundaciosetba.org\/wp-content\/uploads\/2025\/10\/photo_5868565931284874871_y-300x300.jpg 300w\" sizes=\"auto, (max-width: 150px) 100vw, 150px\" \/><\/div><a class=\"w-gallery-item-link\" aria-label=\"photo_5868565931284874871_y\" href=\"https:\/\/fundaciosetba.org\/wp-content\/uploads\/2025\/10\/photo_5868565931284874871_y.jpg\" title=\"photo_5868565931284874871_y\"><\/a><\/div><div class=\"w-gallery-item\"><div class=\"w-gallery-item-img\"><img loading=\"lazy\" decoding=\"async\" width=\"150\" height=\"150\" src=\"https:\/\/fundaciosetba.org\/wp-content\/uploads\/2025\/10\/photo_5868565931284874880_y-150x150.jpg\" class=\"attachment-thumbnail size-thumbnail\" alt=\"\" srcset=\"https:\/\/fundaciosetba.org\/wp-content\/uploads\/2025\/10\/photo_5868565931284874880_y-150x150.jpg 150w, https:\/\/fundaciosetba.org\/wp-content\/uploads\/2025\/10\/photo_5868565931284874880_y-300x300.jpg 300w\" sizes=\"auto, (max-width: 150px) 100vw, 150px\" \/><\/div><a class=\"w-gallery-item-link\" aria-label=\"photo_5868565931284874880_y\" href=\"https:\/\/fundaciosetba.org\/wp-content\/uploads\/2025\/10\/photo_5868565931284874880_y.jpg\" title=\"photo_5868565931284874880_y\"><\/a><\/div><\/div><\/div>\n<p>Posteriormente, los centros reciben la formaci\u00f3n online, donde dos personas usuarias de cada entidad elaboran un busto en arcilla de alguien que quieran representar. Esta fase permite profundizar en la observaci\u00f3n, proporci\u00f3n y expresi\u00f3n emocional de las figuras.<\/p>\n<div class=\"w-gallery fit_cover wp_gallery type_grid action_popup_image ratio_1x1 count_2\" style=\"--columns:2;--items-gap:8px;\"><div class=\"w-gallery-list\"><div class=\"w-gallery-item\"><div class=\"w-gallery-item-img\"><img loading=\"lazy\" decoding=\"async\" width=\"150\" height=\"150\" src=\"https:\/\/fundaciosetba.org\/wp-content\/uploads\/2025\/10\/CO-Condal_4-150x150.jpg\" class=\"attachment-thumbnail size-thumbnail\" alt=\"\" srcset=\"https:\/\/fundaciosetba.org\/wp-content\/uploads\/2025\/10\/CO-Condal_4-150x150.jpg 150w, https:\/\/fundaciosetba.org\/wp-content\/uploads\/2025\/10\/CO-Condal_4-300x300.jpg 300w\" sizes=\"auto, (max-width: 150px) 100vw, 150px\" \/><\/div><a class=\"w-gallery-item-link\" aria-label=\"oplus_2097186\" href=\"https:\/\/fundaciosetba.org\/wp-content\/uploads\/2025\/10\/CO-Condal_4-scaled.jpg\" title=\"oplus_2097186\"><\/a><\/div><div class=\"w-gallery-item\"><div class=\"w-gallery-item-img\"><img loading=\"lazy\" decoding=\"async\" width=\"150\" height=\"150\" src=\"https:\/\/fundaciosetba.org\/wp-content\/uploads\/2025\/10\/IMG_20250331_125234-150x150.jpg\" class=\"attachment-thumbnail size-thumbnail\" alt=\"\" srcset=\"https:\/\/fundaciosetba.org\/wp-content\/uploads\/2025\/10\/IMG_20250331_125234-150x150.jpg 150w, https:\/\/fundaciosetba.org\/wp-content\/uploads\/2025\/10\/IMG_20250331_125234-300x300.jpg 300w\" sizes=\"auto, (max-width: 150px) 100vw, 150px\" \/><\/div><a class=\"w-gallery-item-link\" aria-label=\"IMG_20250331_125234\" href=\"https:\/\/fundaciosetba.org\/wp-content\/uploads\/2025\/10\/IMG_20250331_125234-scaled.jpg\" title=\"IMG_20250331_125234\"><\/a><\/div><\/div><\/div>\n<h4><strong>Las visitas presenciales: el artista entra en los talleres<\/strong><\/h4>\n<p>Por \u00faltimo, durante los meses de octubre y noviembre, el proyecto culmina con la formaci\u00f3n presencial en los centros, donde 50 participantes (10 por entidad) crean un autorretrato en arcilla a partir de su propia imagen, con la ayuda de un espejo para guiar el proceso.<\/p>\n<p>Durante esta etapa, Meritxell Duran visita personalmente todos los centros participantes, trabajando codo con codo con los usuarios y usuarias para terminar la cabeza conjuntamente y experimentar con las mezclas de colores.<\/p>\n<p>Este proceso compartido refuerza el v\u00ednculo entre creador y participante, convirtiendo cada sesi\u00f3n en un espacio de crecimiento, aprendizaje y expresi\u00f3n personal.<\/p>\n<p>&nbsp;<\/p>\n<p>Este proyecto ha sido posible gracias a la colaboraci\u00f3n de entidades como Bizcabar Patrimonio y Capital Care, patrocinadores del proyecto, y con el apoyo de instituciones como el Ayuntamiento de Barcelona, \u200b\u200bBarna Art, Bardinet, Galer\u00edas de Arte de Catalu\u00f1a, Dincat, Ideal Barcelona, \u200b\u200bMuseo Inmersivo del Bar\u00e7a, Fundaci\u00f3n \u201cla Caixa\u201d, IED Barcelona, \u200b\u200bPinturas Mir.<\/p>\n","protected":false},"excerpt":{"rendered":"<p>La quinta edici\u00f3n del proyecto Magistrals ya ha iniciado su fase formativa de la mano del artista Meritxell Duran , creadora multidisciplinar especializada en escultura y cer\u00e1mica.<\/p>\n","protected":false},"author":1,"featured_media":39988,"comment_status":"closed","ping_status":"closed","sticky":false,"template":"","format":"video","meta":{"footnotes":""},"categories":[1352],"tags":[],"class_list":["post-40498","post","type-post","status-publish","format-video","has-post-thumbnail","hentry","category-magistrales-es","post_format-post-format-video"],"_links":{"self":[{"href":"https:\/\/fundaciosetba.org\/es\/wp-json\/wp\/v2\/posts\/40498","targetHints":{"allow":["GET"]}}],"collection":[{"href":"https:\/\/fundaciosetba.org\/es\/wp-json\/wp\/v2\/posts"}],"about":[{"href":"https:\/\/fundaciosetba.org\/es\/wp-json\/wp\/v2\/types\/post"}],"author":[{"embeddable":true,"href":"https:\/\/fundaciosetba.org\/es\/wp-json\/wp\/v2\/users\/1"}],"replies":[{"embeddable":true,"href":"https:\/\/fundaciosetba.org\/es\/wp-json\/wp\/v2\/comments?post=40498"}],"version-history":[{"count":1,"href":"https:\/\/fundaciosetba.org\/es\/wp-json\/wp\/v2\/posts\/40498\/revisions"}],"predecessor-version":[{"id":40528,"href":"https:\/\/fundaciosetba.org\/es\/wp-json\/wp\/v2\/posts\/40498\/revisions\/40528"}],"wp:featuredmedia":[{"embeddable":true,"href":"https:\/\/fundaciosetba.org\/es\/wp-json\/wp\/v2\/media\/39988"}],"wp:attachment":[{"href":"https:\/\/fundaciosetba.org\/es\/wp-json\/wp\/v2\/media?parent=40498"}],"wp:term":[{"taxonomy":"category","embeddable":true,"href":"https:\/\/fundaciosetba.org\/es\/wp-json\/wp\/v2\/categories?post=40498"},{"taxonomy":"post_tag","embeddable":true,"href":"https:\/\/fundaciosetba.org\/es\/wp-json\/wp\/v2\/tags?post=40498"}],"curies":[{"name":"wp","href":"https:\/\/api.w.org\/{rel}","templated":true}]}}