{"id":40499,"date":"2025-10-09T12:28:21","date_gmt":"2025-10-09T11:28:21","guid":{"rendered":"https:\/\/fundaciosetba.org\/actos-organizados-por-el-dia-mundial-de-la-salud-mental\/"},"modified":"2025-11-24T10:55:42","modified_gmt":"2025-11-24T09:55:42","slug":"actos-organizados-por-el-dia-mundial-de-la-salud-mental","status":"publish","type":"post","link":"https:\/\/fundaciosetba.org\/es\/actos-organizados-por-el-dia-mundial-de-la-salud-mental\/","title":{"rendered":"Actos organizados por el D\u00eda Mundial de la Salud Mental"},"content":{"rendered":"<p>Este 2025, la Fundaci\u00f3n Setba ha vuelto a demostrar c\u00f3mo <strong>el arte puede convertirse en una herramienta de bienestar, conexi\u00f3n y transformaci\u00f3n social<\/strong> . El proyecto <em>Natura es Cultura<\/em> , que une creaci\u00f3n art\u00edstica y salud mental, se ha desplegado este a\u00f1o en dos territorios -Aviny\u00f3 y Girona-, tejiendo un hilo conductor entre personas, paisajes y emociones.<\/p>\n<p><strong>En el marco del D\u00eda Mundial de la Salud Mental, la Fundaci\u00f3n Setba ha organizado dos actos en estos territorios<\/strong> para visibilitar el proyecto y desestigmatizar a las personas que conviven con trastornos mentales.<\/p>\n<h6>Festival Healing Arts Barcelona: 22 de octubre a las 11:30 horas en Aviny\u00f3<\/h6>\n<p><a href=\"https:\/\/www.healingartsbarcelona.org\/\"><img loading=\"lazy\" decoding=\"async\" class=\"size-us_600_400 wp-image-39901 alignnone\" src=\"https:\/\/fundaciosetba.org\/wp-content\/uploads\/2025\/09\/Imatge-destacada-web-25-15-533x400.png\" alt=\"\" width=\"533\" height=\"400\" srcset=\"https:\/\/fundaciosetba.org\/wp-content\/uploads\/2025\/09\/Imatge-destacada-web-25-15-533x400.png 533w, https:\/\/fundaciosetba.org\/wp-content\/uploads\/2025\/09\/Imatge-destacada-web-25-15-300x225.png 300w, https:\/\/fundaciosetba.org\/wp-content\/uploads\/2025\/09\/Imatge-destacada-web-25-15-1024x768.png 1024w, https:\/\/fundaciosetba.org\/wp-content\/uploads\/2025\/09\/Imatge-destacada-web-25-15-133x100.png 133w, https:\/\/fundaciosetba.org\/wp-content\/uploads\/2025\/09\/Imatge-destacada-web-25-15-600x450.png 600w, https:\/\/fundaciosetba.org\/wp-content\/uploads\/2025\/09\/Imatge-destacada-web-25-15.png 1200w\" sizes=\"auto, (max-width: 533px) 100vw, 533px\" \/><\/a><\/p>\n<h6>Festival Art &amp; Gavarres: hasta el 2 de noviembre, visita instalaci\u00f3n &#8220;Entorno de un viaje&#8221; a Celr\u00e0<\/h6>\n<p><a href=\"https:\/\/www.artigavarres.cat\/\"><img loading=\"lazy\" decoding=\"async\" class=\"size-us_600_400 wp-image-39908 alignnone\" src=\"https:\/\/fundaciosetba.org\/wp-content\/uploads\/2025\/09\/Imatge-destacada-web-25-16-533x400.png\" alt=\"\" width=\"533\" height=\"400\" srcset=\"https:\/\/fundaciosetba.org\/wp-content\/uploads\/2025\/09\/Imatge-destacada-web-25-16-533x400.png 533w, https:\/\/fundaciosetba.org\/wp-content\/uploads\/2025\/09\/Imatge-destacada-web-25-16-300x225.png 300w, https:\/\/fundaciosetba.org\/wp-content\/uploads\/2025\/09\/Imatge-destacada-web-25-16-1024x768.png 1024w, https:\/\/fundaciosetba.org\/wp-content\/uploads\/2025\/09\/Imatge-destacada-web-25-16-133x100.png 133w, https:\/\/fundaciosetba.org\/wp-content\/uploads\/2025\/09\/Imatge-destacada-web-25-16-600x450.png 600w, https:\/\/fundaciosetba.org\/wp-content\/uploads\/2025\/09\/Imatge-destacada-web-25-16.png 1200w\" sizes=\"auto, (max-width: 533px) 100vw, 533px\" \/><\/a><\/p>\n<hr \/>\n<h4>De Avi\u00f1\u00f3n: el origen de un equilibrio<\/h4>\n<p>Del 26 de mayo al 6 de junio, participantes de cuatro entidades de salud mental de la provincia de Barcelona &#8211; <strong>Fundaci\u00f3n Els Tres Turons, Fundaci\u00f3n Centro de Formaci\u00f3n y Prevenci\u00f3n, CPB Serveis Salut Mental y Osonament<\/strong> &#8211; vivieron una residencia art\u00edstica en Cal Gras (Avi\u00f1\u00f3n).<\/p>\n<p>Bajo la direcci\u00f3n del artista <strong>Quim Moya<\/strong> , con la colaboraci\u00f3n de Ignasi Vilarasau, Maria Ribera, Carla Bud\u00f3 y Pau Gil, los participantes trabajaron entre bosques y campos para crear <em><strong>Equilibri<\/strong> ,<\/em> una instalaci\u00f3n que simboliza la b\u00fasqueda de serenidad y armon\u00eda en la vida cotidiana.<\/p>\n<p><strong>Esta obra se presentar\u00e1 el 22 de octubre en Avi\u00f1\u00f3n, en el marco del Healing Arts Barcelona<\/strong> , \u200b\u200bcomo una acci\u00f3n de concienciaci\u00f3n social abierta al p\u00fablico. La actividad tendr\u00e1 lugar en la plaza de la Biblioteca y el CAP a las 11:30 h , y culminar\u00e1 con una chocolatada popular. Ser\u00e1 tambi\u00e9n un punto de encuentro entre los participantes del proyecto y los alumnos implicados en la iniciativa de correspondencia art\u00edstica.<\/p>\n<p><em>Fotograf\u00edas: Laura G\u00e1lvez-Rhein<\/em><\/p>\n<div class=\"w-gallery fit_cover wp_gallery type_grid action_popup_image ratio_1x1 count_12\" style=\"--columns:6;--items-gap:8px;\"><div class=\"w-gallery-list\"><div class=\"w-gallery-item\"><div class=\"w-gallery-item-img\"><img loading=\"lazy\" decoding=\"async\" width=\"150\" height=\"150\" src=\"https:\/\/fundaciosetba.org\/wp-content\/uploads\/2025\/10\/2025-05-28_Natura-es-cultura-SETBA_001-150x150.jpg\" class=\"attachment-thumbnail size-thumbnail\" alt=\"\" srcset=\"https:\/\/fundaciosetba.org\/wp-content\/uploads\/2025\/10\/2025-05-28_Natura-es-cultura-SETBA_001-150x150.jpg 150w, https:\/\/fundaciosetba.org\/wp-content\/uploads\/2025\/10\/2025-05-28_Natura-es-cultura-SETBA_001-300x300.jpg 300w\" sizes=\"auto, (max-width: 150px) 100vw, 150px\" \/><\/div><a class=\"w-gallery-item-link\" aria-label=\"2025-05-28_Natura \u00e9s cultura-SETBA_001\" href=\"https:\/\/fundaciosetba.org\/wp-content\/uploads\/2025\/10\/2025-05-28_Natura-es-cultura-SETBA_001-scaled.jpg\" title=\"2025-05-28_Natura \u00e9s cultura-SETBA_001\"><\/a><\/div><div class=\"w-gallery-item\"><div class=\"w-gallery-item-img\"><img loading=\"lazy\" decoding=\"async\" width=\"150\" height=\"150\" src=\"https:\/\/fundaciosetba.org\/wp-content\/uploads\/2025\/10\/2025-05-28_Natura-es-cultura-SETBA_003-150x150.jpg\" class=\"attachment-thumbnail size-thumbnail\" alt=\"\" srcset=\"https:\/\/fundaciosetba.org\/wp-content\/uploads\/2025\/10\/2025-05-28_Natura-es-cultura-SETBA_003-150x150.jpg 150w, https:\/\/fundaciosetba.org\/wp-content\/uploads\/2025\/10\/2025-05-28_Natura-es-cultura-SETBA_003-300x300.jpg 300w\" sizes=\"auto, (max-width: 150px) 100vw, 150px\" \/><\/div><a class=\"w-gallery-item-link\" aria-label=\"2025-05-28_Natura \u00e9s cultura-SETBA_003\" href=\"https:\/\/fundaciosetba.org\/wp-content\/uploads\/2025\/10\/2025-05-28_Natura-es-cultura-SETBA_003-scaled.jpg\" title=\"2025-05-28_Natura \u00e9s cultura-SETBA_003\"><\/a><\/div><div class=\"w-gallery-item\"><div class=\"w-gallery-item-img\"><img loading=\"lazy\" decoding=\"async\" width=\"150\" height=\"150\" src=\"https:\/\/fundaciosetba.org\/wp-content\/uploads\/2025\/10\/2025-05-28_Natura-es-cultura-SETBA_004-150x150.jpg\" class=\"attachment-thumbnail size-thumbnail\" alt=\"\" srcset=\"https:\/\/fundaciosetba.org\/wp-content\/uploads\/2025\/10\/2025-05-28_Natura-es-cultura-SETBA_004-150x150.jpg 150w, https:\/\/fundaciosetba.org\/wp-content\/uploads\/2025\/10\/2025-05-28_Natura-es-cultura-SETBA_004-300x300.jpg 300w\" sizes=\"auto, (max-width: 150px) 100vw, 150px\" \/><\/div><a class=\"w-gallery-item-link\" aria-label=\"2025-05-28_Natura \u00e9s cultura-SETBA_004\" href=\"https:\/\/fundaciosetba.org\/wp-content\/uploads\/2025\/10\/2025-05-28_Natura-es-cultura-SETBA_004-scaled.jpg\" title=\"2025-05-28_Natura \u00e9s cultura-SETBA_004\"><\/a><\/div><div class=\"w-gallery-item\"><div class=\"w-gallery-item-img\"><img loading=\"lazy\" decoding=\"async\" width=\"150\" height=\"150\" src=\"https:\/\/fundaciosetba.org\/wp-content\/uploads\/2025\/10\/2025-05-28_Natura-es-cultura-SETBA_008-150x150.jpg\" class=\"attachment-thumbnail size-thumbnail\" alt=\"\" srcset=\"https:\/\/fundaciosetba.org\/wp-content\/uploads\/2025\/10\/2025-05-28_Natura-es-cultura-SETBA_008-150x150.jpg 150w, https:\/\/fundaciosetba.org\/wp-content\/uploads\/2025\/10\/2025-05-28_Natura-es-cultura-SETBA_008-300x300.jpg 300w\" sizes=\"auto, (max-width: 150px) 100vw, 150px\" \/><\/div><a class=\"w-gallery-item-link\" aria-label=\"2025-05-28_Natura \u00e9s cultura-SETBA_008\" href=\"https:\/\/fundaciosetba.org\/wp-content\/uploads\/2025\/10\/2025-05-28_Natura-es-cultura-SETBA_008-scaled.jpg\" title=\"2025-05-28_Natura \u00e9s cultura-SETBA_008\"><\/a><\/div><div class=\"w-gallery-item\"><div class=\"w-gallery-item-img\"><img loading=\"lazy\" decoding=\"async\" width=\"150\" height=\"150\" src=\"https:\/\/fundaciosetba.org\/wp-content\/uploads\/2025\/10\/2025-05-28_Natura-es-cultura-SETBA_010-150x150.jpg\" class=\"attachment-thumbnail size-thumbnail\" alt=\"\" srcset=\"https:\/\/fundaciosetba.org\/wp-content\/uploads\/2025\/10\/2025-05-28_Natura-es-cultura-SETBA_010-150x150.jpg 150w, https:\/\/fundaciosetba.org\/wp-content\/uploads\/2025\/10\/2025-05-28_Natura-es-cultura-SETBA_010-300x300.jpg 300w\" sizes=\"auto, (max-width: 150px) 100vw, 150px\" \/><\/div><a class=\"w-gallery-item-link\" aria-label=\"2025-05-28_Natura \u00e9s cultura-SETBA_010\" href=\"https:\/\/fundaciosetba.org\/wp-content\/uploads\/2025\/10\/2025-05-28_Natura-es-cultura-SETBA_010-scaled.jpg\" title=\"2025-05-28_Natura \u00e9s cultura-SETBA_010\"><\/a><\/div><div class=\"w-gallery-item\"><div class=\"w-gallery-item-img\"><img loading=\"lazy\" decoding=\"async\" width=\"150\" height=\"150\" src=\"https:\/\/fundaciosetba.org\/wp-content\/uploads\/2025\/10\/2025-05-28_Natura-es-cultura-SETBA_011-150x150.jpg\" class=\"attachment-thumbnail size-thumbnail\" alt=\"\" srcset=\"https:\/\/fundaciosetba.org\/wp-content\/uploads\/2025\/10\/2025-05-28_Natura-es-cultura-SETBA_011-150x150.jpg 150w, https:\/\/fundaciosetba.org\/wp-content\/uploads\/2025\/10\/2025-05-28_Natura-es-cultura-SETBA_011-300x300.jpg 300w\" sizes=\"auto, (max-width: 150px) 100vw, 150px\" \/><\/div><a class=\"w-gallery-item-link\" aria-label=\"2025-05-28_Natura \u00e9s cultura-SETBA_011\" href=\"https:\/\/fundaciosetba.org\/wp-content\/uploads\/2025\/10\/2025-05-28_Natura-es-cultura-SETBA_011-scaled.jpg\" title=\"2025-05-28_Natura \u00e9s cultura-SETBA_011\"><\/a><\/div><div class=\"w-gallery-item\"><div class=\"w-gallery-item-img\"><img loading=\"lazy\" decoding=\"async\" width=\"150\" height=\"150\" src=\"https:\/\/fundaciosetba.org\/wp-content\/uploads\/2025\/10\/2025-05-28_Natura-es-cultura-SETBA_015-150x150.jpg\" class=\"attachment-thumbnail size-thumbnail\" alt=\"\" srcset=\"https:\/\/fundaciosetba.org\/wp-content\/uploads\/2025\/10\/2025-05-28_Natura-es-cultura-SETBA_015-150x150.jpg 150w, https:\/\/fundaciosetba.org\/wp-content\/uploads\/2025\/10\/2025-05-28_Natura-es-cultura-SETBA_015-300x300.jpg 300w\" sizes=\"auto, (max-width: 150px) 100vw, 150px\" \/><\/div><a class=\"w-gallery-item-link\" aria-label=\"2025-05-28_Natura \u00e9s cultura-SETBA_015\" href=\"https:\/\/fundaciosetba.org\/wp-content\/uploads\/2025\/10\/2025-05-28_Natura-es-cultura-SETBA_015-scaled.jpg\" title=\"2025-05-28_Natura \u00e9s cultura-SETBA_015\"><\/a><\/div><div class=\"w-gallery-item\"><div class=\"w-gallery-item-img\"><img loading=\"lazy\" decoding=\"async\" width=\"150\" height=\"150\" src=\"https:\/\/fundaciosetba.org\/wp-content\/uploads\/2025\/10\/2025-05-28_Natura-es-cultura-SETBA_022-150x150.jpg\" class=\"attachment-thumbnail size-thumbnail\" alt=\"\" srcset=\"https:\/\/fundaciosetba.org\/wp-content\/uploads\/2025\/10\/2025-05-28_Natura-es-cultura-SETBA_022-150x150.jpg 150w, https:\/\/fundaciosetba.org\/wp-content\/uploads\/2025\/10\/2025-05-28_Natura-es-cultura-SETBA_022-300x300.jpg 300w\" sizes=\"auto, (max-width: 150px) 100vw, 150px\" \/><\/div><a class=\"w-gallery-item-link\" aria-label=\"2025-05-28_Natura \u00e9s cultura-SETBA_022\" href=\"https:\/\/fundaciosetba.org\/wp-content\/uploads\/2025\/10\/2025-05-28_Natura-es-cultura-SETBA_022-scaled.jpg\" title=\"2025-05-28_Natura \u00e9s cultura-SETBA_022\"><\/a><\/div><div class=\"w-gallery-item\"><div class=\"w-gallery-item-img\"><img loading=\"lazy\" decoding=\"async\" width=\"150\" height=\"150\" src=\"https:\/\/fundaciosetba.org\/wp-content\/uploads\/2025\/10\/2025-05-28_Natura-es-cultura-SETBA_032-150x150.jpg\" class=\"attachment-thumbnail size-thumbnail\" alt=\"\" srcset=\"https:\/\/fundaciosetba.org\/wp-content\/uploads\/2025\/10\/2025-05-28_Natura-es-cultura-SETBA_032-150x150.jpg 150w, https:\/\/fundaciosetba.org\/wp-content\/uploads\/2025\/10\/2025-05-28_Natura-es-cultura-SETBA_032-300x300.jpg 300w\" sizes=\"auto, (max-width: 150px) 100vw, 150px\" \/><\/div><a class=\"w-gallery-item-link\" aria-label=\"2025-05-28_Natura \u00e9s cultura-SETBA_032\" href=\"https:\/\/fundaciosetba.org\/wp-content\/uploads\/2025\/10\/2025-05-28_Natura-es-cultura-SETBA_032-scaled.jpg\" title=\"2025-05-28_Natura \u00e9s cultura-SETBA_032\"><\/a><\/div><div class=\"w-gallery-item\"><div class=\"w-gallery-item-img\"><img loading=\"lazy\" decoding=\"async\" width=\"150\" height=\"150\" src=\"https:\/\/fundaciosetba.org\/wp-content\/uploads\/2025\/10\/2025-05-28_Natura-es-cultura-SETBA_035-150x150.jpg\" class=\"attachment-thumbnail size-thumbnail\" alt=\"\" srcset=\"https:\/\/fundaciosetba.org\/wp-content\/uploads\/2025\/10\/2025-05-28_Natura-es-cultura-SETBA_035-150x150.jpg 150w, https:\/\/fundaciosetba.org\/wp-content\/uploads\/2025\/10\/2025-05-28_Natura-es-cultura-SETBA_035-300x300.jpg 300w\" sizes=\"auto, (max-width: 150px) 100vw, 150px\" \/><\/div><a class=\"w-gallery-item-link\" aria-label=\"2025-05-28_Natura es cultura-SETBA_035\" href=\"https:\/\/fundaciosetba.org\/wp-content\/uploads\/2025\/10\/2025-05-28_Natura-es-cultura-SETBA_035-scaled.jpg\" title=\"2025-05-28_Natura es cultura-SETBA_035\"><\/a><\/div><div class=\"w-gallery-item\"><div class=\"w-gallery-item-img\"><img loading=\"lazy\" decoding=\"async\" width=\"150\" height=\"150\" src=\"https:\/\/fundaciosetba.org\/wp-content\/uploads\/2025\/10\/2025-05-28_Natura-es-cultura-SETBA_038-150x150.jpg\" class=\"attachment-thumbnail size-thumbnail\" alt=\"\" srcset=\"https:\/\/fundaciosetba.org\/wp-content\/uploads\/2025\/10\/2025-05-28_Natura-es-cultura-SETBA_038-150x150.jpg 150w, https:\/\/fundaciosetba.org\/wp-content\/uploads\/2025\/10\/2025-05-28_Natura-es-cultura-SETBA_038-300x300.jpg 300w\" sizes=\"auto, (max-width: 150px) 100vw, 150px\" \/><\/div><a class=\"w-gallery-item-link\" aria-label=\"2025-05-28_Natura \u00e9s cultura-SETBA_038\" href=\"https:\/\/fundaciosetba.org\/wp-content\/uploads\/2025\/10\/2025-05-28_Natura-es-cultura-SETBA_038-scaled.jpg\" title=\"2025-05-28_Natura \u00e9s cultura-SETBA_038\"><\/a><\/div><div class=\"w-gallery-item\"><div class=\"w-gallery-item-img\"><img loading=\"lazy\" decoding=\"async\" width=\"150\" height=\"150\" src=\"https:\/\/fundaciosetba.org\/wp-content\/uploads\/2025\/10\/2025-05-28_Natura-es-cultura-SETBA_063-150x150.jpg\" class=\"attachment-thumbnail size-thumbnail\" alt=\"\" srcset=\"https:\/\/fundaciosetba.org\/wp-content\/uploads\/2025\/10\/2025-05-28_Natura-es-cultura-SETBA_063-150x150.jpg 150w, https:\/\/fundaciosetba.org\/wp-content\/uploads\/2025\/10\/2025-05-28_Natura-es-cultura-SETBA_063-300x300.jpg 300w\" sizes=\"auto, (max-width: 150px) 100vw, 150px\" \/><\/div><a class=\"w-gallery-item-link\" aria-label=\"2025-05-28_Natura \u00e9s cultura-SETBA_063\" href=\"https:\/\/fundaciosetba.org\/wp-content\/uploads\/2025\/10\/2025-05-28_Natura-es-cultura-SETBA_063-scaled.jpg\" title=\"2025-05-28_Natura \u00e9s cultura-SETBA_063\"><\/a><\/div><\/div><\/div>\n<h4>En Gerona: un viaje compartido<\/h4>\n<p>Por primera vez, el proyecto <em>Natura es Cultura<\/em> se ha trasladado a la provincia de Girona, del 1 al 5 de septiembre, a la residencia <strong>L&#8217;animal a l&#8217;esquena<\/strong> (Celr\u00e0).<\/p>\n<p>Las entidades participantes, <strong>la Asociaci\u00f3n Familia y Salud Mental de Girona y Comarcas y la Fundaci\u00f3n Drissa<\/strong> , han trabajado bajo la direcci\u00f3n art\u00edstica de <strong>Leo Castro y Enric F\u00e0bregas<\/strong> para dar forma a <em>Entorno de un viaje<\/em> , un mural colectivo que representa simb\u00f3licamente el proceso vivido a lo largo de una semana de exploraci\u00f3n y movimiento inspirado en la naturaleza.<\/p>\n<p><strong>La obra se present\u00f3 el 6 de septiembre dentro del 8\u00ba Festival Art &amp; Gavarres, y se podr\u00e1 visitar hasta el 2 de noviembre de 2025.<\/strong><\/p>\n<p><em>Fotograf\u00edas: Laura G\u00e1lvez-Rhein<\/em><\/p>\n<div class=\"w-gallery fit_cover wp_gallery type_grid action_popup_image ratio_1x1 count_6\" style=\"--columns:6;--items-gap:8px;\"><div class=\"w-gallery-list\"><div class=\"w-gallery-item\"><div class=\"w-gallery-item-img\"><img loading=\"lazy\" decoding=\"async\" width=\"150\" height=\"150\" src=\"https:\/\/fundaciosetba.org\/wp-content\/uploads\/2025\/10\/20250903_Natura-es-cultura-Celra_SETBA_037-150x150.jpg\" class=\"attachment-thumbnail size-thumbnail\" alt=\"\" srcset=\"https:\/\/fundaciosetba.org\/wp-content\/uploads\/2025\/10\/20250903_Natura-es-cultura-Celra_SETBA_037-150x150.jpg 150w, https:\/\/fundaciosetba.org\/wp-content\/uploads\/2025\/10\/20250903_Natura-es-cultura-Celra_SETBA_037-300x300.jpg 300w\" sizes=\"auto, (max-width: 150px) 100vw, 150px\" \/><\/div><a class=\"w-gallery-item-link\" aria-label=\"20250903_Natura \u00e9s cultura, Celr\u00e0_SETBA_037\" href=\"https:\/\/fundaciosetba.org\/wp-content\/uploads\/2025\/10\/20250903_Natura-es-cultura-Celra_SETBA_037-scaled.jpg\" title=\"20250903_Natura \u00e9s cultura, Celr\u00e0_SETBA_037\"><\/a><\/div><div class=\"w-gallery-item\"><div class=\"w-gallery-item-img\"><img loading=\"lazy\" decoding=\"async\" width=\"150\" height=\"150\" src=\"https:\/\/fundaciosetba.org\/wp-content\/uploads\/2025\/10\/20250903_Natura-es-cultura-Celra_SETBA_033-150x150.jpg\" class=\"attachment-thumbnail size-thumbnail\" alt=\"\" srcset=\"https:\/\/fundaciosetba.org\/wp-content\/uploads\/2025\/10\/20250903_Natura-es-cultura-Celra_SETBA_033-150x150.jpg 150w, https:\/\/fundaciosetba.org\/wp-content\/uploads\/2025\/10\/20250903_Natura-es-cultura-Celra_SETBA_033-300x300.jpg 300w\" sizes=\"auto, (max-width: 150px) 100vw, 150px\" \/><\/div><a class=\"w-gallery-item-link\" aria-label=\"20250903_Natura \u00e9s cultura, Celr\u00e0_SETBA_033\" href=\"https:\/\/fundaciosetba.org\/wp-content\/uploads\/2025\/10\/20250903_Natura-es-cultura-Celra_SETBA_033-scaled.jpg\" title=\"20250903_Natura \u00e9s cultura, Celr\u00e0_SETBA_033\"><\/a><\/div><div class=\"w-gallery-item\"><div class=\"w-gallery-item-img\"><img loading=\"lazy\" decoding=\"async\" width=\"150\" height=\"150\" src=\"https:\/\/fundaciosetba.org\/wp-content\/uploads\/2025\/10\/20250903_Natura-es-cultura-Celra_SETBA_026-150x150.jpg\" class=\"attachment-thumbnail size-thumbnail\" alt=\"\" srcset=\"https:\/\/fundaciosetba.org\/wp-content\/uploads\/2025\/10\/20250903_Natura-es-cultura-Celra_SETBA_026-150x150.jpg 150w, https:\/\/fundaciosetba.org\/wp-content\/uploads\/2025\/10\/20250903_Natura-es-cultura-Celra_SETBA_026-300x300.jpg 300w\" sizes=\"auto, (max-width: 150px) 100vw, 150px\" \/><\/div><a class=\"w-gallery-item-link\" aria-label=\"20250903_Natura \u00e9s cultura, Celr\u00e0_SETBA_026\" href=\"https:\/\/fundaciosetba.org\/wp-content\/uploads\/2025\/10\/20250903_Natura-es-cultura-Celra_SETBA_026-scaled.jpg\" title=\"20250903_Natura \u00e9s cultura, Celr\u00e0_SETBA_026\"><\/a><\/div><div class=\"w-gallery-item\"><div class=\"w-gallery-item-img\"><img loading=\"lazy\" decoding=\"async\" width=\"150\" height=\"150\" src=\"https:\/\/fundaciosetba.org\/wp-content\/uploads\/2025\/10\/20250903_Natura-es-cultura-Celra_SETBA_016-150x150.jpg\" class=\"attachment-thumbnail size-thumbnail\" alt=\"\" srcset=\"https:\/\/fundaciosetba.org\/wp-content\/uploads\/2025\/10\/20250903_Natura-es-cultura-Celra_SETBA_016-150x150.jpg 150w, https:\/\/fundaciosetba.org\/wp-content\/uploads\/2025\/10\/20250903_Natura-es-cultura-Celra_SETBA_016-300x300.jpg 300w\" sizes=\"auto, (max-width: 150px) 100vw, 150px\" \/><\/div><a class=\"w-gallery-item-link\" aria-label=\"20250903_Natura \u00e9s cultura, Celr\u00e0_SETBA_016\" href=\"https:\/\/fundaciosetba.org\/wp-content\/uploads\/2025\/10\/20250903_Natura-es-cultura-Celra_SETBA_016-scaled.jpg\" title=\"20250903_Natura \u00e9s cultura, Celr\u00e0_SETBA_016\"><\/a><\/div><div class=\"w-gallery-item\"><div class=\"w-gallery-item-img\"><img loading=\"lazy\" decoding=\"async\" width=\"150\" height=\"150\" src=\"https:\/\/fundaciosetba.org\/wp-content\/uploads\/2025\/10\/20250903_Natura-es-cultura-Celra_SETBA_011-150x150.jpg\" class=\"attachment-thumbnail size-thumbnail\" alt=\"\" srcset=\"https:\/\/fundaciosetba.org\/wp-content\/uploads\/2025\/10\/20250903_Natura-es-cultura-Celra_SETBA_011-150x150.jpg 150w, https:\/\/fundaciosetba.org\/wp-content\/uploads\/2025\/10\/20250903_Natura-es-cultura-Celra_SETBA_011-300x300.jpg 300w\" sizes=\"auto, (max-width: 150px) 100vw, 150px\" \/><\/div><a class=\"w-gallery-item-link\" aria-label=\"20250903_Natura \u00e9s cultura, Celr\u00e0_SETBA_011\" href=\"https:\/\/fundaciosetba.org\/wp-content\/uploads\/2025\/10\/20250903_Natura-es-cultura-Celra_SETBA_011-scaled.jpg\" title=\"20250903_Natura \u00e9s cultura, Celr\u00e0_SETBA_011\"><\/a><\/div><div class=\"w-gallery-item\"><div class=\"w-gallery-item-img\"><img loading=\"lazy\" decoding=\"async\" width=\"150\" height=\"150\" src=\"https:\/\/fundaciosetba.org\/wp-content\/uploads\/2025\/10\/20250903_Natura-es-cultura-Celra_SETBA_005-150x150.jpg\" class=\"attachment-thumbnail size-thumbnail\" alt=\"\" srcset=\"https:\/\/fundaciosetba.org\/wp-content\/uploads\/2025\/10\/20250903_Natura-es-cultura-Celra_SETBA_005-150x150.jpg 150w, https:\/\/fundaciosetba.org\/wp-content\/uploads\/2025\/10\/20250903_Natura-es-cultura-Celra_SETBA_005-300x300.jpg 300w\" sizes=\"auto, (max-width: 150px) 100vw, 150px\" \/><\/div><a class=\"w-gallery-item-link\" aria-label=\"20250903_Natura \u00e9s cultura, Celr\u00e0_SETBA_005\" href=\"https:\/\/fundaciosetba.org\/wp-content\/uploads\/2025\/10\/20250903_Natura-es-cultura-Celra_SETBA_005-scaled.jpg\" title=\"20250903_Natura \u00e9s cultura, Celr\u00e0_SETBA_005\"><\/a><\/div><\/div><\/div>\n<p><em>Fotograf\u00edas: Lua L\u00f3pez<\/em><\/p>\n<div class=\"w-gallery fit_cover wp_gallery type_grid action_popup_image ratio_1x1 count_6\" style=\"--columns:6;--items-gap:8px;\"><div class=\"w-gallery-list\"><div class=\"w-gallery-item\"><div class=\"w-gallery-item-img\"><img loading=\"lazy\" decoding=\"async\" width=\"150\" height=\"150\" src=\"https:\/\/fundaciosetba.org\/wp-content\/uploads\/2025\/10\/LuaLopez33-150x150.jpg\" class=\"attachment-thumbnail size-thumbnail\" alt=\"\" srcset=\"https:\/\/fundaciosetba.org\/wp-content\/uploads\/2025\/10\/LuaLopez33-150x150.jpg 150w, https:\/\/fundaciosetba.org\/wp-content\/uploads\/2025\/10\/LuaLopez33-300x300.jpg 300w\" sizes=\"auto, (max-width: 150px) 100vw, 150px\" \/><\/div><a class=\"w-gallery-item-link\" aria-label=\"LuaLopez(33)\" href=\"https:\/\/fundaciosetba.org\/wp-content\/uploads\/2025\/10\/LuaLopez33.jpg\" title=\"LuaLopez(33)\"><\/a><\/div><div class=\"w-gallery-item\"><div class=\"w-gallery-item-img\"><img loading=\"lazy\" decoding=\"async\" width=\"150\" height=\"150\" src=\"https:\/\/fundaciosetba.org\/wp-content\/uploads\/2025\/10\/LuaLopez34-150x150.jpg\" class=\"attachment-thumbnail size-thumbnail\" alt=\"\" srcset=\"https:\/\/fundaciosetba.org\/wp-content\/uploads\/2025\/10\/LuaLopez34-150x150.jpg 150w, https:\/\/fundaciosetba.org\/wp-content\/uploads\/2025\/10\/LuaLopez34-300x300.jpg 300w\" sizes=\"auto, (max-width: 150px) 100vw, 150px\" \/><\/div><a class=\"w-gallery-item-link\" aria-label=\"LuaLopez(34)\" href=\"https:\/\/fundaciosetba.org\/wp-content\/uploads\/2025\/10\/LuaLopez34.jpg\" title=\"LuaLopez(34)\"><\/a><\/div><div class=\"w-gallery-item\"><div class=\"w-gallery-item-img\"><img loading=\"lazy\" decoding=\"async\" width=\"150\" height=\"150\" src=\"https:\/\/fundaciosetba.org\/wp-content\/uploads\/2025\/10\/LuaLopez58-150x150.jpg\" class=\"attachment-thumbnail size-thumbnail\" alt=\"\" srcset=\"https:\/\/fundaciosetba.org\/wp-content\/uploads\/2025\/10\/LuaLopez58-150x150.jpg 150w, https:\/\/fundaciosetba.org\/wp-content\/uploads\/2025\/10\/LuaLopez58-300x300.jpg 300w\" sizes=\"auto, (max-width: 150px) 100vw, 150px\" \/><\/div><a class=\"w-gallery-item-link\" aria-label=\"LuaLopez(58)\" href=\"https:\/\/fundaciosetba.org\/wp-content\/uploads\/2025\/10\/LuaLopez58.jpg\" title=\"LuaLopez(58)\"><\/a><\/div><div class=\"w-gallery-item\"><div class=\"w-gallery-item-img\"><img loading=\"lazy\" decoding=\"async\" width=\"150\" height=\"150\" src=\"https:\/\/fundaciosetba.org\/wp-content\/uploads\/2025\/10\/LuaLopez59-150x150.jpg\" class=\"attachment-thumbnail size-thumbnail\" alt=\"\" srcset=\"https:\/\/fundaciosetba.org\/wp-content\/uploads\/2025\/10\/LuaLopez59-150x150.jpg 150w, https:\/\/fundaciosetba.org\/wp-content\/uploads\/2025\/10\/LuaLopez59-300x300.jpg 300w\" sizes=\"auto, (max-width: 150px) 100vw, 150px\" \/><\/div><a class=\"w-gallery-item-link\" aria-label=\"LuaLopez(59)\" href=\"https:\/\/fundaciosetba.org\/wp-content\/uploads\/2025\/10\/LuaLopez59.jpg\" title=\"LuaLopez(59)\"><\/a><\/div><div class=\"w-gallery-item\"><div class=\"w-gallery-item-img\"><img loading=\"lazy\" decoding=\"async\" width=\"150\" height=\"150\" src=\"https:\/\/fundaciosetba.org\/wp-content\/uploads\/2025\/10\/LuaLopez165-150x150.jpg\" class=\"attachment-thumbnail size-thumbnail\" alt=\"\" srcset=\"https:\/\/fundaciosetba.org\/wp-content\/uploads\/2025\/10\/LuaLopez165-150x150.jpg 150w, https:\/\/fundaciosetba.org\/wp-content\/uploads\/2025\/10\/LuaLopez165-300x300.jpg 300w\" sizes=\"auto, (max-width: 150px) 100vw, 150px\" \/><\/div><a class=\"w-gallery-item-link\" aria-label=\"LuaLopez(165)\" href=\"https:\/\/fundaciosetba.org\/wp-content\/uploads\/2025\/10\/LuaLopez165.jpg\" title=\"LuaLopez(165)\"><\/a><\/div><div class=\"w-gallery-item\"><div class=\"w-gallery-item-img\"><img loading=\"lazy\" decoding=\"async\" width=\"150\" height=\"150\" src=\"https:\/\/fundaciosetba.org\/wp-content\/uploads\/2025\/10\/LuaLopez170-150x150.jpg\" class=\"attachment-thumbnail size-thumbnail\" alt=\"\" srcset=\"https:\/\/fundaciosetba.org\/wp-content\/uploads\/2025\/10\/LuaLopez170-150x150.jpg 150w, https:\/\/fundaciosetba.org\/wp-content\/uploads\/2025\/10\/LuaLopez170-300x300.jpg 300w\" sizes=\"auto, (max-width: 150px) 100vw, 150px\" \/><\/div><a class=\"w-gallery-item-link\" aria-label=\"LuaLopez(170)\" href=\"https:\/\/fundaciosetba.org\/wp-content\/uploads\/2025\/10\/LuaLopez170.jpg\" title=\"LuaLopez(170)\"><\/a><\/div><\/div><\/div>\n<h4>Arte que conecta personas y territorios<\/h4>\n<p>Con estas dos acciones, Natura es Cultura 2025 refuerza su esencia: utilizar el arte como camino hacia el bienestar emocional, la inclusi\u00f3n y la desestigmatizaci\u00f3n.<\/p>\n<p>Desde los bosques de Aviny\u00f3 hasta los alcornocales de las Gavarres, el proyecto impulsa procesos de creaci\u00f3n compartida que ponen en valor la naturaleza como espacio de encuentro, cuidado y expresi\u00f3n.<\/p>\n","protected":false},"excerpt":{"rendered":"<p>En el marco del D\u00eda Mundial de la Salud Mental, la Fundaci\u00f3n Setba ha organizado dos actos en estos territorios para visibilitar el proyecto y desestigmatizar a las personas que conviven con trastornos mentales.<\/p>\n","protected":false},"author":1,"featured_media":40519,"comment_status":"closed","ping_status":"closed","sticky":false,"template":"","format":"standard","meta":{"footnotes":""},"categories":[1355],"tags":[],"class_list":["post-40499","post","type-post","status-publish","format-standard","has-post-thumbnail","hentry","category-naturaleza-es-cultura"],"_links":{"self":[{"href":"https:\/\/fundaciosetba.org\/es\/wp-json\/wp\/v2\/posts\/40499","targetHints":{"allow":["GET"]}}],"collection":[{"href":"https:\/\/fundaciosetba.org\/es\/wp-json\/wp\/v2\/posts"}],"about":[{"href":"https:\/\/fundaciosetba.org\/es\/wp-json\/wp\/v2\/types\/post"}],"author":[{"embeddable":true,"href":"https:\/\/fundaciosetba.org\/es\/wp-json\/wp\/v2\/users\/1"}],"replies":[{"embeddable":true,"href":"https:\/\/fundaciosetba.org\/es\/wp-json\/wp\/v2\/comments?post=40499"}],"version-history":[{"count":2,"href":"https:\/\/fundaciosetba.org\/es\/wp-json\/wp\/v2\/posts\/40499\/revisions"}],"predecessor-version":[{"id":40522,"href":"https:\/\/fundaciosetba.org\/es\/wp-json\/wp\/v2\/posts\/40499\/revisions\/40522"}],"wp:featuredmedia":[{"embeddable":true,"href":"https:\/\/fundaciosetba.org\/es\/wp-json\/wp\/v2\/media\/40519"}],"wp:attachment":[{"href":"https:\/\/fundaciosetba.org\/es\/wp-json\/wp\/v2\/media?parent=40499"}],"wp:term":[{"taxonomy":"category","embeddable":true,"href":"https:\/\/fundaciosetba.org\/es\/wp-json\/wp\/v2\/categories?post=40499"},{"taxonomy":"post_tag","embeddable":true,"href":"https:\/\/fundaciosetba.org\/es\/wp-json\/wp\/v2\/tags?post=40499"}],"curies":[{"name":"wp","href":"https:\/\/api.w.org\/{rel}","templated":true}]}}