{"id":40501,"date":"2025-10-07T12:29:47","date_gmt":"2025-10-07T11:29:47","guid":{"rendered":"https:\/\/fundaciosetba.org\/xavi-blaya-se-lleva-el-premio-setba-2025-por-su-obra-paris\/"},"modified":"2025-11-24T10:55:46","modified_gmt":"2025-11-24T09:55:46","slug":"xavi-blaya-se-lleva-el-premio-setba-2025-por-su-obra-paris","status":"publish","type":"post","link":"https:\/\/fundaciosetba.org\/es\/xavi-blaya-se-lleva-el-premio-setba-2025-por-su-obra-paris\/","title":{"rendered":"Xavi Blaya se lleva el Premio Setba 2025 por su obra &#8220;Par\u00eds&#8221;"},"content":{"rendered":"<p>Anoche, el Auditorio del CaixaForum Barcelona acogi\u00f3 la <strong>decimoquinta Gala del Premio Setba<\/strong> , una edici\u00f3n marcada por la emoci\u00f3n, el homenaje y el ritmo. Desde 2011, la Fundaci\u00f3n Setba organiza este <strong>certamen de pintura dirigido a artistas con discapacidad intelectual<\/strong> , que ha crecido de forma exponencial: de las 76 obras presentadas en la primera edici\u00f3n, se ha llegado a superar las 1.100 en la de este a\u00f1o.<\/p>\n<p>El Premio Setba se ha consolidado como el certamen mejor dotado del Estado espa\u00f1ol en su categor\u00eda, con una aportaci\u00f3n econ\u00f3mica total de 12.730\u20ac, y pone en valor el arte como herramienta de inclusi\u00f3n y transformaci\u00f3n social.<\/p>\n<h4>Los premiados de la 15\u00aa edici\u00f3n<\/h4>\n<p><strong>El primer premio ha sido por Xavi Blaya<\/strong> , del <strong>Centro Ocupacional Les Corts<\/strong> (Barcelona), <strong>por su obra <em>Par\u00eds<\/em><\/strong> , una acuarela de atm\u00f3sfera po\u00e9tica y gran sensibilidad art\u00edstica.<\/p>\n<p><img loading=\"lazy\" decoding=\"async\" class=\"aligncenter size-us_600_400 wp-image-39950\" src=\"https:\/\/fundaciosetba.org\/wp-content\/uploads\/2025\/10\/XAVI-BLAYA_Paris-286x400.jpg\" alt=\"\" width=\"286\" height=\"400\" srcset=\"https:\/\/fundaciosetba.org\/wp-content\/uploads\/2025\/10\/XAVI-BLAYA_Paris-286x400.jpg 286w, https:\/\/fundaciosetba.org\/wp-content\/uploads\/2025\/10\/XAVI-BLAYA_Paris-214x300.jpg 214w, https:\/\/fundaciosetba.org\/wp-content\/uploads\/2025\/10\/XAVI-BLAYA_Paris-732x1024.jpg 732w, https:\/\/fundaciosetba.org\/wp-content\/uploads\/2025\/10\/XAVI-BLAYA_Paris-71x100.jpg 71w, https:\/\/fundaciosetba.org\/wp-content\/uploads\/2025\/10\/XAVI-BLAYA_Paris-600x840.jpg 600w, https:\/\/fundaciosetba.org\/wp-content\/uploads\/2025\/10\/XAVI-BLAYA_Paris.jpg 1400w\" sizes=\"auto, (max-width: 286px) 100vw, 286px\" \/><\/p>\n<p>El segundo premio ha sido por Montse Urgell, de la Asociaci\u00f3n Alba (Lleida), por la obra Petjades, y el tercer premio por Marta Balcells, de la entidad ACUDAM (Mollerussa), con la obra Ping\u00fcins.<\/p>\n<div class=\"w-gallery fit_cover wp_gallery type_grid action_popup_image ratio_1x1 count_2\" style=\"--columns:2;--items-gap:8px;\"><div class=\"w-gallery-list\"><div class=\"w-gallery-item\"><div class=\"w-gallery-item-img\"><img loading=\"lazy\" decoding=\"async\" width=\"300\" height=\"300\" src=\"https:\/\/fundaciosetba.org\/wp-content\/uploads\/2025\/10\/PSX_20251006_225309-300x300.jpg\" class=\"attachment-woocommerce_thumbnail size-woocommerce_thumbnail\" alt=\"\" srcset=\"https:\/\/fundaciosetba.org\/wp-content\/uploads\/2025\/10\/PSX_20251006_225309-300x300.jpg 300w, https:\/\/fundaciosetba.org\/wp-content\/uploads\/2025\/10\/PSX_20251006_225309-150x150.jpg 150w\" sizes=\"auto, (max-width: 300px) 100vw, 300px\" \/><\/div><a class=\"w-gallery-item-link\" aria-label=\"PSX_20251006_225309\" href=\"https:\/\/fundaciosetba.org\/wp-content\/uploads\/2025\/10\/PSX_20251006_225309.jpg\" title=\"PSX_20251006_225309\"><\/a><\/div><div class=\"w-gallery-item\"><div class=\"w-gallery-item-img\"><img loading=\"lazy\" decoding=\"async\" width=\"300\" height=\"300\" src=\"https:\/\/fundaciosetba.org\/wp-content\/uploads\/2025\/10\/PSX_20251006_230316-300x300.jpg\" class=\"attachment-woocommerce_thumbnail size-woocommerce_thumbnail\" alt=\"\" srcset=\"https:\/\/fundaciosetba.org\/wp-content\/uploads\/2025\/10\/PSX_20251006_230316-300x300.jpg 300w, https:\/\/fundaciosetba.org\/wp-content\/uploads\/2025\/10\/PSX_20251006_230316-150x150.jpg 150w\" sizes=\"auto, (max-width: 300px) 100vw, 300px\" \/><\/div><a class=\"w-gallery-item-link\" aria-label=\"PSX_20251006_230316\" href=\"https:\/\/fundaciosetba.org\/wp-content\/uploads\/2025\/10\/PSX_20251006_230316.jpg\" title=\"PSX_20251006_230316\"><\/a><\/div><\/div><\/div>\n<p>Como novedad, se ha incorporado el <strong>Premio de Adquisici\u00f3n Pigment Gallery<\/strong> , con el que el galerista Ferran Josa ha adquirido una de las obras finalistas para su colecci\u00f3n privada: <em>La sombra de los tres ojos<\/em> de Rosa Torralba de la Fundaci\u00f3n Ampans<\/p>\n<p>Durante la gala tambi\u00e9n se ha presentado el <strong>libro conmemorativo de los 15 a\u00f1os del Premi Setba<\/strong> , un volumen dise\u00f1ado en colaboraci\u00f3n con el estudio La Casa de Carlota, y que recoge todas las obras ganadoras y finalistas, as\u00ed como im\u00e1genes de galas, exposiciones y colaboraciones con empresas e instituciones a lo largo de estas quince ediciones.<\/p>\n<blockquote class=\"wp-embedded-content\" data-secret=\"Ga8h3J2YIs\"><p><a href=\"https:\/\/fundaciosetba.org\/es\/producte\/llibre-commemoratiu-dels-15-anys-del-premi-setba\/\">Llibre commemoratiu dels 15 anys del Premi Setba<\/a><\/p><\/blockquote>\n<p><iframe loading=\"lazy\" class=\"wp-embedded-content\" sandbox=\"allow-scripts\" security=\"restricted\" style=\"position: absolute; visibility: hidden;\" title=\"\u00abLlibre commemoratiu dels 15 anys del Premi Setba\u00bb \u2014 Fundaci\u00f3 SETBA\" src=\"https:\/\/fundaciosetba.org\/es\/producte\/llibre-commemoratiu-dels-15-anys-del-premi-setba\/embed\/#?secret=onIhNG0qhE#?secret=Ga8h3J2YIs\" data-secret=\"Ga8h3J2YIs\" width=\"600\" height=\"338\" frameborder=\"0\" marginwidth=\"0\" marginheight=\"0\" scrolling=\"no\"><\/iframe><\/p>\n<h4>Exposici\u00f3n de las obras finalistas<\/h4>\n<p><strong>Las obras premiadas y finalistas del Premi Setba 2025 se pueden ver desde hoy y hasta el 20 de octubre en la Pigment Gallery<\/strong> (C. Trafalgar, 70, Barcelona).<br \/>\nLa inauguraci\u00f3n tendr\u00e1 lugar a las 19 h.<\/p>\n<h4>Clausura musical y presencia institucional<\/h4>\n<p>La gala se cerr\u00f3 con una actuaci\u00f3n vibrante de <strong>Candeli, el Pr\u00edncipe de la Rumba<\/strong> , acompa\u00f1ado de Peret Reyes y V\u00edctor del Rio, y un refrigerio para todos los asistentes.<\/p>\n<p><strong>El acto cont\u00f3 con la presencia de la consejera de Cultura de la Generalidad de Catalu\u00f1a, S\u00f2nia Hern\u00e1ndez<\/strong> ; Najat Driouech, diputada y portavoz de la Comisi\u00f3n de Derechos Sociales e Inclusi\u00f3n; Xavier Fina, director general de Promoci\u00f3n Cultural y Bibliotecas y de Marta Serra, responsable de Promoci\u00f3n y Apoyo del Instituto Municipal de Personas con Discapacidad, as\u00ed como representantes de entidades y empresas colaboradoras del proyecto.<\/p>\n","protected":false},"excerpt":{"rendered":"<p>Anoche, el Auditorio del CaixaForum Barcelona acogi\u00f3 la decimoquinta Gala del Premio Setba, una edici\u00f3n marcada por la emoci\u00f3n, el homenaje y el ritmo. Desde 2011, la Fundaci\u00f3n Setba organiza este certamen de pintura dirigido a artistas con discapacidad intelectual&#8230; <\/p>\n","protected":false},"author":1,"featured_media":40512,"comment_status":"closed","ping_status":"closed","sticky":false,"template":"","format":"standard","meta":{"footnotes":""},"categories":[1353],"tags":[],"class_list":["post-40501","post","type-post","status-publish","format-standard","has-post-thumbnail","hentry","category-premio-setba-es"],"_links":{"self":[{"href":"https:\/\/fundaciosetba.org\/es\/wp-json\/wp\/v2\/posts\/40501","targetHints":{"allow":["GET"]}}],"collection":[{"href":"https:\/\/fundaciosetba.org\/es\/wp-json\/wp\/v2\/posts"}],"about":[{"href":"https:\/\/fundaciosetba.org\/es\/wp-json\/wp\/v2\/types\/post"}],"author":[{"embeddable":true,"href":"https:\/\/fundaciosetba.org\/es\/wp-json\/wp\/v2\/users\/1"}],"replies":[{"embeddable":true,"href":"https:\/\/fundaciosetba.org\/es\/wp-json\/wp\/v2\/comments?post=40501"}],"version-history":[{"count":1,"href":"https:\/\/fundaciosetba.org\/es\/wp-json\/wp\/v2\/posts\/40501\/revisions"}],"predecessor-version":[{"id":40523,"href":"https:\/\/fundaciosetba.org\/es\/wp-json\/wp\/v2\/posts\/40501\/revisions\/40523"}],"wp:featuredmedia":[{"embeddable":true,"href":"https:\/\/fundaciosetba.org\/es\/wp-json\/wp\/v2\/media\/40512"}],"wp:attachment":[{"href":"https:\/\/fundaciosetba.org\/es\/wp-json\/wp\/v2\/media?parent=40501"}],"wp:term":[{"taxonomy":"category","embeddable":true,"href":"https:\/\/fundaciosetba.org\/es\/wp-json\/wp\/v2\/categories?post=40501"},{"taxonomy":"post_tag","embeddable":true,"href":"https:\/\/fundaciosetba.org\/es\/wp-json\/wp\/v2\/tags?post=40501"}],"curies":[{"name":"wp","href":"https:\/\/api.w.org\/{rel}","templated":true}]}}