{"id":40502,"date":"2025-09-05T13:23:05","date_gmt":"2025-09-05T12:23:05","guid":{"rendered":"https:\/\/fundaciosetba.org\/naturaleza-es-cultura-en-el-8o-festival-art-gavarres\/"},"modified":"2025-11-24T10:54:20","modified_gmt":"2025-11-24T09:54:20","slug":"naturaleza-es-cultura-en-el-8o-festival-art-gavarres","status":"publish","type":"post","link":"https:\/\/fundaciosetba.org\/es\/naturaleza-es-cultura-en-el-8o-festival-art-gavarres\/","title":{"rendered":"Naturaleza es Cultura en el 8\u00ba Festival Art &amp; Gavarres"},"content":{"rendered":"<p><strong>El s\u00e1bado 6 de septiembre, en el marco del Festival Art &amp; Gavarres, se ha presentado la obra colectiva <em>Entorno de un viaje<\/em><\/strong> , creada por entidades de salud mental durante la estancia art\u00edstica <em>Natura es Cultura,<\/em> que del 1 al 5 de septiembre se ha llevado a cabo \u2014por primera vez\u2014 en la residencia <strong>El animal en la espalda<\/strong> (Celr\u00e0 F\u00e1bregas.<\/p>\n<p><em>En torno a un viaje<\/em> es la <strong>representaci\u00f3n simb\u00f3lica del proceso de trabajo de una semana en la que la pr\u00e1ctica del movimiento se ha generado a partir de la observaci\u00f3n de la Naturaleza<\/strong> . El resultado es una pieza que refleja el camino recorrido por los participantes, donde arte, cuerpo y territorio se funden en una experiencia compartida.<\/p>\n<div class=\"w-gallery fit_cover wp_gallery type_grid action_popup_image ratio_1x1 count_3\" style=\"--columns:3;--items-gap:8px;\"><div class=\"w-gallery-list\"><div class=\"w-gallery-item\"><div class=\"w-gallery-item-img\"><img loading=\"lazy\" decoding=\"async\" width=\"300\" height=\"300\" src=\"https:\/\/fundaciosetba.org\/wp-content\/uploads\/2025\/09\/Celra-ArtGavarres-3-300x300.jpg\" class=\"attachment-woocommerce_thumbnail size-woocommerce_thumbnail\" alt=\"\" srcset=\"https:\/\/fundaciosetba.org\/wp-content\/uploads\/2025\/09\/Celra-ArtGavarres-3-300x300.jpg 300w, https:\/\/fundaciosetba.org\/wp-content\/uploads\/2025\/09\/Celra-ArtGavarres-3-150x150.jpg 150w\" sizes=\"auto, (max-width: 300px) 100vw, 300px\" \/><\/div><a class=\"w-gallery-item-link\" aria-label=\"Celr\u00e0 - Art&amp;Gavarres (3)\" href=\"https:\/\/fundaciosetba.org\/wp-content\/uploads\/2025\/09\/Celra-ArtGavarres-3.jpg\" title=\"Celr\u00e0 - Art&amp;Gavarres (3)\"><\/a><\/div><div class=\"w-gallery-item\"><div class=\"w-gallery-item-img\"><img loading=\"lazy\" decoding=\"async\" width=\"300\" height=\"300\" src=\"https:\/\/fundaciosetba.org\/wp-content\/uploads\/2025\/09\/WhatsApp-Image-2025-09-05-at-13.46.33-300x300.jpeg\" class=\"attachment-woocommerce_thumbnail size-woocommerce_thumbnail\" alt=\"\" srcset=\"https:\/\/fundaciosetba.org\/wp-content\/uploads\/2025\/09\/WhatsApp-Image-2025-09-05-at-13.46.33-300x300.jpeg 300w, https:\/\/fundaciosetba.org\/wp-content\/uploads\/2025\/09\/WhatsApp-Image-2025-09-05-at-13.46.33-150x150.jpeg 150w\" sizes=\"auto, (max-width: 300px) 100vw, 300px\" \/><\/div><a class=\"w-gallery-item-link\" aria-label=\"WhatsApp Image 2025-09-05 at 13.46.33\" href=\"https:\/\/fundaciosetba.org\/wp-content\/uploads\/2025\/09\/WhatsApp-Image-2025-09-05-at-13.46.33.jpeg\" title=\"WhatsApp Image 2025-09-05 at 13.46.33\"><\/a><\/div><div class=\"w-gallery-item\"><div class=\"w-gallery-item-img\"><img loading=\"lazy\" decoding=\"async\" width=\"300\" height=\"300\" src=\"https:\/\/fundaciosetba.org\/wp-content\/uploads\/2025\/09\/WhatsApp-Image-2025-09-05-at-13.46.33-1-300x300.jpeg\" class=\"attachment-woocommerce_thumbnail size-woocommerce_thumbnail\" alt=\"\" srcset=\"https:\/\/fundaciosetba.org\/wp-content\/uploads\/2025\/09\/WhatsApp-Image-2025-09-05-at-13.46.33-1-300x300.jpeg 300w, https:\/\/fundaciosetba.org\/wp-content\/uploads\/2025\/09\/WhatsApp-Image-2025-09-05-at-13.46.33-1-150x150.jpeg 150w\" sizes=\"auto, (max-width: 300px) 100vw, 300px\" \/><\/div><a class=\"w-gallery-item-link\" aria-label=\"WhatsApp Image 2025-09-05 at 13.46.33 (1)\" href=\"https:\/\/fundaciosetba.org\/wp-content\/uploads\/2025\/09\/WhatsApp-Image-2025-09-05-at-13.46.33-1.jpeg\" title=\"WhatsApp Image 2025-09-05 at 13.46.33 (1)\"><\/a><\/div><\/div><\/div>\n<p>Las entidades participantes en esta edici\u00f3n han sido la <strong>Asociaci\u00f3n Familia y Salud Mental de Girona y Comarcas<\/strong> y la <strong>Fundaci\u00f3n Drissa<\/strong> , que han gozado de una experiencia inmersiva de creaci\u00f3n art\u00edstica y conexi\u00f3n con la naturaleza. <strong>Bajo la direcci\u00f3n de los artistas Leo Castro y Enric F\u00e0bregas<\/strong> , el grupo ha trabajado colectivamente para dar forma a esta obra transformadora, que nace de la exploraci\u00f3n del territorio y de su propia vivencia.<\/p>\n<p>La pieza podr\u00e1 verse hasta el 2 de noviembre de 2025.<\/p>\n<h4>El corcho, protagonista del Festival 2025<\/h4>\n<p>La tem\u00e1tica de este a\u00f1o del Festival Art &amp; Gavarres gira en torno al corcho. <strong>En el Espacio Natural Protegido de las Gavarres crecen un tercio de los alcornocales catalanes<\/strong> , que representan cerca de la mitad de los bosques de alcornoques protegidos del pa\u00eds.<\/p>\n<p>El corcho \u2014palabra que localmente designa tanto el \u00e1rbol como el material\u2014 es el <strong>motivo inspirador de las intervenciones art\u00edsticas de la edici\u00f3n 2025<\/strong> . Sus cualidades de ligereza, aislamiento, flexibilidad y durabilidad, junto con la capacidad regenerativa y la resiliencia frente a cat\u00e1strofes naturales, le han convertido en un s\u00edmbolo de este festival.<\/p>\n<p><strong>Los artistas han sido invitados a dialogar, literal o conceptualmente, con este \u00e1rbol y con el ecosistema que lo acoge.<\/strong> Las propuestas se concretan en obras ubicadas en alcornocales o en alcornoques singulares, en trabajos que utilizan el corcho como material principal o que toman sus caracter\u00edsticas como fuente de inspiraci\u00f3n te\u00f3rica.<\/p>\n<p>De esta forma, <strong>el festival no s\u00f3lo pone en valor este ecosistema y este material, sino que tambi\u00e9n invita a reflexionar sobre c\u00f3mo los recursos naturales<\/strong> pueden transformar profundamente la realidad socioecon\u00f3mica y urban\u00edstica de un territorio.<\/p>\n<h4>Desde Avi\u00f1\u00f3n hasta Girona<\/h4>\n<p>Esta presentaci\u00f3n marca la continuidad del proyecto <em>Natura es Cultura<\/em> 2025, impulsado por la Fundaci\u00f3 Setba. En mayo, el municipio de Aviny\u00f3 acogi\u00f3 la primera estancia art\u00edstica de la edici\u00f3n, con la participaci\u00f3n de la Fundaci\u00f3n Els Tres Turons, la Fundaci\u00f3n Centro de Formaci\u00f3n y Prevenci\u00f3n, CPB Serveis Salut Mental y Osonament.<\/p>\n<p>All\u00ed, bajo la direcci\u00f3n de Quim Moya y la colaboraci\u00f3n de Ignasi Vilarasau, Maria Ribera, Carla Bud\u00f3 y Pau Gil, se cre\u00f3 la instalaci\u00f3n <strong><em>Equilibri<\/em> , que se expondr\u00e1 el pr\u00f3ximo 22 de octubre en Aviny\u00f3, dentro del Healing Arts Barcelona<\/strong> , \u200b\u200ben una jornada de concienciaci\u00f3n social abierta a la ciudad.<\/p>\n","protected":false},"excerpt":{"rendered":"<p>En torno a un viaje es la representaci\u00f3n simb\u00f3lica del proceso de trabajo de una semana en la que la pr\u00e1ctica del movimiento se ha generado a partir de la observaci\u00f3n de la Naturaleza.<\/p>\n","protected":false},"author":1,"featured_media":40509,"comment_status":"closed","ping_status":"closed","sticky":false,"template":"","format":"standard","meta":{"footnotes":""},"categories":[1355],"tags":[],"class_list":["post-40502","post","type-post","status-publish","format-standard","has-post-thumbnail","hentry","category-naturaleza-es-cultura"],"_links":{"self":[{"href":"https:\/\/fundaciosetba.org\/es\/wp-json\/wp\/v2\/posts\/40502","targetHints":{"allow":["GET"]}}],"collection":[{"href":"https:\/\/fundaciosetba.org\/es\/wp-json\/wp\/v2\/posts"}],"about":[{"href":"https:\/\/fundaciosetba.org\/es\/wp-json\/wp\/v2\/types\/post"}],"author":[{"embeddable":true,"href":"https:\/\/fundaciosetba.org\/es\/wp-json\/wp\/v2\/users\/1"}],"replies":[{"embeddable":true,"href":"https:\/\/fundaciosetba.org\/es\/wp-json\/wp\/v2\/comments?post=40502"}],"version-history":[{"count":1,"href":"https:\/\/fundaciosetba.org\/es\/wp-json\/wp\/v2\/posts\/40502\/revisions"}],"predecessor-version":[{"id":40518,"href":"https:\/\/fundaciosetba.org\/es\/wp-json\/wp\/v2\/posts\/40502\/revisions\/40518"}],"wp:featuredmedia":[{"embeddable":true,"href":"https:\/\/fundaciosetba.org\/es\/wp-json\/wp\/v2\/media\/40509"}],"wp:attachment":[{"href":"https:\/\/fundaciosetba.org\/es\/wp-json\/wp\/v2\/media?parent=40502"}],"wp:term":[{"taxonomy":"category","embeddable":true,"href":"https:\/\/fundaciosetba.org\/es\/wp-json\/wp\/v2\/categories?post=40502"},{"taxonomy":"post_tag","embeddable":true,"href":"https:\/\/fundaciosetba.org\/es\/wp-json\/wp\/v2\/tags?post=40502"}],"curies":[{"name":"wp","href":"https:\/\/api.w.org\/{rel}","templated":true}]}}