{"id":40503,"date":"2025-09-05T13:05:08","date_gmt":"2025-09-05T12:05:08","guid":{"rendered":"https:\/\/fundaciosetba.org\/natura-es-cultura-presentara-equilibrio-en-el-healing-arts-barcelona\/"},"modified":"2025-11-24T10:54:07","modified_gmt":"2025-11-24T09:54:07","slug":"natura-es-cultura-presentara-equilibrio-en-el-healing-arts-barcelona","status":"publish","type":"post","link":"https:\/\/fundaciosetba.org\/es\/natura-es-cultura-presentara-equilibrio-en-el-healing-arts-barcelona\/","title":{"rendered":"Natura es Cultura presentar\u00e1 &#8220;Equilibrio&#8221; en el Healing Arts Barcelona"},"content":{"rendered":"<p>El pr\u00f3ximo <strong>22 de octubre<\/strong> , en el marco del <a href=\"https:\/\/www.healingartsbarcelona.org\/\"><strong>Healing Arts Barcelona<\/strong><\/a> , \u200b\u200bla Fundaci\u00f3n Setba organiza una <strong>acci\u00f3n de concienciaci\u00f3n social abierta a toda la ciudadan\u00eda con la colaboraci\u00f3n del Ayuntamiento de Aviny\u00f3.<\/strong><\/p>\n<p>Esta jornada ser\u00e1 un punto de encuentro entre dos colectivos: las personas usuarias de entidades de salud mental que participaron en la estancia art\u00edstica del proyecto <em>Natura es Cultura<\/em> 2025 en Avi\u00f1\u00f3n <strong>\u2014Fundaci\u00f3n Els Tres Turons<\/strong> , <strong>Fundaci\u00f3n Centro de Formaci\u00f3n y Prevenci\u00f3n<\/strong> , <strong>CPB Serveis Salut Mental y Osonament\u2014<\/strong> y los alumnos que se han vinculado, <strong>el<\/strong> . Ser\u00e1 pues un espacio compartido para mostrar, dialogar y celebrar el trabajo realizado a lo largo de esta experiencia.<\/p>\n<h4>La exposici\u00f3n <em>Equilibrio<\/em> en el espacio p\u00fablico<\/h4>\n<p>La plaza de la Biblioteca y el CAP (Paseo, 19, Aviny\u00f3) acoger\u00e1n la instalaci\u00f3n <em>Equilibri<\/em> , una obra colectiva creada durante la semana de residencia art\u00edstica en Cal Gras (Aviny\u00f3), bajo la direcci\u00f3n del artista Quim Moya.<\/p>\n<p>La instalaci\u00f3n expresa la constante b\u00fasqueda de serenidad en la vida cotidiana y la necesidad de equilibrar emociones y experiencias. Una obra que nace de la simbiosis entre arte, naturaleza y salud mental. Exponerlo en un espacio p\u00fablico refuerza la voluntad de romper el estigma y visibilizar la creatividad y el talento de las personas con trastornos mentales.<\/p>\n<h4>Programa del acto<\/h4>\n<p>\ud83d\udccd Plaza de la Biblioteca y CAP (Paseo, 19, Avi\u00f1\u00f3n)<br \/>\n\ud83d\udd66 11:30 h &#8211; Inauguraci\u00f3n de la instalaci\u00f3n <em>Equilibrio<\/em> y presentaci\u00f3n del proyecto.<br \/>\n\ud83c\udf6b Al finalizar, los asistentes podr\u00e1n disfrutar de una chocolatada popular, un momento distendido para compartir impresiones y experiencias.<\/p>\n<p>Con este acto, la Fundaci\u00f3n Setba reafirma su compromiso con la cultura como herramienta de bienestar y transformaci\u00f3n social, abriendo sus acciones al conjunto de la ciudadan\u00eda y estableciendo v\u00ednculos entre el arte, la naturaleza y la salud mental.<\/p>\n<h4>Natura es Cultura tambi\u00e9n en Girona<\/h4>\n<p>Paralelamente, esta semana el proyecto Natura es Cultura 2025 se est\u00e1 desarrollando, por primera vez, en la provincia de Girona con la participaci\u00f3n de la Asociaci\u00f3n Familia y Salud Mental de Girona y Comarcas y la Fundaci\u00f3n Drissa. La estancia tiene lugar en la residencia art\u00edstica El animal en la espalda (Celr\u00e0), bajo la direcci\u00f3n de Leo Castro y Enric F\u00e0bregas, y culminar\u00e1 ma\u00f1ana, s\u00e1bado 6, con la presentaci\u00f3n de la obra <em>Entorno de un viaje<\/em> creada en el marco del <a href=\"https:\/\/www.artigavarres.cat\/\">Festival Art &amp; Gavarres.<\/a><\/p>\n<p><span>Este Mural es la representaci\u00f3n simb\u00f3lica del proceso de trabajo de una semana en la que la pr\u00e1ctica del movimiento se ha generado a partir de la observaci\u00f3n de la naturaleza.<\/span><\/p>\n","protected":false},"excerpt":{"rendered":"<p>El pr\u00f3ximo 22 de octubre, en el marco del Healing Arts Barcelona, \u200b\u200bla Fundaci\u00f3n Setba organiza una acci\u00f3n de concienciaci\u00f3n social abierta a toda la ciudadan\u00eda con la colaboraci\u00f3n del Ayuntamiento de Aviny\u00f3.<\/p>\n","protected":false},"author":1,"featured_media":40505,"comment_status":"closed","ping_status":"closed","sticky":false,"template":"","format":"standard","meta":{"footnotes":""},"categories":[1355],"tags":[],"class_list":["post-40503","post","type-post","status-publish","format-standard","has-post-thumbnail","hentry","category-naturaleza-es-cultura"],"_links":{"self":[{"href":"https:\/\/fundaciosetba.org\/es\/wp-json\/wp\/v2\/posts\/40503","targetHints":{"allow":["GET"]}}],"collection":[{"href":"https:\/\/fundaciosetba.org\/es\/wp-json\/wp\/v2\/posts"}],"about":[{"href":"https:\/\/fundaciosetba.org\/es\/wp-json\/wp\/v2\/types\/post"}],"author":[{"embeddable":true,"href":"https:\/\/fundaciosetba.org\/es\/wp-json\/wp\/v2\/users\/1"}],"replies":[{"embeddable":true,"href":"https:\/\/fundaciosetba.org\/es\/wp-json\/wp\/v2\/comments?post=40503"}],"version-history":[{"count":1,"href":"https:\/\/fundaciosetba.org\/es\/wp-json\/wp\/v2\/posts\/40503\/revisions"}],"predecessor-version":[{"id":40508,"href":"https:\/\/fundaciosetba.org\/es\/wp-json\/wp\/v2\/posts\/40503\/revisions\/40508"}],"wp:featuredmedia":[{"embeddable":true,"href":"https:\/\/fundaciosetba.org\/es\/wp-json\/wp\/v2\/media\/40505"}],"wp:attachment":[{"href":"https:\/\/fundaciosetba.org\/es\/wp-json\/wp\/v2\/media?parent=40503"}],"wp:term":[{"taxonomy":"category","embeddable":true,"href":"https:\/\/fundaciosetba.org\/es\/wp-json\/wp\/v2\/categories?post=40503"},{"taxonomy":"post_tag","embeddable":true,"href":"https:\/\/fundaciosetba.org\/es\/wp-json\/wp\/v2\/tags?post=40503"}],"curies":[{"name":"wp","href":"https:\/\/api.w.org\/{rel}","templated":true}]}}