{"id":40646,"date":"2025-11-24T16:13:03","date_gmt":"2025-11-24T15:13:03","guid":{"rendered":"https:\/\/fundaciosetba.org\/dona-trista-y-el-bomber-se-venden-durante-la-exposicion-de-la-pigment-gallery\/"},"modified":"2025-11-25T17:22:11","modified_gmt":"2025-11-25T16:22:11","slug":"dona-trista-y-el-bomber-se-venden-durante-la-exposicion-de-la-pigment-gallery","status":"publish","type":"post","link":"https:\/\/fundaciosetba.org\/es\/dona-trista-y-el-bomber-se-venden-durante-la-exposicion-de-la-pigment-gallery\/","title":{"rendered":"\u201cDona trista\u201d y \u201cEl bomber\u201d se venden durante la exposici\u00f3n de la Pigment Gallery"},"content":{"rendered":"<p>Las obras Dona trista,<strong> de Isabel Morales<\/strong> artista de la Fundaci\u00f3n Ramon Noguera, y <strong><em>El bomber<\/em> , de Andr\u00e9s Espierrez<\/strong> del CO Les Corts, han sido <strong>vendidas durante la exposici\u00f3n de las piezas finalistas del Premio Setba 2025 en la <a href=\"https:\/\/pigmentgallery.es\/ca\/\">Pigment Gallery de Barcelona<\/a><\/strong> . Todas las obras finalistas estaban disponibles para la venta, y estas dos han sido las primeras en encontrar comprador en el marco de la muestra, lo que confirma la buena acogida del p\u00fablico y el creciente inter\u00e9s por el certamen. <\/p>\n<div class=\"w-gallery fit_cover wp_gallery type_masonry action_popup_image with_isotope ratio_auto count_2\" style=\"--columns:2;--items-gap:8px;\"><div class=\"w-gallery-list\"><div class=\"w-gallery-item\"><div class=\"w-gallery-item-img\"><img loading=\"lazy\" decoding=\"async\" width=\"600\" height=\"840\" src=\"https:\/\/fundaciosetba.org\/wp-content\/uploads\/2025\/11\/ANDRES-ESPIERREZ_-El-bombero-600x840.jpg\" class=\"attachment-woocommerce_single size-woocommerce_single\" alt=\"\" srcset=\"https:\/\/fundaciosetba.org\/wp-content\/uploads\/2025\/11\/ANDRES-ESPIERREZ_-El-bombero-600x840.jpg 600w, https:\/\/fundaciosetba.org\/wp-content\/uploads\/2025\/11\/ANDRES-ESPIERREZ_-El-bombero-214x300.jpg 214w, https:\/\/fundaciosetba.org\/wp-content\/uploads\/2025\/11\/ANDRES-ESPIERREZ_-El-bombero-731x1024.jpg 731w, https:\/\/fundaciosetba.org\/wp-content\/uploads\/2025\/11\/ANDRES-ESPIERREZ_-El-bombero-71x100.jpg 71w, https:\/\/fundaciosetba.org\/wp-content\/uploads\/2025\/11\/ANDRES-ESPIERREZ_-El-bombero-286x400.jpg 286w, https:\/\/fundaciosetba.org\/wp-content\/uploads\/2025\/11\/ANDRES-ESPIERREZ_-El-bombero.jpg 1400w\" sizes=\"auto, (max-width: 600px) 100vw, 600px\" \/><\/div><div class=\"w-gallery-item-meta\"><div class=\"w-gallery-item-title\">\"El bombero\"<\/div><\/div><a class=\"w-gallery-item-link\" aria-label=\"&quot;El bombero&quot;\" href=\"https:\/\/fundaciosetba.org\/wp-content\/uploads\/2025\/11\/ANDRES-ESPIERREZ_-El-bombero.jpg\" title=\"&quot;El bombero&quot;\"><\/a><\/div><div class=\"w-gallery-item\"><div class=\"w-gallery-item-img\"><img loading=\"lazy\" decoding=\"async\" width=\"600\" height=\"840\" src=\"https:\/\/fundaciosetba.org\/wp-content\/uploads\/2025\/11\/ISABEL-MORALES_Dona-trista-600x840.jpg\" class=\"attachment-woocommerce_single size-woocommerce_single\" alt=\"\" srcset=\"https:\/\/fundaciosetba.org\/wp-content\/uploads\/2025\/11\/ISABEL-MORALES_Dona-trista-600x840.jpg 600w, https:\/\/fundaciosetba.org\/wp-content\/uploads\/2025\/11\/ISABEL-MORALES_Dona-trista-214x300.jpg 214w, https:\/\/fundaciosetba.org\/wp-content\/uploads\/2025\/11\/ISABEL-MORALES_Dona-trista-731x1024.jpg 731w, https:\/\/fundaciosetba.org\/wp-content\/uploads\/2025\/11\/ISABEL-MORALES_Dona-trista-71x100.jpg 71w, https:\/\/fundaciosetba.org\/wp-content\/uploads\/2025\/11\/ISABEL-MORALES_Dona-trista-286x400.jpg 286w, https:\/\/fundaciosetba.org\/wp-content\/uploads\/2025\/11\/ISABEL-MORALES_Dona-trista.jpg 1400w\" sizes=\"auto, (max-width: 600px) 100vw, 600px\" \/><\/div><div class=\"w-gallery-item-meta\"><div class=\"w-gallery-item-title\">\"Dona trista\"<\/div><\/div><a class=\"w-gallery-item-link\" aria-label=\"&quot;Dona trista&quot;\" href=\"https:\/\/fundaciosetba.org\/wp-content\/uploads\/2025\/11\/ISABEL-MORALES_Dona-trista.jpg\" title=\"&quot;Dona trista&quot;\"><\/a><\/div><\/div><\/div>\n<p>En esta 15\u00aa edici\u00f3n, el jurado otorg\u00f3 <span>\u2014entre<\/span> <span>1.125\u2014<\/span> el <strong>primer premio a Xavi Blaya, de CO Les Corts<\/strong> , por su obra <em>Paris<\/em> , realizada con acuarela, que ha sido adquirida por la Fundaci\u00f3n Setba. <strong>El segundo premio recay\u00f3 en Montse Urgell, de la Asociaci\u00f3n Alba<\/strong> , por <em>Petjades<\/em> , una pieza en acr\u00edlico que ha pasado a formar parte de la colecci\u00f3n del Real C\u00edrculo Art\u00edstico, instituci\u00f3n que tambi\u00e9n ha adquirido <strong>el tercer premio, <em>Ping\u00fcins<\/em> , de Marta Balcells<\/strong> (ACUDAM), una obra creada con t\u00e9mpera y acr\u00edlico. A estas adquisiciones se suma el <strong>Premio Adquisici\u00f3n, que este a\u00f1o ha sido para Rosa Torralba, de la Fundaci\u00f3n Ampans<\/strong> , con <em>La sombra de los 3 ojos<\/em> , una obra hecha \u00edntegramente con bol\u00edgrafo, y <strong>el Premio de Dise\u00f1o Bardinet, <em>Tortuga marina<\/em> de Gloria Vilaseca de la Fundaci\u00f3n Ampans<\/strong> . <\/p>\n<div class=\"w-gallery fit_cover wp_gallery type_masonry action_popup_image with_isotope ratio_auto count_5\" style=\"--columns:5;--items-gap:8px;\"><div class=\"w-gallery-list\"><div class=\"w-gallery-item\"><div class=\"w-gallery-item-img\"><img loading=\"lazy\" decoding=\"async\" width=\"1400\" height=\"1959\" src=\"https:\/\/fundaciosetba.org\/wp-content\/uploads\/2025\/11\/XAVI-BLAYA_Paris-1.jpg\" class=\"attachment-full size-full\" alt=\"\" srcset=\"https:\/\/fundaciosetba.org\/wp-content\/uploads\/2025\/11\/XAVI-BLAYA_Paris-1.jpg 1400w, https:\/\/fundaciosetba.org\/wp-content\/uploads\/2025\/11\/XAVI-BLAYA_Paris-1-214x300.jpg 214w, https:\/\/fundaciosetba.org\/wp-content\/uploads\/2025\/11\/XAVI-BLAYA_Paris-1-732x1024.jpg 732w, https:\/\/fundaciosetba.org\/wp-content\/uploads\/2025\/11\/XAVI-BLAYA_Paris-1-71x100.jpg 71w, https:\/\/fundaciosetba.org\/wp-content\/uploads\/2025\/11\/XAVI-BLAYA_Paris-1-286x400.jpg 286w, https:\/\/fundaciosetba.org\/wp-content\/uploads\/2025\/11\/XAVI-BLAYA_Paris-1-600x840.jpg 600w\" sizes=\"auto, (max-width: 1400px) 100vw, 1400px\" \/><\/div><div class=\"w-gallery-item-meta\"><div class=\"w-gallery-item-title\">\"Paris\"<\/div><\/div><a class=\"w-gallery-item-link\" aria-label=\"&quot;Paris&quot;\" href=\"https:\/\/fundaciosetba.org\/wp-content\/uploads\/2025\/11\/XAVI-BLAYA_Paris-1.jpg\" title=\"&quot;Paris&quot;\"><\/a><\/div><div class=\"w-gallery-item\"><div class=\"w-gallery-item-img\"><img loading=\"lazy\" decoding=\"async\" width=\"1400\" height=\"1961\" src=\"https:\/\/fundaciosetba.org\/wp-content\/uploads\/2025\/11\/MONTSE-URGELL_Petjades-1.jpg\" class=\"attachment-full size-full\" alt=\"\" srcset=\"https:\/\/fundaciosetba.org\/wp-content\/uploads\/2025\/11\/MONTSE-URGELL_Petjades-1.jpg 1400w, https:\/\/fundaciosetba.org\/wp-content\/uploads\/2025\/11\/MONTSE-URGELL_Petjades-1-214x300.jpg 214w, https:\/\/fundaciosetba.org\/wp-content\/uploads\/2025\/11\/MONTSE-URGELL_Petjades-1-731x1024.jpg 731w, https:\/\/fundaciosetba.org\/wp-content\/uploads\/2025\/11\/MONTSE-URGELL_Petjades-1-71x100.jpg 71w, https:\/\/fundaciosetba.org\/wp-content\/uploads\/2025\/11\/MONTSE-URGELL_Petjades-1-286x400.jpg 286w, https:\/\/fundaciosetba.org\/wp-content\/uploads\/2025\/11\/MONTSE-URGELL_Petjades-1-600x840.jpg 600w\" sizes=\"auto, (max-width: 1400px) 100vw, 1400px\" \/><\/div><div class=\"w-gallery-item-meta\"><div class=\"w-gallery-item-title\">\"Petjades\"<\/div><\/div><a class=\"w-gallery-item-link\" aria-label=\"&quot;Petjades&quot;\" href=\"https:\/\/fundaciosetba.org\/wp-content\/uploads\/2025\/11\/MONTSE-URGELL_Petjades-1.jpg\" title=\"&quot;Petjades&quot;\"><\/a><\/div><div class=\"w-gallery-item\"><div class=\"w-gallery-item-img\"><img loading=\"lazy\" decoding=\"async\" width=\"1400\" height=\"1960\" src=\"https:\/\/fundaciosetba.org\/wp-content\/uploads\/2025\/11\/MARTA-BALSELLS-Pinguins-1.jpg\" class=\"attachment-full size-full\" alt=\"\" srcset=\"https:\/\/fundaciosetba.org\/wp-content\/uploads\/2025\/11\/MARTA-BALSELLS-Pinguins-1.jpg 1400w, https:\/\/fundaciosetba.org\/wp-content\/uploads\/2025\/11\/MARTA-BALSELLS-Pinguins-1-214x300.jpg 214w, https:\/\/fundaciosetba.org\/wp-content\/uploads\/2025\/11\/MARTA-BALSELLS-Pinguins-1-731x1024.jpg 731w, https:\/\/fundaciosetba.org\/wp-content\/uploads\/2025\/11\/MARTA-BALSELLS-Pinguins-1-71x100.jpg 71w, https:\/\/fundaciosetba.org\/wp-content\/uploads\/2025\/11\/MARTA-BALSELLS-Pinguins-1-286x400.jpg 286w, https:\/\/fundaciosetba.org\/wp-content\/uploads\/2025\/11\/MARTA-BALSELLS-Pinguins-1-600x840.jpg 600w\" sizes=\"auto, (max-width: 1400px) 100vw, 1400px\" \/><\/div><div class=\"w-gallery-item-meta\"><div class=\"w-gallery-item-title\">\"Ping\u00fcins\"<\/div><\/div><a class=\"w-gallery-item-link\" aria-label=\"&quot;Ping\u00fcins&quot;\" href=\"https:\/\/fundaciosetba.org\/wp-content\/uploads\/2025\/11\/MARTA-BALSELLS-Pinguins-1.jpg\" title=\"&quot;Ping\u00fcins&quot;\"><\/a><\/div><div class=\"w-gallery-item\"><div class=\"w-gallery-item-img\"><img loading=\"lazy\" decoding=\"async\" width=\"1400\" height=\"1960\" src=\"https:\/\/fundaciosetba.org\/wp-content\/uploads\/2025\/11\/ROSA-TORRALBA_-La-sombra-de-los-3-ojos.jpg\" class=\"attachment-full size-full\" alt=\"\" srcset=\"https:\/\/fundaciosetba.org\/wp-content\/uploads\/2025\/11\/ROSA-TORRALBA_-La-sombra-de-los-3-ojos.jpg 1400w, https:\/\/fundaciosetba.org\/wp-content\/uploads\/2025\/11\/ROSA-TORRALBA_-La-sombra-de-los-3-ojos-214x300.jpg 214w, https:\/\/fundaciosetba.org\/wp-content\/uploads\/2025\/11\/ROSA-TORRALBA_-La-sombra-de-los-3-ojos-731x1024.jpg 731w, https:\/\/fundaciosetba.org\/wp-content\/uploads\/2025\/11\/ROSA-TORRALBA_-La-sombra-de-los-3-ojos-71x100.jpg 71w, https:\/\/fundaciosetba.org\/wp-content\/uploads\/2025\/11\/ROSA-TORRALBA_-La-sombra-de-los-3-ojos-286x400.jpg 286w, https:\/\/fundaciosetba.org\/wp-content\/uploads\/2025\/11\/ROSA-TORRALBA_-La-sombra-de-los-3-ojos-600x840.jpg 600w\" sizes=\"auto, (max-width: 1400px) 100vw, 1400px\" \/><\/div><div class=\"w-gallery-item-meta\"><div class=\"w-gallery-item-title\">\"La sombra de los tres ojos\"<\/div><\/div><a class=\"w-gallery-item-link\" aria-label=\"&quot;La sombra de los tres ojos&quot;\" href=\"https:\/\/fundaciosetba.org\/wp-content\/uploads\/2025\/11\/ROSA-TORRALBA_-La-sombra-de-los-3-ojos.jpg\" title=\"&quot;La sombra de los tres ojos&quot;\"><\/a><\/div><div class=\"w-gallery-item\"><div class=\"w-gallery-item-img\"><img loading=\"lazy\" decoding=\"async\" width=\"1831\" height=\"2560\" src=\"https:\/\/fundaciosetba.org\/wp-content\/uploads\/2025\/11\/Lafotografica_43B1083-scaled.jpg\" class=\"attachment-full size-full\" alt=\"\" srcset=\"https:\/\/fundaciosetba.org\/wp-content\/uploads\/2025\/11\/Lafotografica_43B1083-scaled.jpg 1831w, https:\/\/fundaciosetba.org\/wp-content\/uploads\/2025\/11\/Lafotografica_43B1083-215x300.jpg 215w, https:\/\/fundaciosetba.org\/wp-content\/uploads\/2025\/11\/Lafotografica_43B1083-732x1024.jpg 732w, https:\/\/fundaciosetba.org\/wp-content\/uploads\/2025\/11\/Lafotografica_43B1083-72x100.jpg 72w, https:\/\/fundaciosetba.org\/wp-content\/uploads\/2025\/11\/Lafotografica_43B1083-286x400.jpg 286w, https:\/\/fundaciosetba.org\/wp-content\/uploads\/2025\/11\/Lafotografica_43B1083-600x839.jpg 600w\" sizes=\"auto, (max-width: 1831px) 100vw, 1831px\" \/><\/div><div class=\"w-gallery-item-meta\"><div class=\"w-gallery-item-title\">\"Tortuga marina\"<\/div><\/div><a class=\"w-gallery-item-link\" aria-label=\"&quot;Tortuga marina&quot;\" href=\"https:\/\/fundaciosetba.org\/wp-content\/uploads\/2025\/11\/Lafotografica_43B1083-scaled.jpg\" title=\"&quot;Tortuga marina&quot;\"><\/a><\/div><\/div><\/div>\n<p>Un a\u00f1o m\u00e1s, el Premi Setba reafirma su apuesta por dar visibilidad y oportunidades profesionales a artistas con discapacidad intelectual, y lo hace de la mano de galer\u00edas y entidades que reconocen el valor y la calidad de su trabajo.<\/p>\n<h5>Las seis obras finalistas ya est\u00e1n disponibles en nuestra tienda social: <a href=\"https:\/\/fundaciosetba.org\/botiga\/\">V\u00cdSITALA AQU\u00cd<\/a><\/h5>\n","protected":false},"excerpt":{"rendered":"<p>Un a\u00f1o m\u00e1s, el Premi Setba reafirma su apuesta por dar visibilidad y oportunidades profesionales a artistas con discapacidad intelectual, y lo hace de la mano de galer\u00edas y entidades que reconocen el valor y la calidad de su trabajo.<\/p>\n","protected":false},"author":1,"featured_media":40536,"comment_status":"closed","ping_status":"closed","sticky":false,"template":"","format":"standard","meta":{"footnotes":""},"categories":[1353],"tags":[],"class_list":["post-40646","post","type-post","status-publish","format-standard","has-post-thumbnail","hentry","category-premio-setba-es"],"_links":{"self":[{"href":"https:\/\/fundaciosetba.org\/es\/wp-json\/wp\/v2\/posts\/40646","targetHints":{"allow":["GET"]}}],"collection":[{"href":"https:\/\/fundaciosetba.org\/es\/wp-json\/wp\/v2\/posts"}],"about":[{"href":"https:\/\/fundaciosetba.org\/es\/wp-json\/wp\/v2\/types\/post"}],"author":[{"embeddable":true,"href":"https:\/\/fundaciosetba.org\/es\/wp-json\/wp\/v2\/users\/1"}],"replies":[{"embeddable":true,"href":"https:\/\/fundaciosetba.org\/es\/wp-json\/wp\/v2\/comments?post=40646"}],"version-history":[{"count":2,"href":"https:\/\/fundaciosetba.org\/es\/wp-json\/wp\/v2\/posts\/40646\/revisions"}],"predecessor-version":[{"id":40698,"href":"https:\/\/fundaciosetba.org\/es\/wp-json\/wp\/v2\/posts\/40646\/revisions\/40698"}],"wp:featuredmedia":[{"embeddable":true,"href":"https:\/\/fundaciosetba.org\/es\/wp-json\/wp\/v2\/media\/40536"}],"wp:attachment":[{"href":"https:\/\/fundaciosetba.org\/es\/wp-json\/wp\/v2\/media?parent=40646"}],"wp:term":[{"taxonomy":"category","embeddable":true,"href":"https:\/\/fundaciosetba.org\/es\/wp-json\/wp\/v2\/categories?post=40646"},{"taxonomy":"post_tag","embeddable":true,"href":"https:\/\/fundaciosetba.org\/es\/wp-json\/wp\/v2\/tags?post=40646"}],"curies":[{"name":"wp","href":"https:\/\/api.w.org\/{rel}","templated":true}]}}