{"id":40700,"date":"2025-11-25T16:33:42","date_gmt":"2025-11-25T15:33:42","guid":{"rendered":"https:\/\/fundaciosetba.org\/las-obras-finalistas-del-premi-setba-2025-ya-estan-disponibles-en-nuestra-tienda-social\/"},"modified":"2025-11-25T17:28:34","modified_gmt":"2025-11-25T16:28:34","slug":"las-obras-finalistas-del-premi-setba-2025-ya-estan-disponibles-en-nuestra-tienda-social","status":"publish","type":"post","link":"https:\/\/fundaciosetba.org\/es\/las-obras-finalistas-del-premi-setba-2025-ya-estan-disponibles-en-nuestra-tienda-social\/","title":{"rendered":"Las obras finalistas del Premi Setba 2025 ya est\u00e1n disponibles en nuestra tienda social"},"content":{"rendered":"<p>Ya se pueden adquirir seis de las doce obras finalistas del Premi Setba 2025 en la tienda social de la Fundaci\u00f3n Setba. Cada pieza es una obra \u00fanica, realizada con t\u00e9cnicas mixtas por los artistas que han participado en el certamen, seleccionados de entre las 1.125 obras presentadas en esta decimoquinta edici\u00f3n del premio.<\/p>\n<div class=\"w-gallery fit_cover wp_gallery type_masonry action_popup_image with_isotope ratio_auto count_6\" style=\"--columns:3;--items-gap:8px;\"><div class=\"w-gallery-list\"><div class=\"w-gallery-item\"><div class=\"w-gallery-item-img\"><img loading=\"lazy\" decoding=\"async\" width=\"150\" height=\"150\" src=\"https:\/\/fundaciosetba.org\/wp-content\/uploads\/2025\/11\/algues_negre-1-150x150.png\" class=\"attachment-thumbnail size-thumbnail\" alt=\"\" srcset=\"https:\/\/fundaciosetba.org\/wp-content\/uploads\/2025\/11\/algues_negre-1-150x150.png 150w, https:\/\/fundaciosetba.org\/wp-content\/uploads\/2025\/11\/algues_negre-1-300x300.png 300w, https:\/\/fundaciosetba.org\/wp-content\/uploads\/2025\/11\/algues_negre-1-1024x1024.png 1024w, https:\/\/fundaciosetba.org\/wp-content\/uploads\/2025\/11\/algues_negre-1-100x100.png 100w, https:\/\/fundaciosetba.org\/wp-content\/uploads\/2025\/11\/algues_negre-1-400x400.png 400w, https:\/\/fundaciosetba.org\/wp-content\/uploads\/2025\/11\/algues_negre-1-600x600.png 600w, https:\/\/fundaciosetba.org\/wp-content\/uploads\/2025\/11\/algues_negre-1.png 2000w\" sizes=\"auto, (max-width: 150px) 100vw, 150px\" \/><\/div><div class=\"w-gallery-item-meta\"><div class=\"w-gallery-item-title\">\"Algues\", Nira Sunder<\/div><\/div><a class=\"w-gallery-item-link\" aria-label=\"&quot;Algues&quot;, Nira Sunder\" href=\"https:\/\/fundaciosetba.org\/wp-content\/uploads\/2025\/11\/algues_negre-1.png\" title=\"&quot;Algues&quot;, Nira Sunder\"><\/a><\/div><div class=\"w-gallery-item\"><div class=\"w-gallery-item-img\"><img loading=\"lazy\" decoding=\"async\" width=\"150\" height=\"150\" src=\"https:\/\/fundaciosetba.org\/wp-content\/uploads\/2025\/11\/callejeando_negre-1-150x150.png\" class=\"attachment-thumbnail size-thumbnail\" alt=\"\" srcset=\"https:\/\/fundaciosetba.org\/wp-content\/uploads\/2025\/11\/callejeando_negre-1-150x150.png 150w, https:\/\/fundaciosetba.org\/wp-content\/uploads\/2025\/11\/callejeando_negre-1-300x300.png 300w, https:\/\/fundaciosetba.org\/wp-content\/uploads\/2025\/11\/callejeando_negre-1-1024x1024.png 1024w, https:\/\/fundaciosetba.org\/wp-content\/uploads\/2025\/11\/callejeando_negre-1-100x100.png 100w, https:\/\/fundaciosetba.org\/wp-content\/uploads\/2025\/11\/callejeando_negre-1-400x400.png 400w, https:\/\/fundaciosetba.org\/wp-content\/uploads\/2025\/11\/callejeando_negre-1-600x600.png 600w, https:\/\/fundaciosetba.org\/wp-content\/uploads\/2025\/11\/callejeando_negre-1.png 2000w\" sizes=\"auto, (max-width: 150px) 100vw, 150px\" \/><\/div><div class=\"w-gallery-item-meta\"><div class=\"w-gallery-item-title\">\"Callejeando\" <\/div><\/div><a class=\"w-gallery-item-link\" aria-label=\"&quot;Callejeando&quot; \" href=\"https:\/\/fundaciosetba.org\/wp-content\/uploads\/2025\/11\/callejeando_negre-1.png\" title=\"&quot;Callejeando&quot; \"><\/a><\/div><div class=\"w-gallery-item\"><div class=\"w-gallery-item-img\"><img loading=\"lazy\" decoding=\"async\" width=\"150\" height=\"150\" src=\"https:\/\/fundaciosetba.org\/wp-content\/uploads\/2025\/11\/marrameu_N-1-150x150.png\" class=\"attachment-thumbnail size-thumbnail\" alt=\"\" srcset=\"https:\/\/fundaciosetba.org\/wp-content\/uploads\/2025\/11\/marrameu_N-1-150x150.png 150w, https:\/\/fundaciosetba.org\/wp-content\/uploads\/2025\/11\/marrameu_N-1-300x300.png 300w, https:\/\/fundaciosetba.org\/wp-content\/uploads\/2025\/11\/marrameu_N-1-1024x1024.png 1024w, https:\/\/fundaciosetba.org\/wp-content\/uploads\/2025\/11\/marrameu_N-1-100x100.png 100w, https:\/\/fundaciosetba.org\/wp-content\/uploads\/2025\/11\/marrameu_N-1-400x400.png 400w, https:\/\/fundaciosetba.org\/wp-content\/uploads\/2025\/11\/marrameu_N-1-600x600.png 600w, https:\/\/fundaciosetba.org\/wp-content\/uploads\/2025\/11\/marrameu_N-1.png 2000w\" sizes=\"auto, (max-width: 150px) 100vw, 150px\" \/><\/div><div class=\"w-gallery-item-meta\"><div class=\"w-gallery-item-title\">\"Marrameu\", Alexis Hinojosa<\/div><\/div><a class=\"w-gallery-item-link\" aria-label=\"&quot;Marrameu&quot;, Alexis Hinojosa\" href=\"https:\/\/fundaciosetba.org\/wp-content\/uploads\/2025\/11\/marrameu_N-1.png\" title=\"&quot;Marrameu&quot;, Alexis Hinojosa\"><\/a><\/div><div class=\"w-gallery-item\"><div class=\"w-gallery-item-img\"><img loading=\"lazy\" decoding=\"async\" width=\"150\" height=\"150\" src=\"https:\/\/fundaciosetba.org\/wp-content\/uploads\/2025\/11\/primavera_N-1-150x150.png\" class=\"attachment-thumbnail size-thumbnail\" alt=\"\" srcset=\"https:\/\/fundaciosetba.org\/wp-content\/uploads\/2025\/11\/primavera_N-1-150x150.png 150w, https:\/\/fundaciosetba.org\/wp-content\/uploads\/2025\/11\/primavera_N-1-300x300.png 300w, https:\/\/fundaciosetba.org\/wp-content\/uploads\/2025\/11\/primavera_N-1-1024x1024.png 1024w, https:\/\/fundaciosetba.org\/wp-content\/uploads\/2025\/11\/primavera_N-1-100x100.png 100w, https:\/\/fundaciosetba.org\/wp-content\/uploads\/2025\/11\/primavera_N-1-400x400.png 400w, https:\/\/fundaciosetba.org\/wp-content\/uploads\/2025\/11\/primavera_N-1-600x600.png 600w, https:\/\/fundaciosetba.org\/wp-content\/uploads\/2025\/11\/primavera_N-1.png 2000w\" sizes=\"auto, (max-width: 150px) 100vw, 150px\" \/><\/div><div class=\"w-gallery-item-meta\"><div class=\"w-gallery-item-title\">\"La primavera s'apaga\", Ruben Afonso<\/div><\/div><a class=\"w-gallery-item-link\" aria-label=\"&quot;La primavera s&#039;apaga&quot;, Ruben Afonso\" href=\"https:\/\/fundaciosetba.org\/wp-content\/uploads\/2025\/11\/primavera_N-1.png\" title=\"&quot;La primavera s&#039;apaga&quot;, Ruben Afonso\"><\/a><\/div><div class=\"w-gallery-item\"><div class=\"w-gallery-item-img\"><img loading=\"lazy\" decoding=\"async\" width=\"150\" height=\"150\" src=\"https:\/\/fundaciosetba.org\/wp-content\/uploads\/2025\/11\/renfe_N-1-150x150.png\" class=\"attachment-thumbnail size-thumbnail\" alt=\"\" srcset=\"https:\/\/fundaciosetba.org\/wp-content\/uploads\/2025\/11\/renfe_N-1-150x150.png 150w, https:\/\/fundaciosetba.org\/wp-content\/uploads\/2025\/11\/renfe_N-1-300x300.png 300w, https:\/\/fundaciosetba.org\/wp-content\/uploads\/2025\/11\/renfe_N-1-1024x1024.png 1024w, https:\/\/fundaciosetba.org\/wp-content\/uploads\/2025\/11\/renfe_N-1-100x100.png 100w, https:\/\/fundaciosetba.org\/wp-content\/uploads\/2025\/11\/renfe_N-1-400x400.png 400w, https:\/\/fundaciosetba.org\/wp-content\/uploads\/2025\/11\/renfe_N-1-600x600.png 600w, https:\/\/fundaciosetba.org\/wp-content\/uploads\/2025\/11\/renfe_N-1.png 2000w\" sizes=\"auto, (max-width: 150px) 100vw, 150px\" \/><\/div><div class=\"w-gallery-item-meta\"><div class=\"w-gallery-item-title\">\"Rodalies Renfe\", Fanam P\u00e9rez<\/div><\/div><a class=\"w-gallery-item-link\" aria-label=\"&quot;Rodalies Renfe&quot;, Fanam P\u00e9rez\" href=\"https:\/\/fundaciosetba.org\/wp-content\/uploads\/2025\/11\/renfe_N-1.png\" title=\"&quot;Rodalies Renfe&quot;, Fanam P\u00e9rez\"><\/a><\/div><div class=\"w-gallery-item\"><div class=\"w-gallery-item-img\"><img loading=\"lazy\" decoding=\"async\" width=\"150\" height=\"150\" src=\"https:\/\/fundaciosetba.org\/wp-content\/uploads\/2025\/11\/verde_N-1-150x150.png\" class=\"attachment-thumbnail size-thumbnail\" alt=\"\" srcset=\"https:\/\/fundaciosetba.org\/wp-content\/uploads\/2025\/11\/verde_N-1-150x150.png 150w, https:\/\/fundaciosetba.org\/wp-content\/uploads\/2025\/11\/verde_N-1-300x300.png 300w, https:\/\/fundaciosetba.org\/wp-content\/uploads\/2025\/11\/verde_N-1-1024x1024.png 1024w, https:\/\/fundaciosetba.org\/wp-content\/uploads\/2025\/11\/verde_N-1-100x100.png 100w, https:\/\/fundaciosetba.org\/wp-content\/uploads\/2025\/11\/verde_N-1-400x400.png 400w, https:\/\/fundaciosetba.org\/wp-content\/uploads\/2025\/11\/verde_N-1-600x600.png 600w, https:\/\/fundaciosetba.org\/wp-content\/uploads\/2025\/11\/verde_N-1.png 2000w\" sizes=\"auto, (max-width: 150px) 100vw, 150px\" \/><\/div><div class=\"w-gallery-item-meta\"><div class=\"w-gallery-item-title\">\"Verde esperanza\", Rosa M. Pardo<\/div><\/div><a class=\"w-gallery-item-link\" aria-label=\"&quot;Verde esperanza&quot;, Rosa M. Pardo\" href=\"https:\/\/fundaciosetba.org\/wp-content\/uploads\/2025\/11\/verde_N-1.png\" title=\"&quot;Verde esperanza&quot;, Rosa M. Pardo\"><\/a><\/div><\/div><\/div>\n<p style=\"text-align: center;\"><strong><a href=\"https:\/\/fundaciosetba.org\/botiga\/\" target=\"_blank\" rel=\"noopener\">Visita la tienda aqu\u00ed<\/a><\/strong><\/p>\n<p>El resto de obras finalistas, siete en total, ya han sido adquiridas por el p\u00fablico visitante en la exposici\u00f3n en la Pigment Gallery o como parte de los Premios. Estas obras son:<\/p>\n<ul>\n<li><strong><em>Dona trista<\/em> , de Isabel Morales (Fundaci\u00f3n Ramon Noguera)<\/strong><\/li>\n<li><strong><em>El bombero<\/em> , de Andr\u00e9s Esp\u00ederrez (CO Les Corts)<\/strong><\/li>\n<li><strong><em>Par\u00eds<\/em> , de Xavi Blaya (CO Les Corts)<\/strong> , Primer Premio, adquirida por la Fundaci\u00f3 Setba<\/li>\n<li><strong><em>Petjades<\/em> , de Montse Urgell (Asociaci\u00f3n Alba)<\/strong> , Segundo Premio, adquirida por el Reial Cercle Art\u00edstic<\/li>\n<li><strong><em>Ping\u00fcins<\/em> , de Marta Balcells (ACUDAM)<\/strong> , Tercer Premio, tambi\u00e9n adquirida por el Reial Cercle Art\u00edstic<\/li>\n<li><strong><em>La sombra de los 3 ojos<\/em> , de Rosa Torralba (Fundaci\u00f3n Ampans)<\/strong> , Premio Adquisici\u00f3n de la Pigment Gallery<\/li>\n<li><strong><em>Tortuga Marina<\/em> , de Gl\u00f2ria Vilaseca (Fundaci\u00f3n Ampans)<\/strong> , Premio de Dise\u00f1o Bardinet<\/li>\n<\/ul>\n<p>Con la compra de cualquiera de las seis obras finalistas todav\u00eda disponibles, colaboras directamente a reconocer el talento de estos artistas ya financiar el proyecto <em>Magistrals<\/em> , nuestra formaci\u00f3n art\u00edstica dirigida a entidades que trabajan con personas con discapacidad intelectual.<\/p>\n<p>El jurado de la decimoquinta edici\u00f3n estuvo formado por:<\/p>\n<ul>\n<li>Montserrat Gonz\u00e1lez, responsable de comunicaci\u00f3n del Instituto de Cultura de Barcelona (ICUB)<\/li>\n<li>M\u00f2nica Ramon, directora de Artur Ramon Espacio de Arte y vicepresidenta del Gremio de Galer\u00edas de Arte de Catalu\u00f1a<\/li>\n<li>Montserrat Sampietro, Departamento de Actividades de Cultura y Ciencia de la Fundaci\u00f3n \u201cla Caixa\u201d<\/li>\n<li>Cristina Sampere, artista y directora de la Fundaci\u00f3n Setba<\/li>\n<li>Jos\u00e9 Manuel Jaurena, gerente de Pinturas Mir<\/li>\n<\/ul>\n<p>Un a\u00f1o m\u00e1s, el Premi Setba reafirma su compromiso con la inclusi\u00f3n, la profesionalizaci\u00f3n y la visibilidad del talento art\u00edstico de las personas con discapacidad intelectual.<\/p>\n","protected":false},"excerpt":{"rendered":"<p>Cada pieza es una obra \u00fanica, realizada con t\u00e9cnicas mixtas por los artistas que han participado en el certamen, seleccionados de entre las 1.125 obras presentadas en esta decimoquinta edici\u00f3n del premio.<\/p>\n","protected":false},"author":1,"featured_media":40689,"comment_status":"closed","ping_status":"closed","sticky":false,"template":"","format":"standard","meta":{"footnotes":""},"categories":[1353],"tags":[],"class_list":["post-40700","post","type-post","status-publish","format-standard","has-post-thumbnail","hentry","category-premio-setba-es"],"_links":{"self":[{"href":"https:\/\/fundaciosetba.org\/es\/wp-json\/wp\/v2\/posts\/40700","targetHints":{"allow":["GET"]}}],"collection":[{"href":"https:\/\/fundaciosetba.org\/es\/wp-json\/wp\/v2\/posts"}],"about":[{"href":"https:\/\/fundaciosetba.org\/es\/wp-json\/wp\/v2\/types\/post"}],"author":[{"embeddable":true,"href":"https:\/\/fundaciosetba.org\/es\/wp-json\/wp\/v2\/users\/1"}],"replies":[{"embeddable":true,"href":"https:\/\/fundaciosetba.org\/es\/wp-json\/wp\/v2\/comments?post=40700"}],"version-history":[{"count":1,"href":"https:\/\/fundaciosetba.org\/es\/wp-json\/wp\/v2\/posts\/40700\/revisions"}],"predecessor-version":[{"id":40701,"href":"https:\/\/fundaciosetba.org\/es\/wp-json\/wp\/v2\/posts\/40700\/revisions\/40701"}],"wp:featuredmedia":[{"embeddable":true,"href":"https:\/\/fundaciosetba.org\/es\/wp-json\/wp\/v2\/media\/40689"}],"wp:attachment":[{"href":"https:\/\/fundaciosetba.org\/es\/wp-json\/wp\/v2\/media?parent=40700"}],"wp:term":[{"taxonomy":"category","embeddable":true,"href":"https:\/\/fundaciosetba.org\/es\/wp-json\/wp\/v2\/categories?post=40700"},{"taxonomy":"post_tag","embeddable":true,"href":"https:\/\/fundaciosetba.org\/es\/wp-json\/wp\/v2\/tags?post=40700"}],"curies":[{"name":"wp","href":"https:\/\/api.w.org\/{rel}","templated":true}]}}