{"id":40862,"date":"2025-12-03T12:37:30","date_gmt":"2025-12-03T11:37:30","guid":{"rendered":"https:\/\/fundaciosetba.org\/abrimos-la-convocatoria-del-premio-setba-2026\/"},"modified":"2025-12-03T14:05:56","modified_gmt":"2025-12-03T13:05:56","slug":"abrimos-la-convocatoria-del-premio-setba-2026","status":"publish","type":"post","link":"https:\/\/fundaciosetba.org\/es\/abrimos-la-convocatoria-del-premio-setba-2026\/","title":{"rendered":"Abrimos la convocatoria del Premio Setba 2026"},"content":{"rendered":"<p>Coincidiendo con el <strong>D\u00eda Internacional de las Personas con Discapacidad<\/strong> , abrimos la nueva convocatoria del Premio Setba, el <strong>certamen de pintura dirigido a artistas con discapacidad intelectual<\/strong> mejor dotado del Estado. El premio, de car\u00e1cter anual y destinado a entidades que trabajan con este colectivo, se consolida como un referente que reconoce, visibiliza e impulsa el talento de estos creadores.<\/p>\n<p><iframe loading=\"lazy\" title=\"Nova convocat\u00f2ria PREMI SETBA 2026\" width=\"640\" height=\"360\" src=\"https:\/\/www.youtube.com\/embed\/GZCZ8uZtPBM?feature=oembed\" frameborder=\"0\" allow=\"accelerometer; autoplay; clipboard-write; encrypted-media; gyroscope; picture-in-picture; web-share\" referrerpolicy=\"strict-origin-when-cross-origin\" allowfullscreen><\/iframe><\/p>\n<p><strong>Las inscripciones ya est\u00e1n abiertas y se podr\u00e1n presentar candidaturas hasta el 19 de marzo de 2026<\/strong> . Cada participante deber\u00e1 presentar una obra de t\u00e9cnica libre, en formato vertical de 70\u00d750 cm.<\/p>\n<p>Este a\u00f1o, el certamen otorgar\u00e1 <strong>varios premios con una dotaci\u00f3n econ\u00f3mica de 9.700\u20ac y 2.400\u20ac en material y formaci\u00f3n<\/strong> ; entre ellos el premio de dise\u00f1o, patrocinado por Bardinet, por crear la nueva etiqueta del vino Lacrima Baccus (DO Pened\u00e8s) y el de adquisici\u00f3n de la galer\u00eda de arte Pigment Gallery.<\/p>\n<p><strong>La \u00faltima edici\u00f3n cont\u00f3 con 1.125 obras presentadas por 69 entidades de Catalu\u00f1a<\/strong> . El <strong>Premio Setba 2025 recay\u00f3 en Xavi Blaya<\/strong> (CO Les Corts) por su obra <em>Par\u00eds<\/em> .<\/p>\n<p><img loading=\"lazy\" decoding=\"async\" class=\"aligncenter size-us_600_400 wp-image-40839\" src=\"https:\/\/fundaciosetba.org\/wp-content\/uploads\/2025\/12\/Mesa-de-trabajo-1-copia-55-400x400.png\" alt=\"\" width=\"400\" height=\"400\" srcset=\"https:\/\/fundaciosetba.org\/wp-content\/uploads\/2025\/12\/Mesa-de-trabajo-1-copia-55-400x400.png 400w, https:\/\/fundaciosetba.org\/wp-content\/uploads\/2025\/12\/Mesa-de-trabajo-1-copia-55-300x300.png 300w, https:\/\/fundaciosetba.org\/wp-content\/uploads\/2025\/12\/Mesa-de-trabajo-1-copia-55-1024x1024.png 1024w, https:\/\/fundaciosetba.org\/wp-content\/uploads\/2025\/12\/Mesa-de-trabajo-1-copia-55-150x150.png 150w, https:\/\/fundaciosetba.org\/wp-content\/uploads\/2025\/12\/Mesa-de-trabajo-1-copia-55-100x100.png 100w, https:\/\/fundaciosetba.org\/wp-content\/uploads\/2025\/12\/Mesa-de-trabajo-1-copia-55-600x600.png 600w, https:\/\/fundaciosetba.org\/wp-content\/uploads\/2025\/12\/Mesa-de-trabajo-1-copia-55.png 1081w\" sizes=\"auto, (max-width: 400px) 100vw, 400px\" \/><\/p>\n<h4>Un jurado renovado para aportar una mirada diversa y actual<\/h4>\n<p>Para la edici\u00f3n 2026 se ha renovado al jurado profesional, con el objetivo de aportar una visi\u00f3n fresca, transparencia en el proceso de selecci\u00f3n y ampliar las conexiones del premio con profesionales de referencia e instituciones culturales.<\/p>\n<p>El jurado 2026 estar\u00e1 formado por:<\/p>\n<div class=\"w-gallery fit_cover wp_gallery type_masonry action_popup_image with_isotope ratio_auto count_5\" style=\"--columns:5;--items-gap:8px;\"><div class=\"w-gallery-list\"><div class=\"w-gallery-item\"><div class=\"w-gallery-item-img\"><img loading=\"lazy\" decoding=\"async\" width=\"300\" height=\"300\" src=\"https:\/\/fundaciosetba.org\/wp-content\/uploads\/2025\/12\/WhatsApp-Image-2025-11-26-at-12.07.24-300x300.jpeg\" class=\"attachment-woocommerce_thumbnail size-woocommerce_thumbnail\" alt=\"\" srcset=\"https:\/\/fundaciosetba.org\/wp-content\/uploads\/2025\/12\/WhatsApp-Image-2025-11-26-at-12.07.24-300x300.jpeg 300w, https:\/\/fundaciosetba.org\/wp-content\/uploads\/2025\/12\/WhatsApp-Image-2025-11-26-at-12.07.24-150x150.jpeg 150w\" sizes=\"auto, (max-width: 300px) 100vw, 300px\" \/><\/div><div class=\"w-gallery-item-meta\"><div class=\"w-gallery-item-title\">Ferran Josa<\/div><\/div><a class=\"w-gallery-item-link\" aria-label=\"Ferran Josa\" href=\"https:\/\/fundaciosetba.org\/wp-content\/uploads\/2025\/12\/WhatsApp-Image-2025-11-26-at-12.07.24.jpeg\" title=\"Ferran Josa\"><\/a><\/div><div class=\"w-gallery-item\"><div class=\"w-gallery-item-img\"><img loading=\"lazy\" decoding=\"async\" width=\"300\" height=\"300\" src=\"https:\/\/fundaciosetba.org\/wp-content\/uploads\/2025\/12\/Laura-Murtra-1-300x300.png\" class=\"attachment-woocommerce_thumbnail size-woocommerce_thumbnail\" alt=\"\" srcset=\"https:\/\/fundaciosetba.org\/wp-content\/uploads\/2025\/12\/Laura-Murtra-1-300x300.png 300w, https:\/\/fundaciosetba.org\/wp-content\/uploads\/2025\/12\/Laura-Murtra-1-150x150.png 150w, https:\/\/fundaciosetba.org\/wp-content\/uploads\/2025\/12\/Laura-Murtra-1-99x100.png 99w\" sizes=\"auto, (max-width: 300px) 100vw, 300px\" \/><\/div><div class=\"w-gallery-item-meta\"><div class=\"w-gallery-item-title\">Laura Murtra<\/div><\/div><a class=\"w-gallery-item-link\" aria-label=\"Laura Murtra\" href=\"https:\/\/fundaciosetba.org\/wp-content\/uploads\/2025\/12\/Laura-Murtra-1.png\" title=\"Laura Murtra\"><\/a><\/div><div class=\"w-gallery-item\"><div class=\"w-gallery-item-img\"><img loading=\"lazy\" decoding=\"async\" width=\"300\" height=\"300\" src=\"https:\/\/fundaciosetba.org\/wp-content\/uploads\/2025\/12\/Foto-Manuel-Barrios-1-300x300.jpg\" class=\"attachment-woocommerce_thumbnail size-woocommerce_thumbnail\" alt=\"\" srcset=\"https:\/\/fundaciosetba.org\/wp-content\/uploads\/2025\/12\/Foto-Manuel-Barrios-1-300x300.jpg 300w, https:\/\/fundaciosetba.org\/wp-content\/uploads\/2025\/12\/Foto-Manuel-Barrios-1-150x150.jpg 150w\" sizes=\"auto, (max-width: 300px) 100vw, 300px\" \/><\/div><div class=\"w-gallery-item-meta\"><div class=\"w-gallery-item-title\">Manuel Barrios<\/div><\/div><a class=\"w-gallery-item-link\" aria-label=\"Manuel Barrios\" href=\"https:\/\/fundaciosetba.org\/wp-content\/uploads\/2025\/12\/Foto-Manuel-Barrios-1.jpg\" title=\"Manuel Barrios\"><\/a><\/div><div class=\"w-gallery-item\"><div class=\"w-gallery-item-img\"><img loading=\"lazy\" decoding=\"async\" width=\"300\" height=\"300\" src=\"https:\/\/fundaciosetba.org\/wp-content\/uploads\/2025\/12\/2025-montserrat-gonzalez-jurat-300x300.jpg\" class=\"attachment-woocommerce_thumbnail size-woocommerce_thumbnail\" alt=\"\" srcset=\"https:\/\/fundaciosetba.org\/wp-content\/uploads\/2025\/12\/2025-montserrat-gonzalez-jurat-300x300.jpg 300w, https:\/\/fundaciosetba.org\/wp-content\/uploads\/2025\/12\/2025-montserrat-gonzalez-jurat-150x150.jpg 150w\" sizes=\"auto, (max-width: 300px) 100vw, 300px\" \/><\/div><div class=\"w-gallery-item-meta\"><div class=\"w-gallery-item-title\">Montserrat Gonz\u00e1lez<\/div><\/div><a class=\"w-gallery-item-link\" aria-label=\"Montserrat Gonz\u00e1lez\" href=\"https:\/\/fundaciosetba.org\/wp-content\/uploads\/2025\/12\/2025-montserrat-gonzalez-jurat-scaled.jpg\" title=\"Montserrat Gonz\u00e1lez\"><\/a><\/div><div class=\"w-gallery-item\"><div class=\"w-gallery-item-img\"><img loading=\"lazy\" decoding=\"async\" width=\"300\" height=\"300\" src=\"https:\/\/fundaciosetba.org\/wp-content\/uploads\/2025\/12\/WhatsApp-Image-2025-11-26-at-10.34.36-300x300.jpeg\" class=\"attachment-woocommerce_thumbnail size-woocommerce_thumbnail\" alt=\"\" srcset=\"https:\/\/fundaciosetba.org\/wp-content\/uploads\/2025\/12\/WhatsApp-Image-2025-11-26-at-10.34.36-300x300.jpeg 300w, https:\/\/fundaciosetba.org\/wp-content\/uploads\/2025\/12\/WhatsApp-Image-2025-11-26-at-10.34.36-150x150.jpeg 150w\" sizes=\"auto, (max-width: 300px) 100vw, 300px\" \/><\/div><div class=\"w-gallery-item-meta\"><div class=\"w-gallery-item-title\">Pedro Costa<\/div><\/div><a class=\"w-gallery-item-link\" aria-label=\"Pedro Costa\" href=\"https:\/\/fundaciosetba.org\/wp-content\/uploads\/2025\/12\/WhatsApp-Image-2025-11-26-at-10.34.36.jpeg\" title=\"Pedro Costa\"><\/a><\/div><\/div><\/div>\n<ul>\n<li><strong>Ferran Josa<\/strong><br \/>\n<em>Director de la Pigmento Gallery Barcelona<\/em><br \/>\nGalerista nacido en Par\u00eds, con una larga trayectoria de m\u00e1s de 16 a\u00f1os en la Sala Par\u00e9s antes de impulsar, en 2016, el proyecto propio Pigment Gallery, con sede en Barcelona y Par\u00eds.<\/li>\n<li><strong>Laura Murtra<\/strong><br \/>\n<em>Directora de Servicios al Cliente de La Casa de Carlota Barcelona<\/em><br \/>\nEconomista especializada en comunicaci\u00f3n y dise\u00f1o con m\u00e1s de 20 a\u00f1os de experiencia en proyectos para grandes marcas. Desde 2022 trabaja desde la metodolog\u00eda creativa inclusiva de La Casa de Carlota.<\/li>\n<li><strong>Manuel Barrios<\/strong><br \/>\n<em>Director de Una mano de cuentos (3cat)<\/em><br \/>\nLicenciado en Bellas Artes y director de uno de los programas infantiles m\u00e1s emblem\u00e1ticos e internacionales del pa\u00eds, traducido a m\u00e1s de quince idiomas.<\/li>\n<li><strong>Montserrat Gonz\u00e1lez<\/strong><br \/>\n<em>Jefe de comunicaci\u00f3n del Instituto de Cultura de Barcelona<\/em><br \/>\nProfesional de la comunicaci\u00f3n con experiencia en agencias nacionales e internacionales y una larga trayectoria en el Ayuntamiento de Barcelona.<\/li>\n<li><strong>Pedro Costa<br \/>\n<\/strong> <em>Director general del MOCO Museum Barcelona<br \/>\n<\/em> Impulsor de un modelo de museo m\u00e1s cercano, din\u00e1mico y orientado al visitante. Trabaja para convertir al MOCO en un espacio vivo, accesible e inspirador.<\/li>\n<\/ul>\n<p><strong>Cristina Sampere<\/strong><br \/>\n<em>Directora de la Fundaci\u00f3n Setba<\/em><br \/>\nArtista y gestora cultural. Ejercer\u00e1 de Secretaria del Jurado, con voz pero sin voto; en caso de empate, tendr\u00e1 voto de calidad.<\/p>\n<p>Los ganadores del Premio Setba 2026 se dar\u00e1n a conocer en una ceremonia que tendr\u00e1 lugar en septiembre de 2026 en CaixaForum Barcelona.<\/p>\n<p>El Premio Setba est\u00e1 organizado por la Fundaci\u00f3n Setba con el patrocinio de Bizcabar, y con la colaboraci\u00f3n de Barna Art, Bardinet, Cocarmi, Dincat, Fundaci\u00f3n \u201cla Caixa\u201d, el Gremio de Galer\u00edas de Arte de Catalu\u00f1a, Istituto Europeo di Design \u2013 IED Barcelona, \u200b\u200bMOCO Museum, Museo del FC Barcelona, \u200b\u200bPinturas MIR y Pinturas MIR.<\/p>\n","protected":false},"excerpt":{"rendered":"<p>Coincidiendo con el D\u00eda Internacional de las Personas con Discapacidad, abrimos la nueva convocatoria del Premio Setba, el certamen de pintura dirigido a artistas con discapacidad intelectual mejor dotado del Estado<\/p>\n","protected":false},"author":1,"featured_media":40886,"comment_status":"closed","ping_status":"closed","sticky":false,"template":"","format":"standard","meta":{"footnotes":""},"categories":[1353],"tags":[],"class_list":["post-40862","post","type-post","status-publish","format-standard","has-post-thumbnail","hentry","category-premio-setba-es"],"_links":{"self":[{"href":"https:\/\/fundaciosetba.org\/es\/wp-json\/wp\/v2\/posts\/40862","targetHints":{"allow":["GET"]}}],"collection":[{"href":"https:\/\/fundaciosetba.org\/es\/wp-json\/wp\/v2\/posts"}],"about":[{"href":"https:\/\/fundaciosetba.org\/es\/wp-json\/wp\/v2\/types\/post"}],"author":[{"embeddable":true,"href":"https:\/\/fundaciosetba.org\/es\/wp-json\/wp\/v2\/users\/1"}],"replies":[{"embeddable":true,"href":"https:\/\/fundaciosetba.org\/es\/wp-json\/wp\/v2\/comments?post=40862"}],"version-history":[{"count":1,"href":"https:\/\/fundaciosetba.org\/es\/wp-json\/wp\/v2\/posts\/40862\/revisions"}],"predecessor-version":[{"id":40863,"href":"https:\/\/fundaciosetba.org\/es\/wp-json\/wp\/v2\/posts\/40862\/revisions\/40863"}],"wp:featuredmedia":[{"embeddable":true,"href":"https:\/\/fundaciosetba.org\/es\/wp-json\/wp\/v2\/media\/40886"}],"wp:attachment":[{"href":"https:\/\/fundaciosetba.org\/es\/wp-json\/wp\/v2\/media?parent=40862"}],"wp:term":[{"taxonomy":"category","embeddable":true,"href":"https:\/\/fundaciosetba.org\/es\/wp-json\/wp\/v2\/categories?post=40862"},{"taxonomy":"post_tag","embeddable":true,"href":"https:\/\/fundaciosetba.org\/es\/wp-json\/wp\/v2\/tags?post=40862"}],"curies":[{"name":"wp","href":"https:\/\/api.w.org\/{rel}","templated":true}]}}