{"id":40887,"date":"2025-12-03T13:34:02","date_gmt":"2025-12-03T12:34:02","guid":{"rendered":"https:\/\/fundaciosetba.org\/el-premio-setba-2026-estrena-nuevo-jurado\/"},"modified":"2025-12-03T14:05:46","modified_gmt":"2025-12-03T13:05:46","slug":"el-premio-setba-2026-estrena-nuevo-jurado","status":"publish","type":"post","link":"https:\/\/fundaciosetba.org\/es\/el-premio-setba-2026-estrena-nuevo-jurado\/","title":{"rendered":"El Premio Setba 2026 estrena nuevo jurado"},"content":{"rendered":"<p>Coincidiendo con el D\u00eda Internacional de las Personas con Discapacidad, inauguramos una nueva edici\u00f3n del Premi Setba, el <strong>certamen de pintura para artistas con discapacidad intelectual<\/strong> mejor dotado del Estado. Un proyecto que, a\u00f1o tras a\u00f1o, reafirma su compromiso con la visibilizaci\u00f3n, reconocimiento y promoci\u00f3n del talento de estos creadores.<\/p>\n<p>Con las inscripciones ya abiertas \u2014hasta el 19 de marzo de 2026\u2014, damos el pistoletazo de salida a una 16 edici\u00f3n que llega cargada de novedades. Una de las m\u00e1s destacadas es la <strong>renovaci\u00f3n del jurado profesional<\/strong> , con la voluntad de sumar miradas frescas, diversas y especializadas que reflejen la vitalidad del panorama art\u00edstico actual.<\/p>\n<p>Este a\u00f1o incorporamos perfiles que proceden de galer\u00edas, museos, medios de comunicaci\u00f3n, instituciones culturales y estudios creativos de vanguardia. Su trayectoria y experiencia son una garant\u00eda de que la selecci\u00f3n de las obras finalistas estar\u00e1 alineada con las tendencias contempor\u00e1neas y con los valores sociales que da sentido al Premi Setba.<\/p>\n<p>A continuaci\u00f3n, <strong>presentamos el nuevo jurado del Premio Setba 2026:<\/strong><\/p>\n<div class=\"g-cols wpb_row via_flex valign_top type_default stacking_default\">\n<div class=\"vc_col-sm-3 wpb_column vc_column_container\">\n<div class=\"vc_column-inner\">\n<div class=\"wpb_wrapper\">\n<div class=\"w-image align_none\">\n<div class=\"w-image-h\"><img loading=\"lazy\" decoding=\"async\" class=\"attachment-full alignleft\" src=\"https:\/\/fundaciosetba.org\/wp-content\/uploads\/2025\/11\/WhatsApp-Image-2025-11-26-at-12.07.24-e1764166898745.jpeg\" sizes=\"auto, (max-width: 920px) 100vw, 920px\" srcset=\"https:\/\/fundaciosetba.org\/wp-content\/uploads\/2025\/11\/WhatsApp-Image-2025-11-26-at-12.07.24-e1764166898745.jpeg 920w, https:\/\/fundaciosetba.org\/wp-content\/uploads\/2025\/11\/WhatsApp-Image-2025-11-26-at-12.07.24-e1764166898745-276x300.jpeg 276w, https:\/\/fundaciosetba.org\/wp-content\/uploads\/2025\/11\/WhatsApp-Image-2025-11-26-at-12.07.24-e1764166898745-92x100.jpeg 92w, https:\/\/fundaciosetba.org\/wp-content\/uploads\/2025\/11\/WhatsApp-Image-2025-11-26-at-12.07.24-e1764166898745-368x400.jpeg 368w, https:\/\/fundaciosetba.org\/wp-content\/uploads\/2025\/11\/WhatsApp-Image-2025-11-26-at-12.07.24-e1764166898745-600x652.jpeg 600w\" alt=\"\" width=\"333\" height=\"362\" \/><\/div>\n<\/div>\n<div class=\"w-separator size_small\"><\/div>\n<\/div>\n<\/div>\n<\/div>\n<div class=\"vc_col-sm-9 wpb_column vc_column_container\">\n<div class=\"vc_column-inner\">\n<div class=\"wpb_wrapper\">\n<div class=\"wpb_text_column\">\n<div class=\"wpb_wrapper\">\n<h5><strong>Ferran Josa <\/strong><\/h5>\n<h6><span><strong>Director de la Pigmento Gallery Barcelona<\/strong><\/span><\/h6>\n<p><span data-olk-copy-source=\"MessageBody\">Galerista nacido en Par\u00eds, trabaj\u00f3 durante 16 a\u00f1os como director adjunto de la Sala Par\u00e9s antes de impulsar su proyecto personal, Pigment Gallery, fundada en 2016 en Barcelona y ampliada en Par\u00eds en 2021.<\/span><\/p>\n<p><span data-olk-copy-source=\"MessageBody\">Su misi\u00f3n es acercar el arte contempor\u00e1neo a cualquier persona con sensibilidad, defendiendo el valor del arte como patrimonio emocional y colectivo. Cree que las exposiciones deben sorprender y que el galerista es sobre todo un asesor que ayuda a construir colecciones personales, siempre respetando la decisi\u00f3n final del cliente. <\/span><\/p>\n<\/div>\n<\/div>\n<div class=\"w-separator size_small\"><\/div>\n<\/div>\n<\/div>\n<\/div>\n<\/div>\n<div class=\"w-separator size_large\"><\/div>\n<div class=\"g-cols wpb_row via_flex valign_top type_default stacking_default\">\n<div class=\"vc_col-sm-3 wpb_column vc_column_container\">\n<div class=\"vc_column-inner\">\n<div class=\"wpb_wrapper\">\n<div class=\"w-image align_none\">\n<div class=\"w-image-h\"><img loading=\"lazy\" decoding=\"async\" class=\"attachment-full alignleft\" src=\"https:\/\/fundaciosetba.org\/wp-content\/uploads\/2025\/11\/Laura-Murtra-1.png\" sizes=\"auto, (max-width: 1733px) 100vw, 1733px\" srcset=\"https:\/\/fundaciosetba.org\/wp-content\/uploads\/2025\/11\/Laura-Murtra-1.png 1733w, https:\/\/fundaciosetba.org\/wp-content\/uploads\/2025\/11\/Laura-Murtra-1-297x300.png 297w, https:\/\/fundaciosetba.org\/wp-content\/uploads\/2025\/11\/Laura-Murtra-1-1014x1024.png 1014w, https:\/\/fundaciosetba.org\/wp-content\/uploads\/2025\/11\/Laura-Murtra-1-150x150.png 150w, https:\/\/fundaciosetba.org\/wp-content\/uploads\/2025\/11\/Laura-Murtra-1-99x100.png 99w, https:\/\/fundaciosetba.org\/wp-content\/uploads\/2025\/11\/Laura-Murtra-1-396x400.png 396w, https:\/\/fundaciosetba.org\/wp-content\/uploads\/2025\/11\/Laura-Murtra-1-600x606.png 600w\" alt=\"\" width=\"332\" height=\"335\" \/><\/div>\n<\/div>\n<div class=\"w-separator size_small\"><\/div>\n<\/div>\n<\/div>\n<\/div>\n<div class=\"vc_col-sm-9 wpb_column vc_column_container\">\n<div class=\"vc_column-inner\">\n<div class=\"wpb_wrapper\">\n<div class=\"wpb_text_column\">\n<div class=\"wpb_wrapper\">\n<h5><strong>Laura Murtra <\/strong><\/h5>\n<h6><span><strong>Directora de Servicios al cliente de la Casa de Carlota Barcelona<\/strong><\/span><\/h6>\n<p>Licenciada en Econom\u00eda por la Universidad de Barcelona, \u200b\u200bpero dedicada desde hace m\u00e1s de 20 a\u00f1os en el sector de la publicidad y dise\u00f1o desarrollando proyectos de estrategia de comunicaci\u00f3n para grandes marcas.<\/p>\n<p>Desde 2022 convive con el arte outsider y la creatividad, trabajando en proyectos desde la metodolog\u00eda inclusiva, innovadora y extraordinariamente transformadora que hace \u00fanico este estudio. La Casa de Carlota es el primer estudio creativo del mundo que incorpora a su equipo a creativos con discapacidad intelectual.<\/p>\n<\/div>\n<\/div>\n<div class=\"w-separator size_small\"><\/div>\n<\/div>\n<\/div>\n<\/div>\n<\/div>\n<div class=\"w-separator size_large\"><\/div>\n<div class=\"g-cols wpb_row via_flex valign_top type_default stacking_default\">\n<div class=\"vc_col-sm-3 wpb_column vc_column_container\">\n<div class=\"vc_column-inner\">\n<div class=\"wpb_wrapper\">\n<div class=\"w-image align_none\">\n<div class=\"w-image-h\"><img loading=\"lazy\" decoding=\"async\" class=\"attachment-full alignleft\" src=\"https:\/\/fundaciosetba.org\/wp-content\/uploads\/2025\/12\/Foto-Manuel-Barrios.jpg\" sizes=\"auto, (max-width: 2193px) 100vw, 2193px\" srcset=\"https:\/\/fundaciosetba.org\/wp-content\/uploads\/2025\/12\/Foto-Manuel-Barrios.jpg 2193w, https:\/\/fundaciosetba.org\/wp-content\/uploads\/2025\/12\/Foto-Manuel-Barrios-288x300.jpg 288w, https:\/\/fundaciosetba.org\/wp-content\/uploads\/2025\/12\/Foto-Manuel-Barrios-983x1024.jpg 983w, https:\/\/fundaciosetba.org\/wp-content\/uploads\/2025\/12\/Foto-Manuel-Barrios-96x100.jpg 96w, https:\/\/fundaciosetba.org\/wp-content\/uploads\/2025\/12\/Foto-Manuel-Barrios-384x400.jpg 384w, https:\/\/fundaciosetba.org\/wp-content\/uploads\/2025\/12\/Foto-Manuel-Barrios-600x625.jpg 600w\" alt=\"\" width=\"328\" height=\"342\" \/><\/div>\n<\/div>\n<div class=\"w-separator size_small\"><\/div>\n<\/div>\n<\/div>\n<\/div>\n<div class=\"vc_col-sm-9 wpb_column vc_column_container\">\n<div class=\"vc_column-inner\">\n<div class=\"wpb_wrapper\">\n<div class=\"wpb_text_column\">\n<div class=\"wpb_wrapper\">\n<h5><strong>Manuel Barrios<\/strong><\/h5>\n<h6><span><strong>Director <em>Una m\u00e0 de contes<\/em> . Departamento de Programas Infantiles de 3cat <\/strong><\/span><\/h6>\n<p>Licenciado en Bellas Artes por la Universidad de Barcelona. Desde hace m\u00e1s de veinte a\u00f1os dirige algo m\u00e1s que un programa de cuentos para televisi\u00f3n: un espacio de encuentro entre medios de comunicaci\u00f3n, escuelas, instituciones y creadores, escritores, m\u00fasicos, artistas e ilustradores.<\/p>\n<p>Traducido a m\u00e1s de quince idiomas, en este programa caben todos los estilos y t\u00e9cnicas, tradiciones culturales y los temas m\u00e1s actuales. Un espacio en el que tambi\u00e9n participan los espectadores, produciendo contenidos y aportando las mejores ideas. Cada uno desde sus posibilidades y desde su diversidad y su condici\u00f3n.<\/p>\n<\/div>\n<\/div>\n<div class=\"w-separator size_small\"><\/div>\n<\/div>\n<\/div>\n<\/div>\n<\/div>\n<div class=\"w-separator size_large\"><\/div>\n<div class=\"g-cols wpb_row via_flex valign_top type_default stacking_default\">\n<div class=\"vc_col-sm-3 wpb_column vc_column_container\">\n<div class=\"vc_column-inner\">\n<div class=\"wpb_wrapper\">\n<div class=\"w-image align_none\">\n<div class=\"w-image-h\"><img loading=\"lazy\" decoding=\"async\" class=\"attachment-full alignleft\" src=\"https:\/\/fundaciosetba.org\/wp-content\/uploads\/2025\/11\/2025-montserrat-gonzalez-jurat-scaled.jpg\" sizes=\"auto, (max-width: 1920px) 100vw, 1920px\" srcset=\"https:\/\/fundaciosetba.org\/wp-content\/uploads\/2025\/11\/2025-montserrat-gonzalez-jurat-scaled.jpg 1920w, https:\/\/fundaciosetba.org\/wp-content\/uploads\/2025\/11\/2025-montserrat-gonzalez-jurat-225x300.jpg 225w, https:\/\/fundaciosetba.org\/wp-content\/uploads\/2025\/11\/2025-montserrat-gonzalez-jurat-768x1024.jpg 768w, https:\/\/fundaciosetba.org\/wp-content\/uploads\/2025\/11\/2025-montserrat-gonzalez-jurat-75x100.jpg 75w, https:\/\/fundaciosetba.org\/wp-content\/uploads\/2025\/11\/2025-montserrat-gonzalez-jurat-300x400.jpg 300w, https:\/\/fundaciosetba.org\/wp-content\/uploads\/2025\/11\/2025-montserrat-gonzalez-jurat-600x800.jpg 600w\" alt=\"\" width=\"332\" height=\"443\" \/><\/div>\n<\/div>\n<div class=\"w-separator size_small\"><\/div>\n<\/div>\n<\/div>\n<\/div>\n<div class=\"vc_col-sm-9 wpb_column vc_column_container\">\n<div class=\"vc_column-inner\">\n<div class=\"wpb_wrapper\">\n<div class=\"wpb_text_column\">\n<div class=\"wpb_wrapper\">\n<h5><strong>Montserrat Gonz\u00e1lez<\/strong><\/h5>\n<h6><span><strong>Responsable de comunicaci\u00f3n del Instituto de Cultura de Barcelona <\/strong><\/span><\/h6>\n<p>Licenciada en Ciencias de la Comunicaci\u00f3n por la Universidad Aut\u00f3noma de Barcelona. Ha desarrollado su trayectoria profesional en agencias de publicidad como Casadevall &amp; Pedre\u00f1o, Grey Global Group y Valverde\/Miquel, trabajando en campa\u00f1as de proyecci\u00f3n nacional e internacional.<\/p>\n<p>Desde 2009 forma parte del equipo de comunicaci\u00f3n del Ayuntamiento de Barcelona, \u200b\u200bdonde ha gestionado proyectos de comunicaci\u00f3n de ciudad. Desde el a\u00f1o 2024 ejerce como jefe de comunicaci\u00f3n del Instituto de Cultura de Barcelona, \u200b\u200bdesde donde se promueven programas culturales y se apoya iniciativas art\u00edsticas que contribuyen al desarrollo cultural y creativo de la ciudadan\u00eda<\/p>\n<p>&nbsp;<\/p>\n<\/div>\n<\/div>\n<\/div>\n<\/div>\n<\/div>\n<div class=\"w-separator size_small\"><\/div>\n<\/div>\n<div class=\"w-separator size_large\"><\/div>\n<div class=\"g-cols wpb_row via_flex valign_top type_default stacking_default\">\n<div class=\"vc_col-sm-3 wpb_column vc_column_container\">\n<div class=\"vc_column-inner\">\n<div class=\"wpb_wrapper\">\n<div class=\"w-image align_none\">\n<div class=\"w-image-h\"><img loading=\"lazy\" decoding=\"async\" class=\"attachment-full alignleft\" src=\"https:\/\/fundaciosetba.org\/wp-content\/uploads\/2025\/11\/WhatsApp-Image-2025-11-26-at-10.34.36.jpeg\" sizes=\"auto, (max-width: 624px) 100vw, 624px\" srcset=\"https:\/\/fundaciosetba.org\/wp-content\/uploads\/2025\/11\/WhatsApp-Image-2025-11-26-at-10.34.36.jpeg 624w, https:\/\/fundaciosetba.org\/wp-content\/uploads\/2025\/11\/WhatsApp-Image-2025-11-26-at-10.34.36-281x300.jpeg 281w, https:\/\/fundaciosetba.org\/wp-content\/uploads\/2025\/11\/WhatsApp-Image-2025-11-26-at-10.34.36-94x100.jpeg 94w, https:\/\/fundaciosetba.org\/wp-content\/uploads\/2025\/11\/WhatsApp-Image-2025-11-26-at-10.34.36-375x400.jpeg 375w, https:\/\/fundaciosetba.org\/wp-content\/uploads\/2025\/11\/WhatsApp-Image-2025-11-26-at-10.34.36-600x640.jpeg 600w\" alt=\"\" width=\"333\" height=\"355\" \/><\/div>\n<\/div>\n<div class=\"w-separator size_small\"><\/div>\n<\/div>\n<\/div>\n<\/div>\n<div class=\"vc_col-sm-9 wpb_column vc_column_container\">\n<div class=\"vc_column-inner\">\n<div class=\"wpb_wrapper\">\n<div class=\"wpb_text_column\">\n<div class=\"wpb_wrapper\">\n<h5><strong>Pedro Costa<\/strong><\/h5>\n<h6><span><strong>Director general de MOCO Museum<\/strong><\/span><\/h6>\n<p>Impulsa desde 2022, en el MOCO Museum Barcelona, \u200b\u200buna forma diferente de vivir el arte: pr\u00f3xima, din\u00e1mica y profundamente orientada al visitante. Establecido en Barcelona desde hace seis a\u00f1os, trabaja por transformar cada interacci\u00f3n en una experiencia significativa, conectando creatividad, operaci\u00f3n y visi\u00f3n estrat\u00e9gica. Desde el MOCO, contribuye a que el museo sea un espacio vivo, accesible y memorable, donde el p\u00fablico pueda descubrir nuevas formas de inspiraci\u00f3n.<\/p>\n<p>&nbsp;<\/p>\n<\/div>\n<\/div>\n<div class=\"w-separator size_small\"><\/div>\n<\/div>\n<\/div>\n<\/div>\n<\/div>\n<div class=\"w-separator size_large\"><\/div>\n<div class=\"g-cols wpb_row via_flex valign_top type_default stacking_default\">\n<div class=\"vc_col-sm-3 wpb_column vc_column_container\">\n<div class=\"vc_column-inner\">\n<div class=\"wpb_wrapper\">\n<div class=\"w-image align_none\">\n<div class=\"w-image-h\"><img loading=\"lazy\" decoding=\"async\" class=\"attachment-full alignleft\" src=\"https:\/\/fundaciosetba.org\/wp-content\/uploads\/2022\/09\/Cristina-equip.jpg\" sizes=\"auto, (max-width: 800px) 100vw, 800px\" srcset=\"https:\/\/fundaciosetba.org\/wp-content\/uploads\/2022\/09\/Cristina-equip.jpg 800w, https:\/\/fundaciosetba.org\/wp-content\/uploads\/2022\/09\/Cristina-equip-300x300.jpg 300w, https:\/\/fundaciosetba.org\/wp-content\/uploads\/2022\/09\/Cristina-equip-150x150.jpg 150w, https:\/\/fundaciosetba.org\/wp-content\/uploads\/2022\/09\/Cristina-equip-100x100.jpg 100w, https:\/\/fundaciosetba.org\/wp-content\/uploads\/2022\/09\/Cristina-equip-400x400.jpg 400w, https:\/\/fundaciosetba.org\/wp-content\/uploads\/2022\/09\/Cristina-equip-600x600.jpg 600w\" alt=\"\" width=\"352\" height=\"352\" \/><\/div>\n<\/div>\n<div class=\"w-separator size_small\"><\/div>\n<\/div>\n<\/div>\n<\/div>\n<div class=\"vc_col-sm-9 wpb_column vc_column_container\">\n<div class=\"vc_column-inner\">\n<div class=\"wpb_wrapper\">\n<div class=\"wpb_text_column\">\n<div class=\"wpb_wrapper\">\n<h5><strong>Cristina Sampere Fern\u00e1ndez <\/strong><\/h5>\n<h6><span><strong>Directora de la Fundaci\u00f3n Setba<\/strong><\/span><\/h6>\n<p>Artista y gestora cultural. Como artista ha expuesto en diversas galer\u00edas como la Sala Par\u00e9s, la Galer\u00eda Jordi Barnadas de Barcelona y la galer\u00eda Jorge Alcolea de Madrid. Tiene obras en las colecciones Testimonio de \u201cla Caixa\u201d, Fundaci\u00f3n Vila Casas y Fundaci\u00f3n Banco de Sabadell, entre otros. Durante m\u00e1s de una d\u00e9cada, trabaj\u00f3 en la organizaci\u00f3n de las exposiciones Supermercado de Arte con el objetivo de que el arte llegara a todo el mundo y, a\u00f1os m\u00e1s tarde, dirigi\u00f3 la Galer\u00eda Montcada de Barcelona.<\/p>\n<p>Desde 2012 es la directora de la Fundaci\u00f3n Setba, donde idea, organiza y produce proyectos culturales con valor social. Como miembro del jurado, actuar\u00e1 como Secretaria del Jurado, con voz pero sin voto. En caso de que se produzca un empate en la votaci\u00f3n, la Secretaria, excepcionalmente, tendr\u00e1 voto de calidad y podr\u00e1 deshacer el empate<\/p>\n<\/div>\n<\/div>\n<\/div>\n<\/div>\n<\/div>\n<\/div>\n<div class=\"g-cols wpb_row via_flex valign_top type_default stacking_default\">\n<div class=\"vc_col-sm-9 wpb_column vc_column_container\">\n<div class=\"vc_column-inner\">\n<div class=\"wpb_wrapper\">\n<div class=\"wpb_text_column\">\n<div class=\"wpb_wrapper\">\n<p>&nbsp;<\/p>\n<p>El Premio Setba est\u00e1 organizado por la Fundaci\u00f3n Setba con el patrocinio de Bizcabar, y con la colaboraci\u00f3n de Barna Art, Bardinet, Cocarmi, Dincat, Fundaci\u00f3n \u201cla Caixa\u201d, el Gremio de Galer\u00edas de Arte de Catalu\u00f1a, Istituto Europeo di Design \u2013 IED Barcelona, \u200b\u200bMOCO Museum, Museo del FC Barcelona, \u200b\u200bPinturas MIR y Pinturas MIR.<\/p>\n<\/div>\n<\/div>\n<\/div>\n<\/div>\n<\/div>\n<\/div>\n","protected":false},"excerpt":{"rendered":"<p>Con la voluntad de sumar miradas frescas, diversas y especializadas que reflejen la vitalidad del panorama art\u00edstico actual. Este a\u00f1o incorporamos perfiles que proceden de galer\u00edas, museos, medios de comunicaci\u00f3n, instituciones culturales y estudios creativos de vanguardia. <\/p>\n","protected":false},"author":1,"featured_media":40859,"comment_status":"closed","ping_status":"closed","sticky":false,"template":"","format":"standard","meta":{"footnotes":""},"categories":[1353],"tags":[],"class_list":["post-40887","post","type-post","status-publish","format-standard","has-post-thumbnail","hentry","category-premio-setba-es"],"_links":{"self":[{"href":"https:\/\/fundaciosetba.org\/es\/wp-json\/wp\/v2\/posts\/40887","targetHints":{"allow":["GET"]}}],"collection":[{"href":"https:\/\/fundaciosetba.org\/es\/wp-json\/wp\/v2\/posts"}],"about":[{"href":"https:\/\/fundaciosetba.org\/es\/wp-json\/wp\/v2\/types\/post"}],"author":[{"embeddable":true,"href":"https:\/\/fundaciosetba.org\/es\/wp-json\/wp\/v2\/users\/1"}],"replies":[{"embeddable":true,"href":"https:\/\/fundaciosetba.org\/es\/wp-json\/wp\/v2\/comments?post=40887"}],"version-history":[{"count":1,"href":"https:\/\/fundaciosetba.org\/es\/wp-json\/wp\/v2\/posts\/40887\/revisions"}],"predecessor-version":[{"id":40888,"href":"https:\/\/fundaciosetba.org\/es\/wp-json\/wp\/v2\/posts\/40887\/revisions\/40888"}],"wp:featuredmedia":[{"embeddable":true,"href":"https:\/\/fundaciosetba.org\/es\/wp-json\/wp\/v2\/media\/40859"}],"wp:attachment":[{"href":"https:\/\/fundaciosetba.org\/es\/wp-json\/wp\/v2\/media?parent=40887"}],"wp:term":[{"taxonomy":"category","embeddable":true,"href":"https:\/\/fundaciosetba.org\/es\/wp-json\/wp\/v2\/categories?post=40887"},{"taxonomy":"post_tag","embeddable":true,"href":"https:\/\/fundaciosetba.org\/es\/wp-json\/wp\/v2\/tags?post=40887"}],"curies":[{"name":"wp","href":"https:\/\/api.w.org\/{rel}","templated":true}]}}