{"id":41103,"date":"2025-12-24T12:41:28","date_gmt":"2025-12-24T11:41:28","guid":{"rendered":"https:\/\/fundaciosetba.org\/un-ano-mas-haciendo-visible-el-poder-transformador-del-arte\/"},"modified":"2025-12-24T12:41:28","modified_gmt":"2025-12-24T11:41:28","slug":"un-ano-mas-haciendo-visible-el-poder-transformador-del-arte","status":"publish","type":"post","link":"https:\/\/fundaciosetba.org\/es\/un-ano-mas-haciendo-visible-el-poder-transformador-del-arte\/","title":{"rendered":"Un a\u00f1o m\u00e1s, haciendo visible el poder transformador del arte"},"content":{"rendered":"<p>Este a\u00f1o 2025 ha sido, para la Fundaci\u00f3n, un a\u00f1o intenso de aprendizajes e impacto real. A lo largo de los \u00faltimos meses hemos vuelto a comprobar c\u00f3mo el arte y la cultura pueden convertirse en herramientas poderosas para mejorar el bienestar emocional, reforzar la autoestima, generar v\u00ednculos y abrir nuevas miradas, especialmente en contextos de vulnerabilidad. <\/p>\n<p>En total, <strong>168 personas han participado en los diferentes proyectos de la Fundaci\u00f3n<\/strong> , compartiendo procesos creativos que han ido mucho m\u00e1s all\u00e1 del aprendizaje art\u00edstico.<\/p>\n<h4>Resultados de 2025<\/h4>\n<p>Los proyectos desarrollados este a\u00f1o han tenido formatos y contextos diversos, pero todos comparten un mismo hilo conductor: poner a las personas en el centro.<\/p>\n<p>En el proyecto <strong><em>Magistrals<\/em> , los profesionales han valorado con un 9,2 la adquisici\u00f3n de conocimientos<\/strong> \u201ccreemos que trabajar con volumen permite abordar muchos aprendizajes simult\u00e1neamente: la tridimensionalidad a la hora de componer la forma y tambi\u00e9n de pintarlas, el autorretrato\u2026\u201d. Otro testimonio hace hincapi\u00e9 en la libertad creativa: &#8220;hemos podido experimentar con formas, texturas e ideas propias, dando vida a piezas \u00fanicas. La libertad para expresarnos a trav\u00e9s de la arcilla ha sido muy estimulante y motivadora.&#8221; <\/p>\n<p><em>Natura es Cultura<\/em> ha reunido a 60 participantes entre Barcelona y Girona, provenientes de diversas entidades y centros educativos. Las estancias han sido vividas como una experiencia profunda de conexi\u00f3n con uno mismo, con el entorno y con los dem\u00e1s.   <strong>Una participante lo resume as\u00ed: &#8220;he conectado conmigo misma, el entorno, otras personas y ha sido una experiencia importante para m\u00ed en tema de salud mental y profesional.&#8221;<\/strong><\/p>\n<p>En el proyecto <em>Traspasando el Objetivo<\/em> , 35 mujeres han participado en procesos de formaci\u00f3n fotogr\u00e1fica dentro de centros penitenciarios. A trav\u00e9s de la fotograf\u00eda, muchas han descubierto una nueva forma de mirarse y de mirar el mundo. &#8220;Yo no sab\u00eda nada, y ahora, muchas cosas. En el futuro me gustar\u00eda estudiar fotograf\u00eda\u2026 es un sue\u00f1o&#8221;, explica una de las participantes, poniendo palabras a un proceso de descubrimiento y empoderamiento.  <\/p>\n<p>Por su parte, <em>Traspassant Murs<\/em> ha contado con la participaci\u00f3n de 11 j\u00f3venes, que han encontrado en la creaci\u00f3n art\u00edstica un espacio de calma y expresi\u00f3n. <strong>&#8220;Me quita los problemas de mi cabeza&#8221;, dice uno de los participantes, sintetizando el impacto emocional del proyecto<\/strong> .<\/p>\n<p>El impacto de los proyectos no queda en la vivencia puntual. Los datos muestran una clara mejora en la adquisici\u00f3n de conocimientos y competencias art\u00edsticas. <\/p>\n<div class=\"w-gallery fit_cover wp_gallery type_masonry action_popup_image with_isotope ratio_auto count_6\" style=\"--columns:3;--items-gap:8px;\"><div class=\"w-gallery-list\"><div class=\"w-gallery-item\"><div class=\"w-gallery-item-img\"><img loading=\"lazy\" decoding=\"async\" width=\"300\" height=\"300\" src=\"https:\/\/fundaciosetba.org\/wp-content\/uploads\/2025\/12\/2025-11-10_Magistrals-FCSD_SETBA035-300x300.jpg\" class=\"attachment-woocommerce_thumbnail size-woocommerce_thumbnail\" alt=\"\" srcset=\"https:\/\/fundaciosetba.org\/wp-content\/uploads\/2025\/12\/2025-11-10_Magistrals-FCSD_SETBA035-300x300.jpg 300w, https:\/\/fundaciosetba.org\/wp-content\/uploads\/2025\/12\/2025-11-10_Magistrals-FCSD_SETBA035-150x150.jpg 150w\" sizes=\"auto, (max-width: 300px) 100vw, 300px\" \/><\/div><a class=\"w-gallery-item-link\" aria-label=\"2025-11-10_Magistrales, FCSD_SETBA035\" href=\"https:\/\/fundaciosetba.org\/wp-content\/uploads\/2025\/12\/2025-11-10_Magistrals-FCSD_SETBA035.jpg\" title=\"2025-11-10_Magistrales, FCSD_SETBA035\"><\/a><\/div><div class=\"w-gallery-item\"><div class=\"w-gallery-item-img\"><img loading=\"lazy\" decoding=\"async\" width=\"300\" height=\"300\" src=\"https:\/\/fundaciosetba.org\/wp-content\/uploads\/2021\/11\/hEALING-Arts_Lluis-2-300x300.jpg\" class=\"attachment-woocommerce_thumbnail size-woocommerce_thumbnail\" alt=\"\" srcset=\"https:\/\/fundaciosetba.org\/wp-content\/uploads\/2021\/11\/hEALING-Arts_Lluis-2-300x300.jpg 300w, https:\/\/fundaciosetba.org\/wp-content\/uploads\/2021\/11\/hEALING-Arts_Lluis-2-150x150.jpg 150w\" sizes=\"auto, (max-width: 300px) 100vw, 300px\" \/><\/div><a class=\"w-gallery-item-link\" aria-label=\"hEALING Arts_Luis (2)\" href=\"https:\/\/fundaciosetba.org\/wp-content\/uploads\/2021\/11\/hEALING-Arts_Lluis-2.jpg\" title=\"hEALING Arts_Luis (2)\"><\/a><\/div><div class=\"w-gallery-item\"><div class=\"w-gallery-item-img\"><img loading=\"lazy\" decoding=\"async\" width=\"300\" height=\"300\" src=\"https:\/\/fundaciosetba.org\/wp-content\/uploads\/2025\/10\/2025-05-28_Natura-es-cultura-SETBA_035-300x300.jpg\" class=\"attachment-woocommerce_thumbnail size-woocommerce_thumbnail\" alt=\"\" srcset=\"https:\/\/fundaciosetba.org\/wp-content\/uploads\/2025\/10\/2025-05-28_Natura-es-cultura-SETBA_035-300x300.jpg 300w, https:\/\/fundaciosetba.org\/wp-content\/uploads\/2025\/10\/2025-05-28_Natura-es-cultura-SETBA_035-150x150.jpg 150w\" sizes=\"auto, (max-width: 300px) 100vw, 300px\" \/><\/div><a class=\"w-gallery-item-link\" aria-label=\"2025-05-28_Natura es cultura-SETBA_035\" href=\"https:\/\/fundaciosetba.org\/wp-content\/uploads\/2025\/10\/2025-05-28_Natura-es-cultura-SETBA_035-scaled.jpg\" title=\"2025-05-28_Natura es cultura-SETBA_035\"><\/a><\/div><div class=\"w-gallery-item\"><div class=\"w-gallery-item-img\"><img loading=\"lazy\" decoding=\"async\" width=\"300\" height=\"300\" src=\"https:\/\/fundaciosetba.org\/wp-content\/uploads\/2025\/07\/Silvia-Molina-Molina_WadRas-2025-19-300x300.jpg\" class=\"attachment-woocommerce_thumbnail size-woocommerce_thumbnail\" alt=\"\" srcset=\"https:\/\/fundaciosetba.org\/wp-content\/uploads\/2025\/07\/Silvia-Molina-Molina_WadRas-2025-19-300x300.jpg 300w, https:\/\/fundaciosetba.org\/wp-content\/uploads\/2025\/07\/Silvia-Molina-Molina_WadRas-2025-19-150x150.jpg 150w\" sizes=\"auto, (max-width: 300px) 100vw, 300px\" \/><\/div><a class=\"w-gallery-item-link\" aria-label=\"Silvia Molina Molina_WadRas 2025 (19)\" href=\"https:\/\/fundaciosetba.org\/wp-content\/uploads\/2025\/07\/Silvia-Molina-Molina_WadRas-2025-19.jpg\" title=\"Silvia Molina Molina_WadRas 2025 (19)\"><\/a><\/div><div class=\"w-gallery-item\"><div class=\"w-gallery-item-img\"><img loading=\"lazy\" decoding=\"async\" width=\"300\" height=\"300\" src=\"https:\/\/fundaciosetba.org\/wp-content\/uploads\/2021\/11\/01-02-03_Traspassant-lObjectiu_Ponent_SETBA-86-300x300.jpg\" class=\"attachment-woocommerce_thumbnail size-woocommerce_thumbnail\" alt=\"\" srcset=\"https:\/\/fundaciosetba.org\/wp-content\/uploads\/2021\/11\/01-02-03_Traspassant-lObjectiu_Ponent_SETBA-86-300x300.jpg 300w, https:\/\/fundaciosetba.org\/wp-content\/uploads\/2021\/11\/01-02-03_Traspassant-lObjectiu_Ponent_SETBA-86-150x150.jpg 150w\" sizes=\"auto, (max-width: 300px) 100vw, 300px\" \/><\/div><a class=\"w-gallery-item-link\" aria-label=\"01-02-03_Traspasando el Objetivo_Ponente_SETBA (86)\" href=\"https:\/\/fundaciosetba.org\/wp-content\/uploads\/2021\/11\/01-02-03_Traspassant-lObjectiu_Ponent_SETBA-86-scaled.jpg\" title=\"01-02-03_Traspasando el Objetivo_Ponente_SETBA (86)\"><\/a><\/div><div class=\"w-gallery-item\"><div class=\"w-gallery-item-img\"><img loading=\"lazy\" decoding=\"async\" width=\"300\" height=\"300\" src=\"https:\/\/fundaciosetba.org\/wp-content\/uploads\/2025\/12\/2025-05-21_Traspassant-murs_SETBA_003-300x300.jpg\" class=\"attachment-woocommerce_thumbnail size-woocommerce_thumbnail\" alt=\"\" srcset=\"https:\/\/fundaciosetba.org\/wp-content\/uploads\/2025\/12\/2025-05-21_Traspassant-murs_SETBA_003-300x300.jpg 300w, https:\/\/fundaciosetba.org\/wp-content\/uploads\/2025\/12\/2025-05-21_Traspassant-murs_SETBA_003-150x150.jpg 150w\" sizes=\"auto, (max-width: 300px) 100vw, 300px\" \/><\/div><a class=\"w-gallery-item-link\" aria-label=\"2025-05-21_Traspasando muros_SETBA_003\" href=\"https:\/\/fundaciosetba.org\/wp-content\/uploads\/2025\/12\/2025-05-21_Traspassant-murs_SETBA_003-scaled.jpg\" title=\"2025-05-21_Traspasando muros_SETBA_003\"><\/a><\/div><\/div><\/div>\n<h4>Bienestar emocional y autoestima: el impacto m\u00e1s valioso<\/h4>\n<p>Uno de los indicadores m\u00e1s relevantes del a\u00f1o es la mejora del bienestar emocional y la autoestima de las personas participantes.<\/p>\n<p>En <em>Natura es Cultura<\/em> , los participantes valoran con un 8,69 su estado an\u00edmico despu\u00e9s de la estancia. Un profesional apunta que <strong>&#8220;la sensaci\u00f3n de desconexi\u00f3n y conexi\u00f3n, el compa\u00f1erismo y las risas han hecho de la experiencia una vivencia enriquecedora.&#8221;<\/strong> <\/p>\n<p><strong>En <em>Traspasando el Objetivo<\/em> , se observa un aumento general de la autoestima<\/strong> . &#8220;Este curso me ha ayudado a valorarme mucho m\u00e1s a m\u00ed misma&#8221;, explica una participante, mientras otra insiste en las ganas de continuar: &#8220;Quiero hacer m\u00e1s. Cada d\u00eda me gusta m\u00e1s.&#8221; <\/p>\n<p>En <em>Traspassant Murs<\/em> , el incremento de la autoestima es especialmente significativo, con una mejora de 1,08 puntos. Los profesionales destacan sensaciones de calma en los talleres y una mejor expresi\u00f3n emocional. &#8220;Me he distra\u00eddo&#8221;, dice un participante, poniendo en valor el papel del arte como espacio de respiro.  <\/p>\n<div class=\"w-gallery fit_cover wp_gallery type_masonry action_popup_image with_isotope ratio_auto count_3\" style=\"--columns:3;--items-gap:8px;\"><div class=\"w-gallery-list\"><div class=\"w-gallery-item\"><div class=\"w-gallery-item-img\"><img loading=\"lazy\" decoding=\"async\" width=\"300\" height=\"300\" src=\"https:\/\/fundaciosetba.org\/wp-content\/uploads\/2025\/10\/2025-05-28_Natura-es-cultura-SETBA_035-300x300.jpg\" class=\"attachment-woocommerce_thumbnail size-woocommerce_thumbnail\" alt=\"\" srcset=\"https:\/\/fundaciosetba.org\/wp-content\/uploads\/2025\/10\/2025-05-28_Natura-es-cultura-SETBA_035-300x300.jpg 300w, https:\/\/fundaciosetba.org\/wp-content\/uploads\/2025\/10\/2025-05-28_Natura-es-cultura-SETBA_035-150x150.jpg 150w\" sizes=\"auto, (max-width: 300px) 100vw, 300px\" \/><\/div><a class=\"w-gallery-item-link\" aria-label=\"2025-05-28_Natura es cultura-SETBA_035\" href=\"https:\/\/fundaciosetba.org\/wp-content\/uploads\/2025\/10\/2025-05-28_Natura-es-cultura-SETBA_035-scaled.jpg\" title=\"2025-05-28_Natura es cultura-SETBA_035\"><\/a><\/div><div class=\"w-gallery-item\"><div class=\"w-gallery-item-img\"><img loading=\"lazy\" decoding=\"async\" width=\"300\" height=\"300\" src=\"https:\/\/fundaciosetba.org\/wp-content\/uploads\/2025\/07\/Silvia-Molina-Molina_WadRas-2025-23-300x300.jpg\" class=\"attachment-woocommerce_thumbnail size-woocommerce_thumbnail\" alt=\"\" srcset=\"https:\/\/fundaciosetba.org\/wp-content\/uploads\/2025\/07\/Silvia-Molina-Molina_WadRas-2025-23-300x300.jpg 300w, https:\/\/fundaciosetba.org\/wp-content\/uploads\/2025\/07\/Silvia-Molina-Molina_WadRas-2025-23-150x150.jpg 150w\" sizes=\"auto, (max-width: 300px) 100vw, 300px\" \/><\/div><a class=\"w-gallery-item-link\" aria-label=\"Silvia Molina Molina_WadRas 2025 (23)\" href=\"https:\/\/fundaciosetba.org\/wp-content\/uploads\/2025\/07\/Silvia-Molina-Molina_WadRas-2025-23.jpg\" title=\"Silvia Molina Molina_WadRas 2025 (23)\"><\/a><\/div><div class=\"w-gallery-item\"><div class=\"w-gallery-item-img\"><img loading=\"lazy\" decoding=\"async\" width=\"300\" height=\"300\" src=\"https:\/\/fundaciosetba.org\/wp-content\/uploads\/2025\/12\/2025-05-21_Traspassant-murs_SETBA_018-300x300.jpg\" class=\"attachment-woocommerce_thumbnail size-woocommerce_thumbnail\" alt=\"\" srcset=\"https:\/\/fundaciosetba.org\/wp-content\/uploads\/2025\/12\/2025-05-21_Traspassant-murs_SETBA_018-300x300.jpg 300w, https:\/\/fundaciosetba.org\/wp-content\/uploads\/2025\/12\/2025-05-21_Traspassant-murs_SETBA_018-150x150.jpg 150w\" sizes=\"auto, (max-width: 300px) 100vw, 300px\" \/><\/div><a class=\"w-gallery-item-link\" aria-label=\"2025-05-21_Traspasando muros_SETBA_018\" href=\"https:\/\/fundaciosetba.org\/wp-content\/uploads\/2025\/12\/2025-05-21_Traspassant-murs_SETBA_018-scaled.jpg\" title=\"2025-05-21_Traspasando muros_SETBA_018\"><\/a><\/div><\/div><\/div>\n<h4>Crear v\u00ednculos y sentirse parte de un grupo<\/h4>\n<p>Los espacios compartidos tambi\u00e9n han favorecido a la cohesi\u00f3n social. En <em>Natura es Cultura<\/em> , el 100% de los participantes valoran positivamente conocer a personas de otras entidades, y m\u00e1s de la mitad mantienen el contacto una vez finalizada la estancia. \u201cHemos hecho un grupo muy bonito, espero poder volver el pr\u00f3ximo a\u00f1o\u201d, explica una participante.    <strong>Una educadora a\u00f1ade: &#8220;Muchos dijeron que no quer\u00edan marcharse.&#8221;<\/strong><\/p>\n<p>En <em>Traspasando el Objetivo<\/em> , se detecta una mejora clara en las relaciones de grupo y una reducci\u00f3n de los conflictos. Las participantes tambi\u00e9n expresan una mejora en la relaci\u00f3n con las compa\u00f1eras y un mayor inter\u00e9s por conocerse entre ellas. <\/p>\n<p>Aunque en <em>Traspassant Murs<\/em> no se han consolidado nuevas relaciones estables, s\u00ed se ha observado una disminuci\u00f3n de los conflictos y una mejor convivencia. <strong>&#8220;Me ha ayudado a aprender cosas nuevas ya mejorar mi relaci\u00f3n con los dem\u00e1s&#8221;<\/strong> , resume un participante.<\/p>\n<h4>Cuando el arte despierta ganas de continuar<\/h4>\n<p>Uno de los resultados m\u00e1s alentadores es ver c\u00f3mo muchos proyectos tienen continuidad m\u00e1s all\u00e1 de su duraci\u00f3n. En <em>Traspasando el Objetivo<\/em> , casi el 95% de las participantes expresan la voluntad de seguir aprendiendo fotograf\u00eda. &#8220;Me ha encantado y me gustar\u00eda dedicarme a la fotograf\u00eda&#8221;, dice una de las mujeres.  <\/p>\n<p>Algunas exparticipantes, una vez en libertad, han contactado con la Fundaci\u00f3n para continuar form\u00e1ndose o participar en actividades culturales, e incluso se han incorporado a formaciones externas. Estas trayectorias confirman el impacto a largo plazo de los proyectos. <\/p>\n<h4>Sensibilizar y abrir el proyecto a la sociedad<\/h4>\n<p>Este a\u00f1o tambi\u00e9n ha estado marcado por una <strong>intensa actividad de sensibilizaci\u00f3n<\/strong> . Exposiciones, murales, instalaciones art\u00edsticas, festivales y jornadas profesionales han permitido compartir con la ciudadan\u00eda las voces y creaciones de las personas participantes. <\/p>\n<p>Acciones como exposiciones con cientos de visitantes, murales colectivos o encuentros intergeneracionales han ayudado a romper estigmas ya generar nuevos relatos en torno a la cultura, la salud mental y la inclusi\u00f3n social.<\/p>\n<div class=\"w-gallery fit_cover wp_gallery type_masonry action_popup_image with_isotope ratio_auto count_10\" style=\"--columns:5;--items-gap:8px;\"><div class=\"w-gallery-list\"><div class=\"w-gallery-item\"><div class=\"w-gallery-item-img\"><img loading=\"lazy\" decoding=\"async\" width=\"300\" height=\"300\" src=\"https:\/\/fundaciosetba.org\/wp-content\/uploads\/2025\/12\/IMG_5685-copia-300x300.jpeg\" class=\"attachment-woocommerce_thumbnail size-woocommerce_thumbnail\" alt=\"\" srcset=\"https:\/\/fundaciosetba.org\/wp-content\/uploads\/2025\/12\/IMG_5685-copia-300x300.jpeg 300w, https:\/\/fundaciosetba.org\/wp-content\/uploads\/2025\/12\/IMG_5685-copia-150x150.jpeg 150w\" sizes=\"auto, (max-width: 300px) 100vw, 300px\" \/><\/div><a class=\"w-gallery-item-link\" aria-label=\"IMG_5685 - copia\" href=\"https:\/\/fundaciosetba.org\/wp-content\/uploads\/2025\/12\/IMG_5685-copia.jpeg\" title=\"IMG_5685 - copia\"><\/a><\/div><div class=\"w-gallery-item\"><div class=\"w-gallery-item-img\"><img loading=\"lazy\" decoding=\"async\" width=\"300\" height=\"300\" src=\"https:\/\/fundaciosetba.org\/wp-content\/uploads\/2025\/12\/WhatsApp-Image-2025-10-07-at-21.43.12-1-300x300.jpeg\" class=\"attachment-woocommerce_thumbnail size-woocommerce_thumbnail\" alt=\"\" srcset=\"https:\/\/fundaciosetba.org\/wp-content\/uploads\/2025\/12\/WhatsApp-Image-2025-10-07-at-21.43.12-1-300x300.jpeg 300w, https:\/\/fundaciosetba.org\/wp-content\/uploads\/2025\/12\/WhatsApp-Image-2025-10-07-at-21.43.12-1-150x150.jpeg 150w\" sizes=\"auto, (max-width: 300px) 100vw, 300px\" \/><\/div><a class=\"w-gallery-item-link\" aria-label=\"WhatsApp Image 2025-10-07 at 21.43.12 (1)\" href=\"https:\/\/fundaciosetba.org\/wp-content\/uploads\/2025\/12\/WhatsApp-Image-2025-10-07-at-21.43.12-1.jpeg\" title=\"WhatsApp Image 2025-10-07 at 21.43.12 (1)\"><\/a><\/div><div class=\"w-gallery-item\"><div class=\"w-gallery-item-img\"><img loading=\"lazy\" decoding=\"async\" width=\"300\" height=\"300\" src=\"https:\/\/fundaciosetba.org\/wp-content\/uploads\/2025\/12\/Premis-Setba-2025cCarles-R-1178-copia-300x300.jpg\" class=\"attachment-woocommerce_thumbnail size-woocommerce_thumbnail\" alt=\"\" srcset=\"https:\/\/fundaciosetba.org\/wp-content\/uploads\/2025\/12\/Premis-Setba-2025cCarles-R-1178-copia-300x300.jpg 300w, https:\/\/fundaciosetba.org\/wp-content\/uploads\/2025\/12\/Premis-Setba-2025cCarles-R-1178-copia-150x150.jpg 150w\" sizes=\"auto, (max-width: 300px) 100vw, 300px\" \/><\/div><a class=\"w-gallery-item-link\" aria-label=\"Premios SETBA 2025\" href=\"https:\/\/fundaciosetba.org\/wp-content\/uploads\/2025\/12\/Premis-Setba-2025cCarles-R-1178-copia-scaled.jpg\" title=\"Premios SETBA 2025\"><\/a><\/div><div class=\"w-gallery-item\"><div class=\"w-gallery-item-img\"><img loading=\"lazy\" decoding=\"async\" width=\"300\" height=\"300\" src=\"https:\/\/fundaciosetba.org\/wp-content\/uploads\/2025\/12\/Premis-Setba-2025cCarles-R-1536-copia-300x300.jpg\" class=\"attachment-woocommerce_thumbnail size-woocommerce_thumbnail\" alt=\"\" srcset=\"https:\/\/fundaciosetba.org\/wp-content\/uploads\/2025\/12\/Premis-Setba-2025cCarles-R-1536-copia-300x300.jpg 300w, https:\/\/fundaciosetba.org\/wp-content\/uploads\/2025\/12\/Premis-Setba-2025cCarles-R-1536-copia-150x150.jpg 150w\" sizes=\"auto, (max-width: 300px) 100vw, 300px\" \/><\/div><a class=\"w-gallery-item-link\" aria-label=\"Premios SETBA 2025, Caixaforum, Barcelona, \u200b\u200b06 de Octubre de 2025\" href=\"https:\/\/fundaciosetba.org\/wp-content\/uploads\/2025\/12\/Premis-Setba-2025cCarles-R-1536-copia-scaled.jpg\" title=\"Premios SETBA 2025, Caixaforum, Barcelona, \u200b\u200b06 de Octubre de 2025\"><\/a><\/div><div class=\"w-gallery-item\"><div class=\"w-gallery-item-img\"><img loading=\"lazy\" decoding=\"async\" width=\"300\" height=\"300\" src=\"https:\/\/fundaciosetba.org\/wp-content\/uploads\/2025\/12\/Casa-de-Cultura-Setba.-Foto-Bernat-Millet-18-300x300.jpg\" class=\"attachment-woocommerce_thumbnail size-woocommerce_thumbnail\" alt=\"\" srcset=\"https:\/\/fundaciosetba.org\/wp-content\/uploads\/2025\/12\/Casa-de-Cultura-Setba.-Foto-Bernat-Millet-18-300x300.jpg 300w, https:\/\/fundaciosetba.org\/wp-content\/uploads\/2025\/12\/Casa-de-Cultura-Setba.-Foto-Bernat-Millet-18-150x150.jpg 150w\" sizes=\"auto, (max-width: 300px) 100vw, 300px\" \/><\/div><a class=\"w-gallery-item-link\" aria-label=\"Casa de Cultura - Setba. Foto Bernat Millet-18\" href=\"https:\/\/fundaciosetba.org\/wp-content\/uploads\/2025\/12\/Casa-de-Cultura-Setba.-Foto-Bernat-Millet-18-scaled.jpg\" title=\"Casa de Cultura - Setba. Foto Bernat Millet-18\"><\/a><\/div><div class=\"w-gallery-item\"><div class=\"w-gallery-item-img\"><img loading=\"lazy\" decoding=\"async\" width=\"300\" height=\"300\" src=\"https:\/\/fundaciosetba.org\/wp-content\/uploads\/2025\/12\/7f92a973-7123-431a-9ef4-a3c8306bb1c5-300x300.jpg\" class=\"attachment-woocommerce_thumbnail size-woocommerce_thumbnail\" alt=\"\" srcset=\"https:\/\/fundaciosetba.org\/wp-content\/uploads\/2025\/12\/7f92a973-7123-431a-9ef4-a3c8306bb1c5-300x300.jpg 300w, https:\/\/fundaciosetba.org\/wp-content\/uploads\/2025\/12\/7f92a973-7123-431a-9ef4-a3c8306bb1c5-150x150.jpg 150w\" sizes=\"auto, (max-width: 300px) 100vw, 300px\" \/><\/div><a class=\"w-gallery-item-link\" aria-label=\"7f92a973-7123-431a-9ef4-a3c8306bb1c5\" href=\"https:\/\/fundaciosetba.org\/wp-content\/uploads\/2025\/12\/7f92a973-7123-431a-9ef4-a3c8306bb1c5-scaled.jpg\" title=\"7f92a973-7123-431a-9ef4-a3c8306bb1c5\"><\/a><\/div><div class=\"w-gallery-item\"><div class=\"w-gallery-item-img\"><img loading=\"lazy\" decoding=\"async\" width=\"300\" height=\"300\" src=\"https:\/\/fundaciosetba.org\/wp-content\/uploads\/2025\/12\/presentacio-wadras-fundacio-1-300x300.jpg\" class=\"attachment-woocommerce_thumbnail size-woocommerce_thumbnail\" alt=\"\" srcset=\"https:\/\/fundaciosetba.org\/wp-content\/uploads\/2025\/12\/presentacio-wadras-fundacio-1-300x300.jpg 300w, https:\/\/fundaciosetba.org\/wp-content\/uploads\/2025\/12\/presentacio-wadras-fundacio-1-150x150.jpg 150w\" sizes=\"auto, (max-width: 300px) 100vw, 300px\" \/><\/div><a class=\"w-gallery-item-link\" aria-label=\"presentacion wadras fundacion (1)\" href=\"https:\/\/fundaciosetba.org\/wp-content\/uploads\/2025\/12\/presentacio-wadras-fundacio-1.jpg\" title=\"presentacion wadras fundacion (1)\"><\/a><\/div><div class=\"w-gallery-item\"><div class=\"w-gallery-item-img\"><img loading=\"lazy\" decoding=\"async\" width=\"300\" height=\"300\" src=\"https:\/\/fundaciosetba.org\/wp-content\/uploads\/2025\/12\/DSC03196-300x300.jpg\" class=\"attachment-woocommerce_thumbnail size-woocommerce_thumbnail\" alt=\"\" srcset=\"https:\/\/fundaciosetba.org\/wp-content\/uploads\/2025\/12\/DSC03196-300x300.jpg 300w, https:\/\/fundaciosetba.org\/wp-content\/uploads\/2025\/12\/DSC03196-150x150.jpg 150w\" sizes=\"auto, (max-width: 300px) 100vw, 300px\" \/><\/div><a class=\"w-gallery-item-link\" aria-label=\"DSC03196\" href=\"https:\/\/fundaciosetba.org\/wp-content\/uploads\/2025\/12\/DSC03196-scaled.jpg\" title=\"DSC03196\"><\/a><\/div><div class=\"w-gallery-item\"><div class=\"w-gallery-item-img\"><img loading=\"lazy\" decoding=\"async\" width=\"300\" height=\"300\" src=\"https:\/\/fundaciosetba.org\/wp-content\/uploads\/2025\/12\/IMG_3640-300x300.jpeg\" class=\"attachment-woocommerce_thumbnail size-woocommerce_thumbnail\" alt=\"\" srcset=\"https:\/\/fundaciosetba.org\/wp-content\/uploads\/2025\/12\/IMG_3640-300x300.jpeg 300w, https:\/\/fundaciosetba.org\/wp-content\/uploads\/2025\/12\/IMG_3640-150x150.jpeg 150w\" sizes=\"auto, (max-width: 300px) 100vw, 300px\" \/><\/div><a class=\"w-gallery-item-link\" aria-label=\"IMG_3640\" href=\"https:\/\/fundaciosetba.org\/wp-content\/uploads\/2025\/12\/IMG_3640.jpeg\" title=\"IMG_3640\"><\/a><\/div><div class=\"w-gallery-item\"><div class=\"w-gallery-item-img\"><img loading=\"lazy\" decoding=\"async\" width=\"300\" height=\"300\" src=\"https:\/\/fundaciosetba.org\/wp-content\/uploads\/2025\/12\/IMG_8075-300x300.jpeg\" class=\"attachment-woocommerce_thumbnail size-woocommerce_thumbnail\" alt=\"\" srcset=\"https:\/\/fundaciosetba.org\/wp-content\/uploads\/2025\/12\/IMG_8075-300x300.jpeg 300w, https:\/\/fundaciosetba.org\/wp-content\/uploads\/2025\/12\/IMG_8075-150x150.jpeg 150w\" sizes=\"auto, (max-width: 300px) 100vw, 300px\" \/><\/div><a class=\"w-gallery-item-link\" aria-label=\"IMG_8075\" href=\"https:\/\/fundaciosetba.org\/wp-content\/uploads\/2025\/12\/IMG_8075.jpeg\" title=\"IMG_8075\"><\/a><\/div><\/div><\/div>\n<p>&nbsp;<\/p>\n<h4>Mirando hacia adelante<\/h4>\n<p>Este resumen del 2025 confirma que la cultura no es s\u00f3lo un derecho, sino tambi\u00e9n una herramienta de transformaci\u00f3n social. Los datos lo avalan, pero sobre todo lo hacen las voces de las personas participantes, que explican c\u00f3mo el arte les ha ayudado a crecer, a expresarse ya mirar el futuro con mayor confianza. <\/p>\n<p>En 2026 marcar\u00e1 nuevos inicios y nuevos retos. Por primera vez, <strong>entraremos en prisi\u00f3n de Mas Enric<\/strong> (Tarragona) con la fot\u00f3grafa <strong>Meritxell Perpiny\u00e0<\/strong> y contaremos con <strong>Adriana L\u00f3pez Sanfeliu<\/strong> como fot\u00f3grafa invitada para impartir una clase magistral. Tambi\u00e9n iniciaremos, por primera vez, una intervenci\u00f3n en el <strong>CP Ponent<\/strong> : por un lado, daremos continuidad al proyecto <em>Traspasando el objetivo<\/em> y, por otro, entraremos con <strong><em>Traspassant Murs<\/em><\/strong> para pintar un mural con el m\u00f3dulo de J\u00f3venes bajo la direcci\u00f3n de <strong>Tope Rodr\u00edguez<\/strong> . Paralelamente, continuaremos trabajando en el CP de J\u00f3venes con una nueva direcci\u00f3n art\u00edstica, a cargo de <strong>Pep Walls<\/strong> .   <\/p>\n<p>Finalmente, en las tierras de Ponent, pondremos en marcha <strong>por primera vez el proyecto <em>Natura es Cultura<\/em> con el artista Jaume Amig\u00f3<\/strong> y desarrollaremos una formaci\u00f3n sobre la pr\u00e1ctica del urban sketching con el ilustrador <strong>Llu\u00efsot<\/strong> , dentro del programa <em>Magistrals<\/em> .<\/p>\n<p>De cara al futuro, la Fundaci\u00f3n quiere seguir demostrando c\u00f3mo la cultura nos salva, replicando los proyectos en m\u00e1s territorios, creando nuevos equipos de trabajo, reforzando alianzas y llegando a m\u00e1s personas, con la convicci\u00f3n de que el arte puede generar bienestar, oportunidades y comunidad.<\/p>\n","protected":false},"excerpt":{"rendered":"<p>En total, 168 personas han participado en los distintos proyectos de la Fundaci\u00f3n, compartiendo procesos creativos que han ido mucho m\u00e1s all\u00e1 del aprendizaje art\u00edstico<\/p>\n","protected":false},"author":1,"featured_media":41088,"comment_status":"closed","ping_status":"closed","sticky":false,"template":"","format":"standard","meta":{"footnotes":""},"categories":[1352,1355,1353,1350,1349],"tags":[],"class_list":["post-41103","post","type-post","status-publish","format-standard","has-post-thumbnail","hentry","category-magistrales-es","category-naturaleza-es-cultura","category-premio-setba-es","category-traspasando-el-objetivo-es","category-traspasando-muros-es"],"_links":{"self":[{"href":"https:\/\/fundaciosetba.org\/es\/wp-json\/wp\/v2\/posts\/41103","targetHints":{"allow":["GET"]}}],"collection":[{"href":"https:\/\/fundaciosetba.org\/es\/wp-json\/wp\/v2\/posts"}],"about":[{"href":"https:\/\/fundaciosetba.org\/es\/wp-json\/wp\/v2\/types\/post"}],"author":[{"embeddable":true,"href":"https:\/\/fundaciosetba.org\/es\/wp-json\/wp\/v2\/users\/1"}],"replies":[{"embeddable":true,"href":"https:\/\/fundaciosetba.org\/es\/wp-json\/wp\/v2\/comments?post=41103"}],"version-history":[{"count":0,"href":"https:\/\/fundaciosetba.org\/es\/wp-json\/wp\/v2\/posts\/41103\/revisions"}],"wp:featuredmedia":[{"embeddable":true,"href":"https:\/\/fundaciosetba.org\/es\/wp-json\/wp\/v2\/media\/41088"}],"wp:attachment":[{"href":"https:\/\/fundaciosetba.org\/es\/wp-json\/wp\/v2\/media?parent=41103"}],"wp:term":[{"taxonomy":"category","embeddable":true,"href":"https:\/\/fundaciosetba.org\/es\/wp-json\/wp\/v2\/categories?post=41103"},{"taxonomy":"post_tag","embeddable":true,"href":"https:\/\/fundaciosetba.org\/es\/wp-json\/wp\/v2\/tags?post=41103"}],"curies":[{"name":"wp","href":"https:\/\/api.w.org\/{rel}","templated":true}]}}