{"id":41273,"date":"2026-01-07T10:29:30","date_gmt":"2026-01-07T09:29:30","guid":{"rendered":"https:\/\/fundaciosetba.org\/las-novedades-de-2026\/"},"modified":"2026-01-07T10:29:30","modified_gmt":"2026-01-07T09:29:30","slug":"las-novedades-de-2026","status":"publish","type":"post","link":"https:\/\/fundaciosetba.org\/es\/las-novedades-de-2026\/","title":{"rendered":"Las novedades de 2026"},"content":{"rendered":"<p><span>En 2026 marcar\u00e1 nuevos inicios y nuevos retos.<\/span> La principal novedad ser\u00e1 la entrada, por primera vez, en la <strong>c\u00e1rcel de Mas Enric<\/strong> (Tarragona). El proyecto de fotograf\u00eda <strong><em>Traspasando el objetivo<\/em><\/strong> se desplegar\u00e1 con la fot\u00f3grafa <strong>Meritxell Perpiny<\/strong>\u00e0 y contar\u00e1 con la participaci\u00f3n de <strong>Adriana L\u00f3pez Sanfeliu<\/strong> como fot\u00f3grafa invitada, que impartir\u00e1 una clase magistral dirigida a profundizar en el relato visual y el desarrollo de la mirada art\u00edstica de las participantes. <\/p>\n<p>La actividad tambi\u00e9n se intensificar\u00e1 en el <strong>Centro Penitenciario Ponent<\/strong> , donde se pondr\u00e1 en marcha una doble l\u00ednea de acci\u00f3n. Por primera vez, aparte de <strong><em>Traspassant el objetivo<\/em><\/strong> , tambi\u00e9n se pondr\u00e1 en marcha <em><strong>Traspassant Murs<\/strong><\/em> , que impulsar\u00e1 la creaci\u00f3n de un mural colectivo con el m\u00f3dulo de J\u00f3venes bajo la direcci\u00f3n del artista <strong>Tope Rodr\u00edguez<\/strong> . En paralelo, el proyecto en el <strong>Centro Penitenciario de J\u00f3venes<\/strong> se iniciar\u00e1 una nueva etapa con cambio de direcci\u00f3n art\u00edstica. El artista mural <strong>Pep Walls<\/strong> asumir\u00e1 el liderazgo del programa, introduciendo nuevas l\u00edneas creativas y enfoques pedag\u00f3gicos adaptados al contexto del centro y al perfil de los participantes.   <\/p>\n<p>La expansi\u00f3n territorial ser\u00e1 otro de los ejes destacados del 2026. Por primera vez, el proyecto <strong><em>Natura es Cultura<\/em> se implantar\u00e1 en las tierras de Ponent<\/strong> , con la coordinaci\u00f3n art\u00edstica de <strong>Jaume Amig\u00f3<\/strong> . La iniciativa refuerza la voluntad de la Fundaci\u00f3n de extender experiencias art\u00edsticas transformadoras m\u00e1s all\u00e1 de las \u00e1reas habituales de intervenci\u00f3n.  <\/p>\n<p>Finalmente, el programa <strong><em>Magistrals<\/em><\/strong> incorporar\u00e1 una nueva propuesta formativa centrada en la pr\u00e1ctica del <strong>urban sketchin<\/strong>g, que se desarrollar\u00e1 con el ilustrador <strong>Llu\u00efsot<\/strong> . La l\u00ednea permitir\u00e1 explorar el v\u00ednculo entre dibujo, espacio urbano y observaci\u00f3n cotidiana, ampliando el abanico de disciplinas creativas hasta ahora trabajadas. <\/p>\n<p>Tambi\u00e9n destaca la inauguraci\u00f3n de una nueva edici\u00f3n del <strong>Premio Setba<\/strong> , que este a\u00f1o <strong>incorpora un jurado profesional renovado<\/strong> formado por <strong>Ferran Josa<\/strong> (Pigmento Gallery Barcelona), <strong>Laura Murtr<\/strong>a (Casa de Carlota Barcelona), <strong>Manuel Barrios<\/strong> (3cat \u2013 Una mano de cuentos), <strong>Montserrat Gonz\u00e1lez<\/strong> (Instituto de Cultura de Barcelona) y <strong>Pedro<\/strong> <strong>Costa<\/strong> (MOCO Museum); una evoluci\u00f3n que permite sumar miradas diversas y especializadas y refuerza el compromiso del certamen con la inclusi\u00f3n, reconocimiento y proyecci\u00f3n del talento de las personas con discapacidad intelectual.<\/p>\n<p>Con este conjunto de novedades, en 2026 se vislumbra como un a\u00f1o de crecimiento y consolidaci\u00f3n de los proyectos de la Fundaci\u00f3n, con mayor presencia territorial, nuevas colaboraciones y un refuerzo del papel del arte como herramienta de intervenci\u00f3n social.<\/p>\n","protected":false},"excerpt":{"rendered":"<p>En 2026 se vislumbra como un a\u00f1o de crecimiento y consolidaci\u00f3n de los proyectos de la Fundaci\u00f3n, con mayor presencia territorial, nuevas colaboraciones y un refuerzo del papel del arte como herramienta de intervenci\u00f3n social.<\/p>\n","protected":false},"author":1,"featured_media":41272,"comment_status":"closed","ping_status":"closed","sticky":false,"template":"","format":"standard","meta":{"footnotes":""},"categories":[1352,1355,1353,1350,1349],"tags":[],"class_list":["post-41273","post","type-post","status-publish","format-standard","has-post-thumbnail","hentry","category-magistrales-es","category-naturaleza-es-cultura","category-premio-setba-es","category-traspasando-el-objetivo-es","category-traspasando-muros-es"],"_links":{"self":[{"href":"https:\/\/fundaciosetba.org\/es\/wp-json\/wp\/v2\/posts\/41273","targetHints":{"allow":["GET"]}}],"collection":[{"href":"https:\/\/fundaciosetba.org\/es\/wp-json\/wp\/v2\/posts"}],"about":[{"href":"https:\/\/fundaciosetba.org\/es\/wp-json\/wp\/v2\/types\/post"}],"author":[{"embeddable":true,"href":"https:\/\/fundaciosetba.org\/es\/wp-json\/wp\/v2\/users\/1"}],"replies":[{"embeddable":true,"href":"https:\/\/fundaciosetba.org\/es\/wp-json\/wp\/v2\/comments?post=41273"}],"version-history":[{"count":0,"href":"https:\/\/fundaciosetba.org\/es\/wp-json\/wp\/v2\/posts\/41273\/revisions"}],"wp:featuredmedia":[{"embeddable":true,"href":"https:\/\/fundaciosetba.org\/es\/wp-json\/wp\/v2\/media\/41272"}],"wp:attachment":[{"href":"https:\/\/fundaciosetba.org\/es\/wp-json\/wp\/v2\/media?parent=41273"}],"wp:term":[{"taxonomy":"category","embeddable":true,"href":"https:\/\/fundaciosetba.org\/es\/wp-json\/wp\/v2\/categories?post=41273"},{"taxonomy":"post_tag","embeddable":true,"href":"https:\/\/fundaciosetba.org\/es\/wp-json\/wp\/v2\/tags?post=41273"}],"curies":[{"name":"wp","href":"https:\/\/api.w.org\/{rel}","templated":true}]}}