{"id":41400,"date":"2026-01-14T11:30:31","date_gmt":"2026-01-14T10:30:31","guid":{"rendered":"https:\/\/fundaciosetba.org\/?p=41400"},"modified":"2026-01-14T11:52:31","modified_gmt":"2026-01-14T10:52:31","slug":"natura-es-cultura-llega-a-su-15a-edicion-y-se-amplia-a-tres-provincias-de-cataluna","status":"publish","type":"post","link":"https:\/\/fundaciosetba.org\/es\/natura-es-cultura-llega-a-su-15a-edicion-y-se-amplia-a-tres-provincias-de-cataluna\/","title":{"rendered":"&#8220;Natura es Cultura&#8221; llega a su 15\u00aa edici\u00f3n y se ampl\u00eda a tres provincias de Catalu\u00f1a"},"content":{"rendered":"<p><span>La Fundaci\u00f3n Setba abre la 15\u00aa edici\u00f3n del <strong>proyecto de arte y salud mental <em>Natura es Cultura<\/em><\/strong> , que este a\u00f1o ampl\u00eda su alcance territorial y se dirige a <strong>entidades de salud mental de las provincias de Barcelona y Girona y, por primera vez, llega a Lleida<\/strong> .<\/span><\/p>\n<p><em><span>Natura es Cultura<\/span><\/em> <span>es un proyecto de respiro art\u00edstico que ofrece a personas que conviven con problemas de salud mental la posibilidad de participar en <strong>talleres art\u00edsticos y actividades de conciencia medioambiental en un entorno natural durante una semana<\/strong> .<\/span> <span> <\/span><\/p>\n<div class=\"w-gallery fit_cover wp_gallery type_grid action_popup_image ratio_1x1 count_4\" style=\"--columns:4;--items-gap:8px;\"><div class=\"w-gallery-list\"><div class=\"w-gallery-item\"><div class=\"w-gallery-item-img\"><img loading=\"lazy\" decoding=\"async\" width=\"300\" height=\"300\" src=\"https:\/\/fundaciosetba.org\/wp-content\/uploads\/2025\/12\/2025-05-28_Natura-es-cultura-SETBA_041-300x300.jpg\" class=\"attachment-woocommerce_thumbnail size-woocommerce_thumbnail\" alt=\"\" srcset=\"https:\/\/fundaciosetba.org\/wp-content\/uploads\/2025\/12\/2025-05-28_Natura-es-cultura-SETBA_041-300x300.jpg 300w, https:\/\/fundaciosetba.org\/wp-content\/uploads\/2025\/12\/2025-05-28_Natura-es-cultura-SETBA_041-150x150.jpg 150w\" sizes=\"auto, (max-width: 300px) 100vw, 300px\" \/><\/div><a class=\"w-gallery-item-link\" aria-label=\"2025-05-28_Natura es cultura-SETBA_041\" href=\"https:\/\/fundaciosetba.org\/wp-content\/uploads\/2025\/12\/2025-05-28_Natura-es-cultura-SETBA_041-scaled.jpg\" title=\"2025-05-28_Natura es cultura-SETBA_041\"><\/a><\/div><div class=\"w-gallery-item\"><div class=\"w-gallery-item-img\"><img loading=\"lazy\" decoding=\"async\" width=\"300\" height=\"300\" src=\"https:\/\/fundaciosetba.org\/wp-content\/uploads\/2025\/12\/LuaLopez404-300x300.jpg\" class=\"attachment-woocommerce_thumbnail size-woocommerce_thumbnail\" alt=\"\" srcset=\"https:\/\/fundaciosetba.org\/wp-content\/uploads\/2025\/12\/LuaLopez404-300x300.jpg 300w, https:\/\/fundaciosetba.org\/wp-content\/uploads\/2025\/12\/LuaLopez404-150x150.jpg 150w\" sizes=\"auto, (max-width: 300px) 100vw, 300px\" \/><\/div><a class=\"w-gallery-item-link\" aria-label=\"LuaLopez(404)\" href=\"https:\/\/fundaciosetba.org\/wp-content\/uploads\/2025\/12\/LuaLopez404.jpg\" title=\"LuaLopez(404)\"><\/a><\/div><div class=\"w-gallery-item\"><div class=\"w-gallery-item-img\"><img loading=\"lazy\" decoding=\"async\" width=\"300\" height=\"300\" src=\"https:\/\/fundaciosetba.org\/wp-content\/uploads\/2025\/12\/Nat-Lua-Lopez-300x300.jpeg\" class=\"attachment-woocommerce_thumbnail size-woocommerce_thumbnail\" alt=\"\" srcset=\"https:\/\/fundaciosetba.org\/wp-content\/uploads\/2025\/12\/Nat-Lua-Lopez-300x300.jpeg 300w, https:\/\/fundaciosetba.org\/wp-content\/uploads\/2025\/12\/Nat-Lua-Lopez-150x150.jpeg 150w\" sizes=\"auto, (max-width: 300px) 100vw, 300px\" \/><\/div><a class=\"w-gallery-item-link\" aria-label=\"Nat-Lua-Lopez\" href=\"https:\/\/fundaciosetba.org\/wp-content\/uploads\/2025\/12\/Nat-Lua-Lopez.jpeg\" title=\"Nat-Lua-Lopez\"><\/a><\/div><div class=\"w-gallery-item\"><div class=\"w-gallery-item-img\"><img loading=\"lazy\" decoding=\"async\" width=\"300\" height=\"300\" src=\"https:\/\/fundaciosetba.org\/wp-content\/uploads\/2025\/12\/WhatsApp-Image-2025-09-05-at-13.46.33-300x300.jpeg\" class=\"attachment-woocommerce_thumbnail size-woocommerce_thumbnail\" alt=\"\" srcset=\"https:\/\/fundaciosetba.org\/wp-content\/uploads\/2025\/12\/WhatsApp-Image-2025-09-05-at-13.46.33-300x300.jpeg 300w, https:\/\/fundaciosetba.org\/wp-content\/uploads\/2025\/12\/WhatsApp-Image-2025-09-05-at-13.46.33-150x150.jpeg 150w\" sizes=\"auto, (max-width: 300px) 100vw, 300px\" \/><\/div><a class=\"w-gallery-item-link\" aria-label=\"WhatsApp Image 2025-09-05 at 13.46.33\" href=\"https:\/\/fundaciosetba.org\/wp-content\/uploads\/2025\/12\/WhatsApp-Image-2025-09-05-at-13.46.33.jpeg\" title=\"WhatsApp Image 2025-09-05 at 13.46.33\"><\/a><\/div><\/div><\/div>\n<p><span>El proyecto est\u00e1 dirigido por el artista Quim Moya e impulsado en Barcelona, \u200b\u200bpor <strong>Quim Moya, Maria Ribera e Ignasi Vilarasau<\/strong> (Residencia art\u00edstica Cal Gras, Aviny\u00f3); en Girona, por <strong>Leo Castro y Enric F\u00e0bregas<\/strong> (L&#8217;Animal a l&#8217;esquena, Celr\u00e0); y en Lleida, por <strong>Jaume Amig\u00f3 y Olga Tragant<\/strong> (Espacio La Bassa, Sant Mart\u00ed de Mald\u00e0).<\/span><\/p>\n<p><span>El objetivo principal del proyecto es <strong>contribuir a la mejora de la calidad de vida de las personas que conviven con trastornos mentales<\/strong> , fomentar su bienestar emocional y f\u00edsico y desestigmatizar la enfermedad mental, promoviendo la sensibilizaci\u00f3n social y, especialmente, entre la poblaci\u00f3n joven con una actividad pedag\u00f3gica que llevamos a cabo dentro del proyecto con institutos del territorio.<\/span><\/p>\n<p><span>El impacto del proyecto se refleja en la experiencia directa de las personas participantes, que destacan la capacidad transformadora de la estancia:<\/span><\/p>\n<p style=\"padding-left: 40px;\"><span>&#8220;He conectado conmigo misma, con el entorno y con otras personas. Ha sido una experiencia muy significativa tanto en el \u00e1mbito de la salud mental como en el profesional&#8221;. <\/span><\/p>\n<p><span> <\/span><span>Otros participantes subrayan el efecto positivo en la autoestima y en la creaci\u00f3n de v\u00ednculos:<\/span><\/p>\n<p style=\"padding-left: 40px;\"><span>&#8220;He ganado m\u00e1s seguridad en m\u00ed misma.&#8221;<\/span><\/p>\n<p style=\"padding-left: 40px;\"><span>&#8220;Hemos hecho un grupo muy bonito; espero poder volver el pr\u00f3ximo a\u00f1o.&#8221;<\/span><\/p>\n<h4><span>  Informaci\u00f3n pr\u00e1ctica<\/span><\/h4>\n<p><strong><span>Las estancias de respiro ser\u00e1n:  <\/span><\/strong><\/p>\n<ul>\n<li>Lleida: del 27 de abril al 1 de mayo de 2026<\/li>\n<li>Barcelona: del 15 al 19 de junio de 2026<\/li>\n<li>Girona: del 31 de agosto al 4 de septiembre de 2026<\/li>\n<\/ul>\n<p><span> <\/span><strong><span>Plazo de presentaci\u00f3n:<\/span><\/strong><\/p>\n<p><span>Las entidades interesadas deben presentar su solicitud antes del lunes 23 de febrero de 2026 a las 17:00 h.<\/span><span> <\/span><\/p>\n<p><strong><span>Bases del certamen e inscripciones:<\/span><\/strong><\/p>\n<ul>\n<li>Lleida: <span><a href=\"https:\/\/fundaciosetba.org\/es\/?page_id=41165\">https:\/\/fundaciosetba.org\/natura-es-cultura-lleida-2026\/<\/a><\/span><\/li>\n<li>Barcelona: <span><a href=\"https:\/\/fundaciosetba.org\/es\/?page_id=41139\">https:\/\/fundaciosetba.org\/natura-es-cultura-barcelona-2026\/<\/a><\/span><\/li>\n<li>Girona: <span><a href=\"https:\/\/fundaciosetba.org\/es\/inscripcion-natura-es-cultura-girona\/\">https:\/\/fundaciosetba.org\/natura-es-cultura-girona-2026\/<\/a><\/span><\/li>\n<\/ul>\n<p><strong><span>Reportaje de 2024:  <\/span><\/strong><\/p>\n<p><iframe loading=\"lazy\" title=\"Natura \u00e9s Cultura 2024 | Art i Salut Mental amb @quimmoyalivepainting\" width=\"640\" height=\"360\" src=\"https:\/\/www.youtube.com\/embed\/DzwC1af8fqc?feature=oembed\" frameborder=\"0\" allow=\"accelerometer; autoplay; clipboard-write; encrypted-media; gyroscope; picture-in-picture; web-share\" referrerpolicy=\"strict-origin-when-cross-origin\" allowfullscreen><\/iframe><\/p>\n<p><span> <\/span><\/p>\n<p><span>Este proyecto est\u00e1 organizado por la Fundaci\u00f3n Setba con el patrocinio de Bizcabar Servicios Inmobiliarios, con la colaboraci\u00f3n de Conservatorio de M\u00fasica Isaac Alb\u00e9niz de la Diputaci\u00f3n de Girona y el Consorcio de las Gavarres y con el apoyo de Cal Gras, Can Gich, Conservatorio del Liceo, Festival Art &amp; Gavarres, Festival GarGar, L&#8217;Animal a l&#8217;esquena, La Bassa y la Festa dels Sentits.<\/span><\/p>\n","protected":false},"excerpt":{"rendered":"<p>La Fundaci\u00f3n Setba abre la 15\u00aa edici\u00f3n del proyecto de arte y salud mental Natura es Cultura, que este a\u00f1o ampl\u00eda su alcance territorial y se dirige a entidades de salud mental de las provincias de Barcelona y Girona y, por primera vez, llega a Lleida.<\/p>\n","protected":false},"author":1,"featured_media":41399,"comment_status":"closed","ping_status":"closed","sticky":false,"template":"","format":"standard","meta":{"footnotes":""},"categories":[1355],"tags":[],"class_list":["post-41400","post","type-post","status-publish","format-standard","has-post-thumbnail","hentry","category-naturaleza-es-cultura"],"_links":{"self":[{"href":"https:\/\/fundaciosetba.org\/es\/wp-json\/wp\/v2\/posts\/41400","targetHints":{"allow":["GET"]}}],"collection":[{"href":"https:\/\/fundaciosetba.org\/es\/wp-json\/wp\/v2\/posts"}],"about":[{"href":"https:\/\/fundaciosetba.org\/es\/wp-json\/wp\/v2\/types\/post"}],"author":[{"embeddable":true,"href":"https:\/\/fundaciosetba.org\/es\/wp-json\/wp\/v2\/users\/1"}],"replies":[{"embeddable":true,"href":"https:\/\/fundaciosetba.org\/es\/wp-json\/wp\/v2\/comments?post=41400"}],"version-history":[{"count":1,"href":"https:\/\/fundaciosetba.org\/es\/wp-json\/wp\/v2\/posts\/41400\/revisions"}],"predecessor-version":[{"id":41437,"href":"https:\/\/fundaciosetba.org\/es\/wp-json\/wp\/v2\/posts\/41400\/revisions\/41437"}],"wp:featuredmedia":[{"embeddable":true,"href":"https:\/\/fundaciosetba.org\/es\/wp-json\/wp\/v2\/media\/41399"}],"wp:attachment":[{"href":"https:\/\/fundaciosetba.org\/es\/wp-json\/wp\/v2\/media?parent=41400"}],"wp:term":[{"taxonomy":"category","embeddable":true,"href":"https:\/\/fundaciosetba.org\/es\/wp-json\/wp\/v2\/categories?post=41400"},{"taxonomy":"post_tag","embeddable":true,"href":"https:\/\/fundaciosetba.org\/es\/wp-json\/wp\/v2\/tags?post=41400"}],"curies":[{"name":"wp","href":"https:\/\/api.w.org\/{rel}","templated":true}]}}