{"id":41564,"date":"2026-01-20T10:56:40","date_gmt":"2026-01-20T09:56:40","guid":{"rendered":"https:\/\/fundaciosetba.org\/meritxell-perpinya-adriana-lopez-sanfeliu-y-laura-galvez-rhein-se-incorporan-a-traspasando-el-objetivo\/"},"modified":"2026-01-20T12:22:57","modified_gmt":"2026-01-20T11:22:57","slug":"meritxell-perpinya-adriana-lopez-sanfeliu-y-laura-galvez-rhein-se-incorporan-a-traspasando-el-objetivo","status":"publish","type":"post","link":"https:\/\/fundaciosetba.org\/es\/meritxell-perpinya-adriana-lopez-sanfeliu-y-laura-galvez-rhein-se-incorporan-a-traspasando-el-objetivo\/","title":{"rendered":"Meritxell Perpiny\u00e0, Adriana Lopez Sanfeliu y Laura G\u00e1lvez-Rhein se incorporan a &#8220;Traspasando el objetivo&#8221;"},"content":{"rendered":"<p data-start=\"1089\" data-end=\"1327\">Esta semana se inicia la s\u00e9ptima edici\u00f3n del proyecto <em data-start=\"1148\" data-end=\"1172\">Traspassant l&#8217;Objectiu<\/em> , que este a\u00f1o est\u00e1 marcada por la ampliaci\u00f3n territorial y por la incorporaci\u00f3n de nuevas profesionales de la fotograf\u00eda con trayectorias s\u00f3lidas y miradas comprometidas.<\/p>\n<p data-start=\"1329\" data-end=\"1903\"><strong>Dirigido desde el 2020 por la artista Marta F\u00e0bregas<\/strong> , <em data-start=\"1343\" data-end=\"1367\">Traspasando el Objetivo<\/em> ha acompa\u00f1ado a mujeres internas en procesos de formaci\u00f3n fotogr\u00e1fica dentro de centros penitenciarios, ofreci\u00e9ndoles herramientas t\u00e9cnicas y expresivas para explicarse, mirarse y mirar el mundo desde otro lugar. Hasta a d\u00eda de hoy, <strong>181 mujeres han participado en el proyecto<\/strong> , y los resultados muestran un <strong>aumento general de la autoestima, una mejora del bienestar emocional y una clara reducci\u00f3n de los conflictos grupales<\/strong> , as\u00ed como un inter\u00e9s muy elevado por continuar vinculadas a la fotograf\u00eda m\u00e1s all\u00e1 del taller. <\/p>\n<h3 data-start=\"1905\" data-end=\"1936\">Primera entrada en Mas Enric<\/h3>\n<p data-start=\"1938\" data-end=\"2462\"><strong>La incorporaci\u00f3n del Centro Penitenciario Mas Enric supone un hito importante para el proyecto<\/strong> . El taller se desplegar\u00e1 de la mano de la fot\u00f3grafa de Reus Meritxell Perpiny\u00e0, que aportar\u00e1 su experiencia en fotograf\u00eda documental y participativa, as\u00ed como una mirada feminista centrada en la identidad, el cuerpo y la memoria. La entrada en este nuevo centro refuerza la voluntad de la Fundaci\u00f3n Setba de extender el proyecto a nuevos territorios y fortalecer el v\u00ednculo con la comunidad cultural y educativa del Camp de Tarragona.  <\/p>\n<h4 data-start=\"2464\" data-end=\"2486\">Meritxell Perpiny\u00e0<\/h4>\n<p data-start=\"2488\" data-end=\"2804\">Fot\u00f3grafa, docente y comunicadora visual. Trabaja desde una mirada feminista y comprometida con la realidad social. Formada en Qu\u00edmica y con un master en Nueva Fotograf\u00eda Documental (LABASAD, Barcelona), su trayectoria combina rigor, sensibilidad y una aproximaci\u00f3n participativa a la fotograf\u00eda.  <\/p>\n<p data-start=\"2806\" data-end=\"3112\"><strong>Su obra explora cuestiones vinculadas a la identidad, el cuerpo, la memoria y el paso del tiempo<\/strong> , con especial atenci\u00f3n a la representaci\u00f3n de las mujeres ya los relatos a menudo silenciados. Entre sus proyectos destacan Som aix\u00ed (2015\u20132019), <em data-start=\"3052\" data-end=\"3067\">Perimenopausa<\/em> (2022) y <em data-start=\"3077\" data-end=\"3104\">El silenci de la muntanya<\/em> (2024). <\/p>\n<figure id=\"attachment_41561\" aria-describedby=\"caption-attachment-41561\" style=\"width: 286px\" class=\"wp-caption aligncenter\"><img loading=\"lazy\" decoding=\"async\" class=\"wp-image-41542 size-us_600_400\" src=\"https:\/\/fundaciosetba.org\/wp-content\/uploads\/2026\/01\/som-aixi-286x400.jpg\" alt=\"\" width=\"286\" height=\"400\" srcset=\"https:\/\/fundaciosetba.org\/wp-content\/uploads\/2026\/01\/som-aixi-286x400.jpg 286w, https:\/\/fundaciosetba.org\/wp-content\/uploads\/2026\/01\/som-aixi-214x300.jpg 214w, https:\/\/fundaciosetba.org\/wp-content\/uploads\/2026\/01\/som-aixi-731x1024.jpg 731w, https:\/\/fundaciosetba.org\/wp-content\/uploads\/2026\/01\/som-aixi-71x100.jpg 71w, https:\/\/fundaciosetba.org\/wp-content\/uploads\/2026\/01\/som-aixi-600x840.jpg 600w, https:\/\/fundaciosetba.org\/wp-content\/uploads\/2026\/01\/som-aixi.jpg 1417w\" sizes=\"auto, (max-width: 286px) 100vw, 286px\" \/><figcaption id=\"caption-attachment-41561\" class=\"wp-caption-text\"><em>Som aix\u00ed &#8211; Somos as\u00ed<\/em><\/figcaption><\/figure>\n<p data-start=\"3114\" data-end=\"3551\"><strong>En el proyecto <em data-start=\"3129\" data-end=\"3140\">Som aix\u00ed!<\/em> , Perpiny\u00e0 construye un espacio de confianza a trav\u00e9s del retrato<\/strong> , donde mujeres de todas las edades se muestran sin artificios, reivindicando la diversidad corporal y la aceptaci\u00f3n de la propia imagen. Cada fotograf\u00eda se convierte en un acto de reconocimiento y de autoafirmaci\u00f3n, un gesto pol\u00edtico e \u00edntimo a la vez, que pone en cuesti\u00f3n los c\u00e1nones de belleza impuestos y devuelve a las participantes el control sobre su representaci\u00f3n. <\/p>\n<h3 data-start=\"3553\" data-end=\"3595\">Nuevas incorporaciones, misma esencia<\/h3>\n<p data-start=\"3597\" data-end=\"4082\">En 2026 consolida y ampl\u00eda el equipo de fot\u00f3grafas que hacen posible <em data-start=\"3666\" data-end=\"3690\">Traspasando el Objetivo<\/em> . <strong>Laura G\u00e1lvez-Rhein asumir\u00e1 la formaci\u00f3n del proyecto en el Centro Penitenciario de Mujeres de Wad-Ras<\/strong> , aportando su experiencia como fotodocumentalista y el profundo conocimiento del proyecto, al que est\u00e1 vinculada desde 2021. <strong>Su trayectoria, centrada en la memoria, el trauma y la identidad, ha sido clave para el documento<\/strong> .<\/p>\n<h4 data-start=\"4084\" data-end=\"4106\">Laura G\u00e1lvez-Rhein<\/h4>\n<p data-start=\"4108\" data-end=\"4342\">Fotodocumentalista especializada en temas como la memoria, el trauma y la identidad, se form\u00f3 en el Instituto de Estudios Fotogr\u00e1ficos de Catalu\u00f1a y ampli\u00f3 estudios en fotoperiodismo y fotograf\u00eda documental en la Hochschule Hannover.<\/p>\n<p data-start=\"4344\" data-end=\"4716\">Vinculada a la Fundaci\u00f3n Setba desde 2021, ha documentado los procesos y los espacios de <em data-start=\"4432\" data-end=\"4456\">Traspassant l&#8217;Objectiu<\/em> , un trabajo que dio lugar a su primera exposici\u00f3n individual, <em data-start=\"4527\" data-end=\"4549\">La bellesa inh\u00f2spita<\/em> (2023). Actualmente es la documentalista gr\u00e1fica de todos los proyectos de la Fundaci\u00f3. <\/p>\n<p data-start=\"4718\" data-end=\"5148\"><strong>En fotograf\u00edas como L&#8217;\u00e0via (2023), G\u00e1lvez-Rhein aborda la memoria \u00edntima y la p\u00e9rdida a trav\u00e9s del retrato directo y honesto<\/strong> . El uso de la luz natural y la ausencia de puesta en escena refuerzan una relaci\u00f3n de proximidad con la persona retratada, generando un di\u00e1logo silencioso con el espectador. La imagen trasciende el \u00e1mbito familiar para convertirse en un homenaje a los cuidados, al luto ya la dignidad de quien sostiene la vida en silencio.  <\/p>\n<figure id=\"attachment_41568\" aria-describedby=\"caption-attachment-41568\" style=\"width: 600px\" class=\"wp-caption aligncenter\"><img loading=\"lazy\" decoding=\"async\" class=\"wp-image-41549 size-us_600_400\" src=\"https:\/\/fundaciosetba.org\/wp-content\/uploads\/2026\/01\/Galvez-Rhein-Laura.-Lavia.-2023-Juberri.-Els-avis-Fotografia-600x400.jpg\" alt=\"\" width=\"600\" height=\"400\" srcset=\"https:\/\/fundaciosetba.org\/wp-content\/uploads\/2026\/01\/Galvez-Rhein-Laura.-Lavia.-2023-Juberri.-Els-avis-Fotografia-600x400.jpg 600w, https:\/\/fundaciosetba.org\/wp-content\/uploads\/2026\/01\/Galvez-Rhein-Laura.-Lavia.-2023-Juberri.-Els-avis-Fotografia-300x200.jpg 300w, https:\/\/fundaciosetba.org\/wp-content\/uploads\/2026\/01\/Galvez-Rhein-Laura.-Lavia.-2023-Juberri.-Els-avis-Fotografia-1024x683.jpg 1024w, https:\/\/fundaciosetba.org\/wp-content\/uploads\/2026\/01\/Galvez-Rhein-Laura.-Lavia.-2023-Juberri.-Els-avis-Fotografia-150x100.jpg 150w\" sizes=\"auto, (max-width: 600px) 100vw, 600px\" \/><figcaption id=\"caption-attachment-41568\" class=\"wp-caption-text\"><em>L\u00e0via \/ La abuela<\/em><\/figcaption><\/figure>\n<p data-start=\"5150\" data-end=\"5626\"><strong>En Ponent, el proyecto continuar\u00e1 con la fot\u00f3grafa Iolanda Seb\u00e9<\/strong> , que seguir\u00e1 trabajando con las internas desde una aproximaci\u00f3n \u00edntima y sensible al retrato, <strong>mientras que en Brians 1 <em data-start=\"5327\" data-end=\"5351\">Traspassant el Objetivo<\/em> entrar\u00e1 por segundo a\u00f1o consecutivo en la Unidad de Intervenci\u00f3n Conductual, tras los buenos resultados de la edici\u00f3n anterior, bajo la edici\u00f3n anterior<\/strong> . Este a\u00f1o, el proyecto se integra en el PIT como parte del programa de bienestar emocional, un reconocimiento institucional al impacto positivo del taller. <\/p>\n<h3 data-start=\"5628\" data-end=\"5670\">Fotograf\u00eda como herramienta de transformaci\u00f3n<\/h3>\n<p data-start=\"5672\" data-end=\"6142\">Uno de los indicadores m\u00e1s relevantes del impacto de <em data-start=\"5722\" data-end=\"5746\">Traspassant l&#8217;Objectiu<\/em> es su continuidad m\u00e1s all\u00e1 del taller: casi <strong>el 95% de las participantes expresan la voluntad de continuar aprendiendo fotograf\u00eda y algunas, una vez en libertad, han contactado con la Fundaci\u00f3n para continuar form\u00e1ndose o participar en actividades culturales<\/strong> . Estas trayectorias confirman que la fotograf\u00eda puede convertirse en una herramienta real de empoderamiento, de expresi\u00f3n y de transformaci\u00f3n personal. <\/p>\n<p data-start=\"6424\" data-end=\"6683\">Cada a\u00f1o, el proyecto cuenta con una <strong>fot\u00f3grafa invitada que imparte una masterclass y dirige una de las mentor\u00edas<\/strong> personalizadas que se ofrecen a las internas que han participado en el proyecto. Este a\u00f1o, la fot\u00f3grafa invitada es Adriana Lopez Sanfeliu. <\/p>\n<p data-start=\"6424\" data-end=\"6683\">Asimismo, se incorpora la participaci\u00f3n de estudiantes en pr\u00e1cticas para apoyar a las fot\u00f3grafas docentes. En esta edici\u00f3n, contaremos con Nina Carn\u00e9, del IEFC, que asistir\u00e1 Marta F\u00e0bregas al centro penitenciario de Brians ya Laura G\u00e1lvez-Rhein en Wad-Ras; Irma Enguita, de la Escuela de Arte y Dise\u00f1o de Tarragona, que apoyar\u00e1 a Meritxell Perpi\u00f1\u00e1n en Mas Enric; y N\u00faria Mu\u00f1oz, de la Escuela de Arte Municipal Leandre Crist\u00f2fol, que asistir\u00e1 a Iolanda Seb\u00e9 en el centro de Ponent. <\/p>\n<h4 data-start=\"6685\" data-end=\"6711\">Adriana Lopez Sanfeliu<\/h4>\n<p data-start=\"6713\" data-end=\"6923\">Narradora visual, fotoperiodista, fot\u00f3grafa documental y cineasta, <strong>centra su trabajo en la condici\u00f3n humana y en procesos de colaboraci\u00f3n a largo plazo con sus protagonistas.<\/strong><\/p>\n<p data-start=\"6925\" data-end=\"7267\">Vivi\u00f3 y trabaj\u00f3 durante m\u00e1s de una d\u00e9cada en Nueva York como fotoperiodista para medios internacionales. Entre sus proyectos m\u00e1s reconocidos se encuentran <em data-start=\"7079\" data-end=\"7098\">Life on the Block<\/em> (2002\u20132007), un retrato de las j\u00f3venes madres puertorrique\u00f1as del Spanish Harlem, y <em data-start=\"7179\" data-end=\"7192\">Los Salazar<\/em> , una exploraci\u00f3n del rol de la mujer dentro de una familia gitana de Catalu\u00f1a. <\/p>\n<p data-start=\"7269\" data-end=\"7768\"><strong>En <em data-start=\"7271\" data-end=\"7290\">Life on the Block<\/em> , L\u00f3pez Sanfeliu documenta la cotidianidad de mujeres j\u00f3venes que sostienen el n\u00facleo familiar en un contexto marcado por la precariedad y la ausencia paterna<\/strong> . Su trabajo pone el foco en la maternidad como espacio de resistencia y supervivencia, mostrando v\u00ednculos, fragilidades y fortalezas desde una mirada emp\u00e1tica y sostenida en el tiempo. Las im\u00e1genes revelan el deseo de estas mujeres de ampliar sus horizontes, as\u00ed como las fronteras sociales y simb\u00f3licas que las apremian.  <\/p>\n<figure id=\"attachment_41562\" aria-describedby=\"caption-attachment-41562\" style=\"width: 600px\" class=\"wp-caption aligncenter\"><img loading=\"lazy\" decoding=\"async\" class=\"wp-image-41550 size-us_600_400\" src=\"https:\/\/fundaciosetba.org\/wp-content\/uploads\/2026\/01\/ALSanfeliu_AmyCope_LifeOnTheBlock-600x389.jpg\" alt=\"\" width=\"600\" height=\"389\" srcset=\"https:\/\/fundaciosetba.org\/wp-content\/uploads\/2026\/01\/ALSanfeliu_AmyCope_LifeOnTheBlock-600x389.jpg 600w, https:\/\/fundaciosetba.org\/wp-content\/uploads\/2026\/01\/ALSanfeliu_AmyCope_LifeOnTheBlock-300x194.jpg 300w, https:\/\/fundaciosetba.org\/wp-content\/uploads\/2026\/01\/ALSanfeliu_AmyCope_LifeOnTheBlock-1024x663.jpg 1024w, https:\/\/fundaciosetba.org\/wp-content\/uploads\/2026\/01\/ALSanfeliu_AmyCope_LifeOnTheBlock-150x97.jpg 150w, https:\/\/fundaciosetba.org\/wp-content\/uploads\/2026\/01\/ALSanfeliu_AmyCope_LifeOnTheBlock.jpg 1920w\" sizes=\"auto, (max-width: 600px) 100vw, 600px\" \/><figcaption id=\"caption-attachment-41562\" class=\"wp-caption-text\"><em>Life on the Block<\/em><\/figcaption><\/figure>\n<p>&nbsp;<\/p>\n<p>Con la entrada en Mas Enric y la incorporaci\u00f3n de nuevas miradas profesionales, <em data-start=\"6220\" data-end=\"6244\">Traspassant l&#8217;Objectiu<\/em> reafirma su <strong>compromiso con la cultura, la justicia social y la visibilizaci\u00f3n de las mujeres internas, abriendo nuevos espacios de di\u00e1logo entre el arte, la comunidad y la sociedad.<\/strong><\/p>\n","protected":false},"excerpt":{"rendered":"<p>Esta semana se inicia la s\u00e9ptima edici\u00f3n del proyecto Traspassant l&#8217;Objectiu, que este a\u00f1o est\u00e1 marcada por la ampliaci\u00f3n territorial y por la incorporaci\u00f3n de nuevas profesionales de la fotograf\u00eda con trayectorias s\u00f3lidas y miradas comprometidas.<\/p>\n","protected":false},"author":1,"featured_media":41563,"comment_status":"closed","ping_status":"closed","sticky":false,"template":"","format":"standard","meta":{"footnotes":""},"categories":[1350],"tags":[],"class_list":["post-41564","post","type-post","status-publish","format-standard","has-post-thumbnail","hentry","category-traspasando-el-objetivo-es"],"_links":{"self":[{"href":"https:\/\/fundaciosetba.org\/es\/wp-json\/wp\/v2\/posts\/41564","targetHints":{"allow":["GET"]}}],"collection":[{"href":"https:\/\/fundaciosetba.org\/es\/wp-json\/wp\/v2\/posts"}],"about":[{"href":"https:\/\/fundaciosetba.org\/es\/wp-json\/wp\/v2\/types\/post"}],"author":[{"embeddable":true,"href":"https:\/\/fundaciosetba.org\/es\/wp-json\/wp\/v2\/users\/1"}],"replies":[{"embeddable":true,"href":"https:\/\/fundaciosetba.org\/es\/wp-json\/wp\/v2\/comments?post=41564"}],"version-history":[{"count":1,"href":"https:\/\/fundaciosetba.org\/es\/wp-json\/wp\/v2\/posts\/41564\/revisions"}],"predecessor-version":[{"id":41572,"href":"https:\/\/fundaciosetba.org\/es\/wp-json\/wp\/v2\/posts\/41564\/revisions\/41572"}],"wp:featuredmedia":[{"embeddable":true,"href":"https:\/\/fundaciosetba.org\/es\/wp-json\/wp\/v2\/media\/41563"}],"wp:attachment":[{"href":"https:\/\/fundaciosetba.org\/es\/wp-json\/wp\/v2\/media?parent=41564"}],"wp:term":[{"taxonomy":"category","embeddable":true,"href":"https:\/\/fundaciosetba.org\/es\/wp-json\/wp\/v2\/categories?post=41564"},{"taxonomy":"post_tag","embeddable":true,"href":"https:\/\/fundaciosetba.org\/es\/wp-json\/wp\/v2\/tags?post=41564"}],"curies":[{"name":"wp","href":"https:\/\/api.w.org\/{rel}","templated":true}]}}