{"id":41624,"date":"2026-02-10T11:00:10","date_gmt":"2026-02-10T10:00:10","guid":{"rendered":"https:\/\/fundaciosetba.org\/presentamos-wad-ras-mujeres-invisibles-en-el-real-circulo-artistico-con-la-participacion-especial-de-carme-forcadell\/"},"modified":"2026-02-10T15:37:29","modified_gmt":"2026-02-10T14:37:29","slug":"presentamos-wad-ras-mujeres-invisibles-en-el-real-circulo-artistico-con-la-participacion-especial-de-carme-forcadell","status":"publish","type":"post","link":"https:\/\/fundaciosetba.org\/es\/presentamos-wad-ras-mujeres-invisibles-en-el-real-circulo-artistico-con-la-participacion-especial-de-carme-forcadell\/","title":{"rendered":"Presentamos &#8220;Wad-Ras. Mujeres Invisibles&#8221; en el Real C\u00edrculo Art\u00edstico con la participaci\u00f3n especial de Carme Forcadell"},"content":{"rendered":"<p><span>En el marco de la presentaci\u00f3n del segundo fotolibro de la colecci\u00f3n &#8220;Mujeres invisibles&#8221;: Wad-Ras, tuvimos el privilegio de compartir una conversaci\u00f3n profunda y necesaria con <strong data-start=\"829\" data-end=\"870\"><span class=\"hover:entity-accent entity-underline inline cursor-pointer align-baseline\"><span class=\"whitespace-normal\">Carme Forcadell<\/span><\/span><\/strong> , 14\u00aa presidenta del Parlamento de Catalu\u00f1a y ex-presa pol\u00edtica en el centro penitenciario de Wad-Ras, y con la artista <strong data-start=\"985\" data-end=\"1026\"><span class=\"hover:entity-accent entity-underline inline cursor-pointer align-baseline\"><span class=\"whitespace-normal\">Marta F\u00e0bregas<\/span><\/span><\/strong> , impulsora y directora <em data-start=\"1073\" data-end=\"1097\">.<\/em><\/span><\/p>\n<div class=\"w-gallery fit_cover wp_gallery type_grid action_popup_image ratio_1x1 count_5\" style=\"--columns:3;--items-gap:8px;\"><div class=\"w-gallery-list\"><div class=\"w-gallery-item\"><div class=\"w-gallery-item-img\"><img loading=\"lazy\" decoding=\"async\" width=\"300\" height=\"300\" src=\"https:\/\/fundaciosetba.org\/wp-content\/uploads\/2026\/02\/IMG_9225-300x300.jpeg\" class=\"attachment-woocommerce_thumbnail size-woocommerce_thumbnail\" alt=\"\" srcset=\"https:\/\/fundaciosetba.org\/wp-content\/uploads\/2026\/02\/IMG_9225-300x300.jpeg 300w, https:\/\/fundaciosetba.org\/wp-content\/uploads\/2026\/02\/IMG_9225-150x150.jpeg 150w\" sizes=\"auto, (max-width: 300px) 100vw, 300px\" \/><\/div><a class=\"w-gallery-item-link\" aria-label=\"IMG_9225\" href=\"https:\/\/fundaciosetba.org\/wp-content\/uploads\/2026\/02\/IMG_9225.jpeg\" title=\"IMG_9225\"><\/a><\/div><div class=\"w-gallery-item\"><div class=\"w-gallery-item-img\"><img loading=\"lazy\" decoding=\"async\" width=\"300\" height=\"300\" src=\"https:\/\/fundaciosetba.org\/wp-content\/uploads\/2026\/02\/IMG_9237-300x300.jpeg\" class=\"attachment-woocommerce_thumbnail size-woocommerce_thumbnail\" alt=\"\" srcset=\"https:\/\/fundaciosetba.org\/wp-content\/uploads\/2026\/02\/IMG_9237-300x300.jpeg 300w, https:\/\/fundaciosetba.org\/wp-content\/uploads\/2026\/02\/IMG_9237-150x150.jpeg 150w\" sizes=\"auto, (max-width: 300px) 100vw, 300px\" \/><\/div><a class=\"w-gallery-item-link\" aria-label=\"IMG_9237\" href=\"https:\/\/fundaciosetba.org\/wp-content\/uploads\/2026\/02\/IMG_9237.jpeg\" title=\"IMG_9237\"><\/a><\/div><div class=\"w-gallery-item\"><div class=\"w-gallery-item-img\"><img loading=\"lazy\" decoding=\"async\" width=\"300\" height=\"300\" src=\"https:\/\/fundaciosetba.org\/wp-content\/uploads\/2026\/02\/IMG_6869-300x300.jpeg\" class=\"attachment-woocommerce_thumbnail size-woocommerce_thumbnail\" alt=\"\" srcset=\"https:\/\/fundaciosetba.org\/wp-content\/uploads\/2026\/02\/IMG_6869-300x300.jpeg 300w, https:\/\/fundaciosetba.org\/wp-content\/uploads\/2026\/02\/IMG_6869-150x150.jpeg 150w\" sizes=\"auto, (max-width: 300px) 100vw, 300px\" \/><\/div><a class=\"w-gallery-item-link\" aria-label=\"IMG_6869\" href=\"https:\/\/fundaciosetba.org\/wp-content\/uploads\/2026\/02\/IMG_6869.jpeg\" title=\"IMG_6869\"><\/a><\/div><div class=\"w-gallery-item\"><div class=\"w-gallery-item-img\"><img loading=\"lazy\" decoding=\"async\" width=\"300\" height=\"300\" src=\"https:\/\/fundaciosetba.org\/wp-content\/uploads\/2026\/02\/IMG_6887-300x300.jpeg\" class=\"attachment-woocommerce_thumbnail size-woocommerce_thumbnail\" alt=\"\" srcset=\"https:\/\/fundaciosetba.org\/wp-content\/uploads\/2026\/02\/IMG_6887-300x300.jpeg 300w, https:\/\/fundaciosetba.org\/wp-content\/uploads\/2026\/02\/IMG_6887-150x150.jpeg 150w\" sizes=\"auto, (max-width: 300px) 100vw, 300px\" \/><\/div><a class=\"w-gallery-item-link\" aria-label=\"IMG_6887\" href=\"https:\/\/fundaciosetba.org\/wp-content\/uploads\/2026\/02\/IMG_6887.jpeg\" title=\"IMG_6887\"><\/a><\/div><div class=\"w-gallery-item\"><div class=\"w-gallery-item-img\"><img loading=\"lazy\" decoding=\"async\" width=\"300\" height=\"300\" src=\"https:\/\/fundaciosetba.org\/wp-content\/uploads\/2026\/02\/WhatsApp-Im-1-300x300.jpeg\" class=\"attachment-woocommerce_thumbnail size-woocommerce_thumbnail\" alt=\"\" srcset=\"https:\/\/fundaciosetba.org\/wp-content\/uploads\/2026\/02\/WhatsApp-Im-1-300x300.jpeg 300w, https:\/\/fundaciosetba.org\/wp-content\/uploads\/2026\/02\/WhatsApp-Im-1-150x150.jpeg 150w\" sizes=\"auto, (max-width: 300px) 100vw, 300px\" \/><\/div><a class=\"w-gallery-item-link\" aria-label=\"WhatsApp Im (1)\" href=\"https:\/\/fundaciosetba.org\/wp-content\/uploads\/2026\/02\/WhatsApp-Im-1.jpeg\" title=\"WhatsApp Im (1)\"><\/a><\/div><\/div><\/div>\n<p><span>Durante el acto, que tuvo lugar en el Real C\u00edrculo Art\u00edstico, se reflexion\u00f3 sobre la realidad de las mujeres en las prisiones, la fuerza del feminismo y el papel transformador de la cultura en el bienestar emocional y la autoestima de las mujeres internas.<br \/>\n<\/span><\/p>\n<p><span>Wad-Ras. Mujeres invisibles es una <strong>obra colectiva y transformadora que da visibilidad a las vidas, miradas e historias de las internas del Centro Penitenciario de Mujeres de Barcelona<\/strong> mediante la fotograf\u00eda y la palabra. <\/span><\/p>\n<p><span>Este libro es el resultado de tres a\u00f1os de talleres de fotograf\u00eda en el centro penitenciario, dentro del proyecto Traspasando el objetivo, liderado por el artista Marta F\u00e0bregas, con el apoyo de fot\u00f3grafas como Sandra Balsells (Premio Ortega y Gasset 2006), Tanit Plana (Descubrimientos PHotoEspa\u00f1a 2002) y Laia Abril (Premio Nacional de Fotograf\u00eda 2023). A trav\u00e9s de retratos, autorretratos y reportajes fotogr\u00e1ficos, las mujeres participantes se convierten en autoras de su propio relato, rompiendo el estigma y reivindicando la cultura como herramienta de empoderamiento y reinserci\u00f3n.<\/span><\/p>\n<div class=\"text-base my-auto mx-auto [--thread-content-margin:--spacing(4)] @w-sm\/main:[--thread-content-margin:--spacing(6)] @w-lg\/main:[--thread-content-margin:--spacing(16)] px-(--thread-content-margin)\">\n<div class=\"[--thread-content-max-width:40rem] @w-lg\/main:[--thread-content-max-width:48rem] mx-auto max-w-(--thread-content-max-width) flex-1 group\/turn-messages focus-visible:outline-hidden relative flex w-full min-w-0 flex-col agent-turn\" tabindex=\"-1\">\n<div class=\"flex max-w-full flex-col grow\">\n<div class=\"min-h-8 text-message relative flex w-full flex-col items-end gap-2 text-start break-words whitespace-normal [.text-message+&amp;]:mt-1\" dir=\"auto\" data-message-author-role=\"assistant\" data-message-id=\"10e2d1d2-b90f-4245-9221-740881ea9ee4\" data-message-model-slug=\"gpt-5-2\">\n<div class=\"flex w-full flex-col gap-1 empty:hidden first:pt-[1px]\">\n<div class=\"markdown prose dark:prose-invert w-full wrap-break-word light markdown-new-styling\">\n<p data-start=\"2619\" data-end=\"2836\" data-is-last-node=\"\" data-is-only-node=\"\">La cultura nos ayuda a avanzar como sociedad y, a menudo, tambi\u00e9n nos salva. El fotolibro presentado ayer es una muestra peque\u00f1a pero poderosa: un trabajo colectivo que pone luz a lo que demasiado a menudo permanece invisible. <\/p>\n<\/div>\n<\/div>\n<\/div>\n<\/div>\n<div class=\"z-0 flex min-h-[46px] justify-start\"><\/div>\n<\/div>\n<\/div>\n<div class=\"w-gallery fit_cover wp_gallery type_grid action_popup_image ratio_1x1 count_3\" style=\"--columns:3;--items-gap:8px;\"><div class=\"w-gallery-list\"><div class=\"w-gallery-item\"><div class=\"w-gallery-item-img\"><img loading=\"lazy\" decoding=\"async\" width=\"300\" height=\"300\" src=\"https:\/\/fundaciosetba.org\/wp-content\/uploads\/2026\/02\/Copyright_Marta-Fabregas-4-300x300.jpg\" class=\"attachment-woocommerce_thumbnail size-woocommerce_thumbnail\" alt=\"\" srcset=\"https:\/\/fundaciosetba.org\/wp-content\/uploads\/2026\/02\/Copyright_Marta-Fabregas-4-300x300.jpg 300w, https:\/\/fundaciosetba.org\/wp-content\/uploads\/2026\/02\/Copyright_Marta-Fabregas-4-1024x1024.jpg 1024w, https:\/\/fundaciosetba.org\/wp-content\/uploads\/2026\/02\/Copyright_Marta-Fabregas-4-150x150.jpg 150w, https:\/\/fundaciosetba.org\/wp-content\/uploads\/2026\/02\/Copyright_Marta-Fabregas-4-100x100.jpg 100w, https:\/\/fundaciosetba.org\/wp-content\/uploads\/2026\/02\/Copyright_Marta-Fabregas-4-400x400.jpg 400w, https:\/\/fundaciosetba.org\/wp-content\/uploads\/2026\/02\/Copyright_Marta-Fabregas-4-600x600.jpg 600w, https:\/\/fundaciosetba.org\/wp-content\/uploads\/2026\/02\/Copyright_Marta-Fabregas-4.jpg 2000w\" sizes=\"auto, (max-width: 300px) 100vw, 300px\" \/><\/div><div class=\"w-gallery-item-meta\"><div class=\"w-gallery-item-title\">Copyright_Marta F\u00e0bregas (4)<\/div><\/div><a class=\"w-gallery-item-link\" aria-label=\"Copyright_Marta F\u00e0bregas (4)\" href=\"https:\/\/fundaciosetba.org\/wp-content\/uploads\/2026\/02\/Copyright_Marta-Fabregas-4.jpg\" title=\"Copyright_Marta F\u00e0bregas (4)\"><\/a><\/div><div class=\"w-gallery-item\"><div class=\"w-gallery-item-img\"><img loading=\"lazy\" decoding=\"async\" width=\"300\" height=\"300\" src=\"https:\/\/fundaciosetba.org\/wp-content\/uploads\/2026\/02\/Copyright_Marta-Fabregas-7-300x300.jpg\" class=\"attachment-woocommerce_thumbnail size-woocommerce_thumbnail\" alt=\"\" srcset=\"https:\/\/fundaciosetba.org\/wp-content\/uploads\/2026\/02\/Copyright_Marta-Fabregas-7-300x300.jpg 300w, https:\/\/fundaciosetba.org\/wp-content\/uploads\/2026\/02\/Copyright_Marta-Fabregas-7-150x150.jpg 150w\" sizes=\"auto, (max-width: 300px) 100vw, 300px\" \/><\/div><div class=\"w-gallery-item-meta\"><div class=\"w-gallery-item-title\">Copyright_Marta F\u00e0bregas (7)<\/div><\/div><a class=\"w-gallery-item-link\" aria-label=\"Copyright_Marta F\u00e0bregas (7)\" href=\"https:\/\/fundaciosetba.org\/wp-content\/uploads\/2026\/02\/Copyright_Marta-Fabregas-7-scaled.jpg\" title=\"Copyright_Marta F\u00e0bregas (7)\"><\/a><\/div><div class=\"w-gallery-item\"><div class=\"w-gallery-item-img\"><img loading=\"lazy\" decoding=\"async\" width=\"300\" height=\"300\" src=\"https:\/\/fundaciosetba.org\/wp-content\/uploads\/2026\/02\/Copyright_Marta-Fabregas-8-300x300.jpg\" class=\"attachment-woocommerce_thumbnail size-woocommerce_thumbnail\" alt=\"\" srcset=\"https:\/\/fundaciosetba.org\/wp-content\/uploads\/2026\/02\/Copyright_Marta-Fabregas-8-300x300.jpg 300w, https:\/\/fundaciosetba.org\/wp-content\/uploads\/2026\/02\/Copyright_Marta-Fabregas-8-150x150.jpg 150w\" sizes=\"auto, (max-width: 300px) 100vw, 300px\" \/><\/div><div class=\"w-gallery-item-meta\"><div class=\"w-gallery-item-title\">Copyright_Marta F\u00e0bregas (8)<\/div><\/div><a class=\"w-gallery-item-link\" aria-label=\"Copyright_Marta F\u00e0bregas (8)\" href=\"https:\/\/fundaciosetba.org\/wp-content\/uploads\/2026\/02\/Copyright_Marta-Fabregas-8-scaled.jpg\" title=\"Copyright_Marta F\u00e0bregas (8)\"><\/a><\/div><\/div><\/div>\n","protected":false},"excerpt":{"rendered":"<p>Este libro es el resultado de tres a\u00f1os de talleres de fotograf\u00eda en el centro penitenciario, dentro del proyecto Traspasando el objetivo, liderado por el artista Marta F\u00e0bregas, con el apoyo de fot\u00f3grafas como Sandra Balsells (Premio Ortega y Gasset 2006), Tanit Plana (Descubrimientos PHotoEspa\u00f1a 2002) y Laia Abril (Premio Nacional de Fotograf\u00eda 2023).<\/p>\n","protected":false},"author":1,"featured_media":41640,"comment_status":"closed","ping_status":"closed","sticky":false,"template":"","format":"standard","meta":{"footnotes":""},"categories":[1350],"tags":[],"class_list":["post-41624","post","type-post","status-publish","format-standard","has-post-thumbnail","hentry","category-traspasando-el-objetivo-es"],"_links":{"self":[{"href":"https:\/\/fundaciosetba.org\/es\/wp-json\/wp\/v2\/posts\/41624","targetHints":{"allow":["GET"]}}],"collection":[{"href":"https:\/\/fundaciosetba.org\/es\/wp-json\/wp\/v2\/posts"}],"about":[{"href":"https:\/\/fundaciosetba.org\/es\/wp-json\/wp\/v2\/types\/post"}],"author":[{"embeddable":true,"href":"https:\/\/fundaciosetba.org\/es\/wp-json\/wp\/v2\/users\/1"}],"replies":[{"embeddable":true,"href":"https:\/\/fundaciosetba.org\/es\/wp-json\/wp\/v2\/comments?post=41624"}],"version-history":[{"count":1,"href":"https:\/\/fundaciosetba.org\/es\/wp-json\/wp\/v2\/posts\/41624\/revisions"}],"predecessor-version":[{"id":41647,"href":"https:\/\/fundaciosetba.org\/es\/wp-json\/wp\/v2\/posts\/41624\/revisions\/41647"}],"wp:featuredmedia":[{"embeddable":true,"href":"https:\/\/fundaciosetba.org\/es\/wp-json\/wp\/v2\/media\/41640"}],"wp:attachment":[{"href":"https:\/\/fundaciosetba.org\/es\/wp-json\/wp\/v2\/media?parent=41624"}],"wp:term":[{"taxonomy":"category","embeddable":true,"href":"https:\/\/fundaciosetba.org\/es\/wp-json\/wp\/v2\/categories?post=41624"},{"taxonomy":"post_tag","embeddable":true,"href":"https:\/\/fundaciosetba.org\/es\/wp-json\/wp\/v2\/tags?post=41624"}],"curies":[{"name":"wp","href":"https:\/\/api.w.org\/{rel}","templated":true}]}}