{"id":41749,"date":"2026-02-19T13:11:26","date_gmt":"2026-02-19T12:11:26","guid":{"rendered":"https:\/\/fundaciosetba.org\/los-artistas-jaume-amigo-y-olga-tragant-lideraran-el-primer-natura-es-cultura-en-lleida\/"},"modified":"2026-02-19T13:11:26","modified_gmt":"2026-02-19T12:11:26","slug":"los-artistas-jaume-amigo-y-olga-tragant-lideraran-el-primer-natura-es-cultura-en-lleida","status":"publish","type":"post","link":"https:\/\/fundaciosetba.org\/es\/los-artistas-jaume-amigo-y-olga-tragant-lideraran-el-primer-natura-es-cultura-en-lleida\/","title":{"rendered":"Los artistas Jaume Amig\u00f3 y Olga Tragant liderar\u00e1n el primer &#8220;Natura es Cultura&#8221; en Lleida"},"content":{"rendered":"<p>Natura es Cultura es un proyecto de respiro art\u00edstico que ofrece a personas que conviven con problemas de salud mental la posibilidad de participar en talleres art\u00edsticos y actividades de conciencia medioambiental en un entorno natural durante una semana .<\/p>\n<p>El proyecto est\u00e1 dirigido por el artista <strong>Quim Moya<\/strong> y, en Lleida, ser\u00e1 impulsado por <strong>Jaume Amig\u00f3 y Olga Tragant<\/strong> en el Espacio comunitario La Bassa, situado en Sant Mart\u00ed de Mald\u00e0.<\/p>\n<p>El objetivo principal del proyecto es contribuir a la mejora de la calidad de vida de las personas que conviven con trastornos mentales , fomentar su bienestar emocional y f\u00edsico y desestigmatizar la enfermedad mental, promoviendo la sensibilizaci\u00f3n social y, especialmente, entre la poblaci\u00f3n joven con una actividad pedag\u00f3gica que llevamos a cabo dentro del proyecto con institutos del territorio.<\/p>\n<p><strong>La estancia de <em>Naturaleza es Cultura<\/em> en Lleida tendr\u00e1 lugar del 27 de abril al 1 de mayo de 2026<\/strong> . Durante esta semana, las dos entidades de salud mental seleccionadas se alojar\u00e1n en la casa rural La Fiesta de los Sentidos y desarrollar\u00e1n las actividades art\u00edsticas y comunitarias en el <strong>Espai La Bassa<\/strong> . El 1 de mayo, las personas participantes podr\u00e1n tomar parte en actividades del <strong>Festival GarGar de Penelles<\/strong> , estableciendo un di\u00e1logo entre el proyecto y el tejido cultural del territorio.  <\/p>\n<p><strong>Plazo de presentaci\u00f3n:<\/strong><br \/>\n Las entidades interesadas deben presentar su solicitud antes del <strong>lunes 23 de febrero de 2026 a las 17:00 h:<\/strong> <a href=\"https:\/\/fundaciosetba.org\/es\/?page_id=41165\">https:\/\/fundaciosetba.org\/natura-es-cultura-lleida-2026\/<\/a><\/p>\n<h4>Los artistas<\/h4>\n<p><img loading=\"lazy\" decoding=\"async\" class=\"alignleft wp-image-41739 size-us_600_400\" src=\"https:\/\/fundaciosetba.org\/wp-content\/uploads\/2026\/02\/IMG_0387-533x400.jpg\" alt=\"\" width=\"533\" height=\"400\" srcset=\"https:\/\/fundaciosetba.org\/wp-content\/uploads\/2026\/02\/IMG_0387-533x400.jpg 533w, https:\/\/fundaciosetba.org\/wp-content\/uploads\/2026\/02\/IMG_0387-300x225.jpg 300w, https:\/\/fundaciosetba.org\/wp-content\/uploads\/2026\/02\/IMG_0387-1024x768.jpg 1024w, https:\/\/fundaciosetba.org\/wp-content\/uploads\/2026\/02\/IMG_0387-133x100.jpg 133w, https:\/\/fundaciosetba.org\/wp-content\/uploads\/2026\/02\/IMG_0387-600x450.jpg 600w\" sizes=\"auto, (max-width: 533px) 100vw, 533px\" \/><\/p>\n<p><strong>Jaume Amig\u00f3<\/strong> curs\u00f3 estudios de grabado y estampaci\u00f3n en la Lonja de Barcelona. Fiel a una vocaci\u00f3n temprana, Amig\u00f3 ha desarrollado a lo largo de los a\u00f1os, de forma autodid\u00e1ctica, un lenguaje pict\u00f3rico propio y profundamente personal, estrechamente vinculado a la naturaleza, a sus procesos de transformaci\u00f3n, a la tierra ya los elementos. <\/p>\n<p>Paralelamente a la pintura, ha realizado incursiones en la escultura, la cer\u00e1mica y el grabado, as\u00ed como trabajos de escenograf\u00eda para danza y teatro, para volver siempre a la pintura como eje central de su pr\u00e1ctica art\u00edstica.<\/p>\n<p>Con casa y taller en la Encina de Ribelles, en el Noguera, Jaume Amig\u00f3 ha viajado por numerosos pa\u00edses de Europa, Marruecos y diversas regiones de Asia. Desde hace m\u00e1s de treinta a\u00f1os mantiene una relaci\u00f3n continua con Jap\u00f3n, pa\u00eds que visita a menudo. Ha participado en numerosas exposiciones y en distintas residencias art\u00edsticas.  <\/p>\n<p>&nbsp;<\/p>\n<p><img loading=\"lazy\" decoding=\"async\" class=\"alignleft wp-image-41740 size-us_600_400\" src=\"https:\/\/fundaciosetba.org\/wp-content\/uploads\/2026\/02\/MG_8318retallada-copia-500x400.jpg\" alt=\"\" width=\"500\" height=\"400\" srcset=\"https:\/\/fundaciosetba.org\/wp-content\/uploads\/2026\/02\/MG_8318retallada-copia-500x400.jpg 500w, https:\/\/fundaciosetba.org\/wp-content\/uploads\/2026\/02\/MG_8318retallada-copia-300x240.jpg 300w, https:\/\/fundaciosetba.org\/wp-content\/uploads\/2026\/02\/MG_8318retallada-copia-1024x820.jpg 1024w, https:\/\/fundaciosetba.org\/wp-content\/uploads\/2026\/02\/MG_8318retallada-copia-125x100.jpg 125w, https:\/\/fundaciosetba.org\/wp-content\/uploads\/2026\/02\/MG_8318retallada-copia-600x480.jpg 600w\" sizes=\"auto, (max-width: 500px) 100vw, 500px\" \/><\/p>\n<p><strong>Olga Tragant<\/strong> est\u00e1 formada en danza contempor\u00e1nea, improvisaci\u00f3n y creaci\u00f3n en Estados Unidos (Universidad de Illinois, en Nueva York) y en Amsterdam (School for New Dance Development), obtiene un M\u00e1ster en Psicolog\u00eda del Deporte en EE.UU. y es licenciada en Ciencias de la Actividad F\u00edsica y el Deporte por la Universidad de la Universidad de Barcelona.<\/p>\n<p>Cuenta con m\u00e1s de 30 a\u00f1os de experiencia en la docencia de danza contempor\u00e1nea, movimiento creativo, improvisaci\u00f3n, anatom\u00eda aplicada al movimiento y m\u00e9todo Feldenkrais\u00ae. Ha impartido talleres y procesos pedag\u00f3gicos con colectivos con diversidad funcional y con problemas de salud mental, colaborando, entre otros, con la Fundaci\u00f3 Alba de T\u00e0rrega. <\/p>\n<p>Paralelamente a su trayectoria art\u00edstica, profundiza en el estudio de la anatom\u00eda para el movimiento con Blandine Calais y se convierte en profesora acreditada del M\u00e9todo Feldenkrais\u00ae (Autoconciencia a trav\u00e9s del Movimiento) por la International Feldenkrais Federation\u00ae.<\/p>\n<p>Como creadora e int\u00e9rprete, ha desarrollado su actividad art\u00edstica durante muchos a\u00f1os en Catalu\u00f1a y en el Estado espa\u00f1ol, as\u00ed como en varios pa\u00edses europeos, en Estados Unidos, Jap\u00f3n, M\u00e9xico y Marruecos.<\/p>\n<p>Es directora del espacio tragantDansa, con sedes en Barcelona y en Alzina (tragantCamp), en la comarca de la Noguera, y crea y dirige el festival NATURES, un proyecto que vincula danza y land art en entornos rurales.<\/p>\n<p><img loading=\"lazy\" decoding=\"async\" class=\"aligncenter wp-image-41743 size-full\" src=\"https:\/\/fundaciosetba.org\/wp-content\/uploads\/2026\/02\/Post-xarxes-XV-Natura-es-Cultura.png\" alt=\"\" width=\"1081\" height=\"1351\" srcset=\"https:\/\/fundaciosetba.org\/wp-content\/uploads\/2026\/02\/Post-xarxes-XV-Natura-es-Cultura.png 1081w, https:\/\/fundaciosetba.org\/wp-content\/uploads\/2026\/02\/Post-xarxes-XV-Natura-es-Cultura-240x300.png 240w, https:\/\/fundaciosetba.org\/wp-content\/uploads\/2026\/02\/Post-xarxes-XV-Natura-es-Cultura-819x1024.png 819w, https:\/\/fundaciosetba.org\/wp-content\/uploads\/2026\/02\/Post-xarxes-XV-Natura-es-Cultura-80x100.png 80w, https:\/\/fundaciosetba.org\/wp-content\/uploads\/2026\/02\/Post-xarxes-XV-Natura-es-Cultura-320x400.png 320w, https:\/\/fundaciosetba.org\/wp-content\/uploads\/2026\/02\/Post-xarxes-XV-Natura-es-Cultura-600x750.png 600w\" sizes=\"auto, (max-width: 1081px) 100vw, 1081px\" \/><\/p>\n<p>&nbsp;<\/p>\n<p>Este proyecto est\u00e1 organizado por la Fundaci\u00f3n Setba con el patrocinio de Bizcabar Servicios Inmobiliarios, con la colaboraci\u00f3n de Conservatorio de M\u00fasica Isaac Alb\u00e9niz de la Diputaci\u00f3n de Girona y el Consorcio de las Gavarres y con el apoyo de la Asociaci\u00f3n Alba, Cal Gras, Can Gich, Cocarmi, Conservatorio del Liceo, Festival Art &amp; Gavarres Balsa y la Fiesta de los Sentidos.<\/p>\n","protected":false},"excerpt":{"rendered":"<p>El objetivo principal del proyecto es contribuir a la mejora de la calidad de vida de las personas que conviven con trastornos mentales , fomentar su bienestar emocional y f\u00edsico y desestigmatizar la enfermedad mental, promoviendo la sensibilizaci\u00f3n social y, especialmente, entre la poblaci\u00f3n joven con una actividad pedag\u00f3gica que llevamos a cabo dentro del proyecto con institutos del territorio.<\/p>\n","protected":false},"author":1,"featured_media":41748,"comment_status":"closed","ping_status":"closed","sticky":false,"template":"","format":"standard","meta":{"footnotes":""},"categories":[1355],"tags":[],"class_list":["post-41749","post","type-post","status-publish","format-standard","has-post-thumbnail","hentry","category-naturaleza-es-cultura"],"_links":{"self":[{"href":"https:\/\/fundaciosetba.org\/es\/wp-json\/wp\/v2\/posts\/41749","targetHints":{"allow":["GET"]}}],"collection":[{"href":"https:\/\/fundaciosetba.org\/es\/wp-json\/wp\/v2\/posts"}],"about":[{"href":"https:\/\/fundaciosetba.org\/es\/wp-json\/wp\/v2\/types\/post"}],"author":[{"embeddable":true,"href":"https:\/\/fundaciosetba.org\/es\/wp-json\/wp\/v2\/users\/1"}],"replies":[{"embeddable":true,"href":"https:\/\/fundaciosetba.org\/es\/wp-json\/wp\/v2\/comments?post=41749"}],"version-history":[{"count":0,"href":"https:\/\/fundaciosetba.org\/es\/wp-json\/wp\/v2\/posts\/41749\/revisions"}],"wp:featuredmedia":[{"embeddable":true,"href":"https:\/\/fundaciosetba.org\/es\/wp-json\/wp\/v2\/media\/41748"}],"wp:attachment":[{"href":"https:\/\/fundaciosetba.org\/es\/wp-json\/wp\/v2\/media?parent=41749"}],"wp:term":[{"taxonomy":"category","embeddable":true,"href":"https:\/\/fundaciosetba.org\/es\/wp-json\/wp\/v2\/categories?post=41749"},{"taxonomy":"post_tag","embeddable":true,"href":"https:\/\/fundaciosetba.org\/es\/wp-json\/wp\/v2\/tags?post=41749"}],"curies":[{"name":"wp","href":"https:\/\/api.w.org\/{rel}","templated":true}]}}