{"id":41764,"date":"2026-03-05T11:11:51","date_gmt":"2026-03-05T10:11:51","guid":{"rendered":"https:\/\/fundaciosetba.org\/la-exposicion-dona-fotografia-preso-llega-al-cc-ateneu-fort-pienc-en-el-marco-del-ciclo-8m\/"},"modified":"2026-03-10T12:42:30","modified_gmt":"2026-03-10T11:42:30","slug":"la-exposicion-dona-fotografia-preso-llega-al-cc-ateneu-fort-pienc-en-el-marco-del-ciclo-8m","status":"publish","type":"post","link":"https:\/\/fundaciosetba.org\/es\/la-exposicion-dona-fotografia-preso-llega-al-cc-ateneu-fort-pienc-en-el-marco-del-ciclo-8m\/","title":{"rendered":"La exposici\u00f3n Dona, fotografia, pres\u00f3 llega al CC Ateneu Fort Pienc en el marco del ciclo 8M"},"content":{"rendered":"<p><span>En el marco de la programaci\u00f3n del 8 de marzo, el Centro C\u00edvico Ateneu Fort Pienc acoge la exposici\u00f3n <em>Dona, fotografia, pres\u00f3<\/em> , una muestra integrada por <strong>catorce fotograf\u00edas realizadas por mujeres internas de diversos centros penitenciarios de Catalu\u00f1a<\/strong> , dentro del proyecto <em>Traspasando el objetivo<\/em> de la Fundaci\u00f3n Setba.<\/span><\/p>\n<p><span>La exposici\u00f3n recoge el <strong>resultado de un programa de mentor\u00edas personalizadas<\/strong> , dentro del proyecto, <strong>por fot\u00f3grafas de reconocido prestigio<\/strong> como Laia Abril, Sandra Balsells, Marta F\u00e1bregas, Laura G\u00e1lvez-Rhein, Tanit Plana, Lurdes R. Basol\u00ed y Iolanda Seb\u00e9.<\/span><\/p>\n<p><span>La exposici\u00f3n, que se inaugur\u00f3 el a\u00f1o pasado en el PhotoForum Fest y en el Festival Internacional de fotograf\u00eda Lum\u00ednic, <strong>se podr\u00e1 visitar en el CC Ateneu Fort Pienc del 10 de marzo al 10 de abril<\/strong> . <\/span><\/p>\n<p><span>En el marco de la muestra, el <strong>martes 17 de marzo a las 19 horas, se presentar\u00e1 el nuevo fotolibro<\/strong> del proyecto, dedicado a la \u00fanica c\u00e1rcel exclusivamente de mujeres de Catalu\u00f1a: <em>Wad-Ras. Dones invisibles <\/em>.<\/span><\/p>\n<p><img loading=\"lazy\" decoding=\"async\" class=\"aligncenter wp-image-41754 size-full\" src=\"https:\/\/fundaciosetba.org\/wp-content\/uploads\/2026\/03\/Fort_Pienc_WAD-RAS-1.jpg\" alt=\"\" width=\"596\" height=\"843\" srcset=\"https:\/\/fundaciosetba.org\/wp-content\/uploads\/2026\/03\/Fort_Pienc_WAD-RAS-1.jpg 596w, https:\/\/fundaciosetba.org\/wp-content\/uploads\/2026\/03\/Fort_Pienc_WAD-RAS-1-212x300.jpg 212w, https:\/\/fundaciosetba.org\/wp-content\/uploads\/2026\/03\/Fort_Pienc_WAD-RAS-1-71x100.jpg 71w, https:\/\/fundaciosetba.org\/wp-content\/uploads\/2026\/03\/Fort_Pienc_WAD-RAS-1-283x400.jpg 283w\" sizes=\"auto, (max-width: 596px) 100vw, 596px\" \/><\/p>\n<p><span>Una obra colectiva y transformadora que da visibilidad a las vidas, miradas e historias de las internas del Centro Penitenciario de Mujeres de Barcelona mediante la fotograf\u00eda y la palabra. Este libro es el <strong>resultado de tres a\u00f1os de talleres de fotograf\u00eda<\/strong> en el centro penitenciario y cuenta con un <strong>reportaje de la fotoperiodista Sandra Balsells.<\/strong> <\/span><\/p>\n<p><span> <\/span><span>En el acto participar\u00e1n:<\/span><\/p>\n<p><strong><span>&#8211; Marta F\u00e0bregas<\/span><\/strong> <span>, fot\u00f3grafa y mentora del proyecto<\/span><\/p>\n<p><strong><span>&#8211; Naty SG.,<\/span><\/strong> <span>exparticipante del proyecto y autora de una de las fotograf\u00edas expuestas<\/span><\/p>\n<p><span> <\/span><em><span>Wad-Ras. Mujeres Invisibles <\/span><\/em><span>  es el segundo volumen de la colecci\u00f3n <em>Mujeres Invisibles<\/em> y est\u00e1 editado por Lum\u00ednic y la Fundaci\u00f3 Setba. La edici\u00f3n rinde homenaje a Bea D., una de las autoras del libro, asesinada por su pareja despu\u00e9s de obtener la libertad. <\/span><\/p>\n<p><span> <\/span><span>Adem\u00e1s de la presentaci\u00f3n en el CC Ateneu Fort Pienc, el fotolibro tambi\u00e9n se dar\u00e1 a conocer en el CC Pati Llimona el 12 de marzo a las 18:30 h, en un acto, organizado por Fotoconnexi\u00f3, que contar\u00e1 con la participaci\u00f3n de las fot\u00f3grafas Marta F\u00e0bregas, Sandra Balsells y Laura G\u00e1lvez-R.<\/span><\/p>\n<p><img loading=\"lazy\" decoding=\"async\" class=\"aligncenter size-us_600_400 wp-image-41755\" src=\"https:\/\/fundaciosetba.org\/wp-content\/uploads\/2026\/03\/WAD-RAS-PRESENTACIO-1-600x386.jpg\" alt=\"\" width=\"600\" height=\"386\" srcset=\"https:\/\/fundaciosetba.org\/wp-content\/uploads\/2026\/03\/WAD-RAS-PRESENTACIO-1-600x386.jpg 600w, https:\/\/fundaciosetba.org\/wp-content\/uploads\/2026\/03\/WAD-RAS-PRESENTACIO-1-300x193.jpg 300w, https:\/\/fundaciosetba.org\/wp-content\/uploads\/2026\/03\/WAD-RAS-PRESENTACIO-1-1024x658.jpg 1024w, https:\/\/fundaciosetba.org\/wp-content\/uploads\/2026\/03\/WAD-RAS-PRESENTACIO-1-150x96.jpg 150w, https:\/\/fundaciosetba.org\/wp-content\/uploads\/2026\/03\/WAD-RAS-PRESENTACIO-1.jpg 1500w\" sizes=\"auto, (max-width: 600px) 100vw, 600px\" \/><\/p>\n<p>&nbsp;<\/p>\n<p><em>Foto de portada de Naty SG.<\/em><\/p>\n","protected":false},"excerpt":{"rendered":"<p>En el marco de la muestra, el martes 17 de marzo a las 19 horas, se presentar\u00e1 el nuevo fotolibro del proyecto, dedicado a la \u00fanica c\u00e1rcel exclusivamente de mujeres de Catalu\u00f1a: Wad-Ras. Mujeres invisibles. <\/p>\n","protected":false},"author":1,"featured_media":41763,"comment_status":"closed","ping_status":"closed","sticky":false,"template":"","format":"standard","meta":{"footnotes":""},"categories":[1350],"tags":[],"class_list":["post-41764","post","type-post","status-publish","format-standard","has-post-thumbnail","hentry","category-traspasando-el-objetivo-es"],"_links":{"self":[{"href":"https:\/\/fundaciosetba.org\/es\/wp-json\/wp\/v2\/posts\/41764","targetHints":{"allow":["GET"]}}],"collection":[{"href":"https:\/\/fundaciosetba.org\/es\/wp-json\/wp\/v2\/posts"}],"about":[{"href":"https:\/\/fundaciosetba.org\/es\/wp-json\/wp\/v2\/types\/post"}],"author":[{"embeddable":true,"href":"https:\/\/fundaciosetba.org\/es\/wp-json\/wp\/v2\/users\/1"}],"replies":[{"embeddable":true,"href":"https:\/\/fundaciosetba.org\/es\/wp-json\/wp\/v2\/comments?post=41764"}],"version-history":[{"count":1,"href":"https:\/\/fundaciosetba.org\/es\/wp-json\/wp\/v2\/posts\/41764\/revisions"}],"predecessor-version":[{"id":41767,"href":"https:\/\/fundaciosetba.org\/es\/wp-json\/wp\/v2\/posts\/41764\/revisions\/41767"}],"wp:featuredmedia":[{"embeddable":true,"href":"https:\/\/fundaciosetba.org\/es\/wp-json\/wp\/v2\/media\/41763"}],"wp:attachment":[{"href":"https:\/\/fundaciosetba.org\/es\/wp-json\/wp\/v2\/media?parent=41764"}],"wp:term":[{"taxonomy":"category","embeddable":true,"href":"https:\/\/fundaciosetba.org\/es\/wp-json\/wp\/v2\/categories?post=41764"},{"taxonomy":"post_tag","embeddable":true,"href":"https:\/\/fundaciosetba.org\/es\/wp-json\/wp\/v2\/tags?post=41764"}],"curies":[{"name":"wp","href":"https:\/\/api.w.org\/{rel}","templated":true}]}}