{"id":41812,"date":"2026-03-20T13:04:17","date_gmt":"2026-03-20T12:04:17","guid":{"rendered":"https:\/\/fundaciosetba.org\/7-mujeres-10-sesiones-y-un-70-menos-de-malestar-emocional-en-brians-1\/"},"modified":"2026-03-20T13:04:17","modified_gmt":"2026-03-20T12:04:17","slug":"7-mujeres-10-sesiones-y-un-70-menos-de-malestar-emocional-en-brians-1","status":"publish","type":"post","link":"https:\/\/fundaciosetba.org\/es\/7-mujeres-10-sesiones-y-un-70-menos-de-malestar-emocional-en-brians-1\/","title":{"rendered":"7 mujeres, 10 sesiones y un 70% menos de malestar emocional en Brians 1"},"content":{"rendered":"<p>Del 20 de enero al 19 de marzo, el <strong>m\u00f3dulo de mujeres del centro penitenciario Brians 1<\/strong> volvi\u00f3 a llenarse de <strong>plat\u00f3s improvisados, c\u00e1maras y teor\u00eda fotogr\u00e1fica<\/strong> . La artista <strong>Marta F\u00e0bregas<\/strong> ha vuelto para compartir conocimientos, pero tambi\u00e9n para transformar \u2014aunque sea por unas horas\u2014 el espacio y las participantes. Porque la vida en prisi\u00f3n no es f\u00e1cil, y <strong><em>Traspasando el objetivo<\/em> se convierte, para muchas, en un peque\u00f1o oasis y un refugio.<\/strong>  <\/p>\n<p>A lo largo de 10 sesiones de hora y media, las participantes no s\u00f3lo aprenden fotograf\u00eda, sino tambi\u00e9n a mirarse \u2014ya mirar a las dem\u00e1s\u2014 desde otro lugar.  <strong>La c\u00e1mara se convierte en una herramienta para generar v\u00ednculos, abrir conversaciones distintas y, sobre todo, trabajar la autoestima.<\/strong><\/p>\n<h6><strong>&#8220;Mientras haces fotos te sientes libre&#8221; <span style=\"font-size: 16px;\">explica una de las participantes.<\/span> <\/strong><\/h6>\n<p>Una sensaci\u00f3n que se repite a lo largo del taller y que resume bien lo que ocurre dentro de este espacio: un lugar donde, por un rato, las din\u00e1micas del centro quedan en segundo plano.<\/p>\n<div class=\"w-gallery fit_cover wp_gallery type_grid action_popup_image ratio_1x1 count_6\" style=\"--columns:3;--items-gap:8px;\"><div class=\"w-gallery-list\"><div class=\"w-gallery-item\"><div class=\"w-gallery-item-img\"><img loading=\"lazy\" decoding=\"async\" width=\"300\" height=\"300\" src=\"https:\/\/fundaciosetba.org\/wp-content\/uploads\/2026\/03\/P1050586-2-2-300x300.jpg\" class=\"attachment-woocommerce_thumbnail size-woocommerce_thumbnail\" alt=\"\" srcset=\"https:\/\/fundaciosetba.org\/wp-content\/uploads\/2026\/03\/P1050586-2-2-300x300.jpg 300w, https:\/\/fundaciosetba.org\/wp-content\/uploads\/2026\/03\/P1050586-2-2-150x150.jpg 150w\" sizes=\"auto, (max-width: 300px) 100vw, 300px\" \/><\/div><a class=\"w-gallery-item-link\" aria-label=\"P1050586-2-2\" href=\"https:\/\/fundaciosetba.org\/wp-content\/uploads\/2026\/03\/P1050586-2-2.jpg\" title=\"P1050586-2-2\"><\/a><\/div><div class=\"w-gallery-item\"><div class=\"w-gallery-item-img\"><img loading=\"lazy\" decoding=\"async\" width=\"300\" height=\"300\" src=\"https:\/\/fundaciosetba.org\/wp-content\/uploads\/2026\/03\/P1120314-2-300x300.jpg\" class=\"attachment-woocommerce_thumbnail size-woocommerce_thumbnail\" alt=\"\" srcset=\"https:\/\/fundaciosetba.org\/wp-content\/uploads\/2026\/03\/P1120314-2-300x300.jpg 300w, https:\/\/fundaciosetba.org\/wp-content\/uploads\/2026\/03\/P1120314-2-150x150.jpg 150w\" sizes=\"auto, (max-width: 300px) 100vw, 300px\" \/><\/div><a class=\"w-gallery-item-link\" aria-label=\"P1120314-2\" href=\"https:\/\/fundaciosetba.org\/wp-content\/uploads\/2026\/03\/P1120314-2-scaled.jpg\" title=\"P1120314-2\"><\/a><\/div><div class=\"w-gallery-item\"><div class=\"w-gallery-item-img\"><img loading=\"lazy\" decoding=\"async\" width=\"300\" height=\"300\" src=\"https:\/\/fundaciosetba.org\/wp-content\/uploads\/2026\/03\/P9310671-300x300.jpg\" class=\"attachment-woocommerce_thumbnail size-woocommerce_thumbnail\" alt=\"\" srcset=\"https:\/\/fundaciosetba.org\/wp-content\/uploads\/2026\/03\/P9310671-300x300.jpg 300w, https:\/\/fundaciosetba.org\/wp-content\/uploads\/2026\/03\/P9310671-150x150.jpg 150w\" sizes=\"auto, (max-width: 300px) 100vw, 300px\" \/><\/div><a class=\"w-gallery-item-link\" aria-label=\"P9310671\" href=\"https:\/\/fundaciosetba.org\/wp-content\/uploads\/2026\/03\/P9310671-scaled.jpg\" title=\"P9310671\"><\/a><\/div><div class=\"w-gallery-item\"><div class=\"w-gallery-item-img\"><img loading=\"lazy\" decoding=\"async\" width=\"300\" height=\"300\" src=\"https:\/\/fundaciosetba.org\/wp-content\/uploads\/2026\/03\/2026_01_27_MAKING-OFF_02-2-300x300.jpg\" class=\"attachment-woocommerce_thumbnail size-woocommerce_thumbnail\" alt=\"\" srcset=\"https:\/\/fundaciosetba.org\/wp-content\/uploads\/2026\/03\/2026_01_27_MAKING-OFF_02-2-300x300.jpg 300w, https:\/\/fundaciosetba.org\/wp-content\/uploads\/2026\/03\/2026_01_27_MAKING-OFF_02-2-150x150.jpg 150w\" sizes=\"auto, (max-width: 300px) 100vw, 300px\" \/><\/div><a class=\"w-gallery-item-link\" aria-label=\"2026_01_27_MAKING OFF_02-2\" href=\"https:\/\/fundaciosetba.org\/wp-content\/uploads\/2026\/03\/2026_01_27_MAKING-OFF_02-2-scaled.jpg\" title=\"2026_01_27_MAKING OFF_02-2\"><\/a><\/div><div class=\"w-gallery-item\"><div class=\"w-gallery-item-img\"><img loading=\"lazy\" decoding=\"async\" width=\"300\" height=\"300\" src=\"https:\/\/fundaciosetba.org\/wp-content\/uploads\/2026\/03\/2026_01_29_MAKING-OFF_05-300x300.jpg\" class=\"attachment-woocommerce_thumbnail size-woocommerce_thumbnail\" alt=\"\" srcset=\"https:\/\/fundaciosetba.org\/wp-content\/uploads\/2026\/03\/2026_01_29_MAKING-OFF_05-300x300.jpg 300w, https:\/\/fundaciosetba.org\/wp-content\/uploads\/2026\/03\/2026_01_29_MAKING-OFF_05-150x150.jpg 150w\" sizes=\"auto, (max-width: 300px) 100vw, 300px\" \/><\/div><a class=\"w-gallery-item-link\" aria-label=\"2026_01_29_MAKING OFF_05\" href=\"https:\/\/fundaciosetba.org\/wp-content\/uploads\/2026\/03\/2026_01_29_MAKING-OFF_05.jpg\" title=\"2026_01_29_MAKING OFF_05\"><\/a><\/div><div class=\"w-gallery-item\"><div class=\"w-gallery-item-img\"><img loading=\"lazy\" decoding=\"async\" width=\"300\" height=\"300\" src=\"https:\/\/fundaciosetba.org\/wp-content\/uploads\/2026\/03\/P1140434-2-300x300.jpg\" class=\"attachment-woocommerce_thumbnail size-woocommerce_thumbnail\" alt=\"\" srcset=\"https:\/\/fundaciosetba.org\/wp-content\/uploads\/2026\/03\/P1140434-2-300x300.jpg 300w, https:\/\/fundaciosetba.org\/wp-content\/uploads\/2026\/03\/P1140434-2-150x150.jpg 150w\" sizes=\"auto, (max-width: 300px) 100vw, 300px\" \/><\/div><a class=\"w-gallery-item-link\" aria-label=\"P1140434-2\" href=\"https:\/\/fundaciosetba.org\/wp-content\/uploads\/2026\/03\/P1140434-2.jpg\" title=\"P1140434-2\"><\/a><\/div><\/div><\/div>\n<pre><em>Fotograf\u00edas de Nina Carn\u00e9<\/em><\/pre>\n<p>En Brians 1, Marta F\u00e0bregas ha contado con el apoyo de Nina Carn\u00e9, alumna en pr\u00e1cticas del Instituto de Estudios Fotogr\u00e1ficos, y con la <strong>visita de la fot\u00f3grafa invitada Adriana Lopez Sanfeliu<\/strong> para compartir su trabajo e impartir una clase magistral sobre fotograf\u00eda. Sanfeliu es narradora visual, fotoperiodista, fot\u00f3grafa documental y cineasta, centra su trabajo en la condici\u00f3n humana y en procesos de colaboraci\u00f3n a largo plazo con sus protagonistas. <\/p>\n<p><a href=\"https:\/\/fundaciosetba.org\/es\/meritxell-perpinya-adriana-lopez-sanfeliu-y-laura-galvez-rhein-se-incorporan-a-traspasando-el-objetivo\/\" target=\"_blank\" rel=\"noopener\">M\u00e1s informaci\u00f3n de Adriana Lopez Sanfeliu aqu\u00ed<\/a><\/p>\n<div class=\"w-gallery fit_cover wp_gallery type_grid action_popup_image ratio_1x1 count_3\" style=\"--columns:3;--items-gap:8px;\"><div class=\"w-gallery-list\"><div class=\"w-gallery-item\"><div class=\"w-gallery-item-img\"><img loading=\"lazy\" decoding=\"async\" width=\"300\" height=\"300\" src=\"https:\/\/fundaciosetba.org\/wp-content\/uploads\/2026\/03\/P1050449-300x300.jpg\" class=\"attachment-woocommerce_thumbnail size-woocommerce_thumbnail\" alt=\"\" srcset=\"https:\/\/fundaciosetba.org\/wp-content\/uploads\/2026\/03\/P1050449-300x300.jpg 300w, https:\/\/fundaciosetba.org\/wp-content\/uploads\/2026\/03\/P1050449-150x150.jpg 150w\" sizes=\"auto, (max-width: 300px) 100vw, 300px\" \/><\/div><a class=\"w-gallery-item-link\" aria-label=\"P1050449\" href=\"https:\/\/fundaciosetba.org\/wp-content\/uploads\/2026\/03\/P1050449.jpg\" title=\"P1050449\"><\/a><\/div><div class=\"w-gallery-item\"><div class=\"w-gallery-item-img\"><img loading=\"lazy\" decoding=\"async\" width=\"300\" height=\"300\" src=\"https:\/\/fundaciosetba.org\/wp-content\/uploads\/2026\/03\/P1050460-300x300.jpg\" class=\"attachment-woocommerce_thumbnail size-woocommerce_thumbnail\" alt=\"\" srcset=\"https:\/\/fundaciosetba.org\/wp-content\/uploads\/2026\/03\/P1050460-300x300.jpg 300w, https:\/\/fundaciosetba.org\/wp-content\/uploads\/2026\/03\/P1050460-150x150.jpg 150w\" sizes=\"auto, (max-width: 300px) 100vw, 300px\" \/><\/div><a class=\"w-gallery-item-link\" aria-label=\"P1050460\" href=\"https:\/\/fundaciosetba.org\/wp-content\/uploads\/2026\/03\/P1050460.jpg\" title=\"P1050460\"><\/a><\/div><div class=\"w-gallery-item\"><div class=\"w-gallery-item-img\"><img loading=\"lazy\" decoding=\"async\" width=\"300\" height=\"300\" src=\"https:\/\/fundaciosetba.org\/wp-content\/uploads\/2026\/03\/P1050465-300x300.jpg\" class=\"attachment-woocommerce_thumbnail size-woocommerce_thumbnail\" alt=\"\" srcset=\"https:\/\/fundaciosetba.org\/wp-content\/uploads\/2026\/03\/P1050465-300x300.jpg 300w, https:\/\/fundaciosetba.org\/wp-content\/uploads\/2026\/03\/P1050465-150x150.jpg 150w\" sizes=\"auto, (max-width: 300px) 100vw, 300px\" \/><\/div><a class=\"w-gallery-item-link\" aria-label=\"P1050465\" href=\"https:\/\/fundaciosetba.org\/wp-content\/uploads\/2026\/03\/P1050465.jpg\" title=\"P1050465\"><\/a><\/div><\/div><\/div>\n<pre><em>Fotograf\u00edas de Nina Carn\u00e9<\/em><\/pre>\n<p>Pero <em>Traspasando el objetivo<\/em> va m\u00e1s all\u00e1 de este centro: este a\u00f1o tambi\u00e9n se est\u00e1 desarrollando en la <span>Unidad de Intervenci\u00f3n Compensatoria<\/span> (UIC) de Brians 1\u2014con internas especialmente vulnerables\u2014, en el CP Ponent (Lleida) con <strong>Iolanda Seb\u00e9<\/strong> , y pr\u00f3ximamente llegar\u00e1 a Wad- <strong>Ras<\/strong> con <strong>Laura G\u00e1lvez-Rhein<\/strong> y, por primera vez en Mas Enric (Tarragona) <strong>Meritxell Perpiny\u00e0<\/strong> .<\/p>\n<p>Este a\u00f1o, han sido 7 las mujeres que han completado el curso con una asistencia muy alta, cerca del 91%, un dato que apunta al grado de compromiso e implicaci\u00f3n.<\/p>\n<p>Este impacto se refleja tambi\u00e9n en el aprendizaje t\u00e9cnico. Si en el inicio s\u00f3lo 4 de las participantes superaban la prueba de conocimientos, al final lo hacen todas, con una nota media que pasa del 4,28 al 8,14. Es decir, no s\u00f3lo se <strong>alcanza el 100% de aprobados<\/strong> , sino que el nivel global aumenta casi 4 puntos. M\u00e1s all\u00e1 de las cifras, este progreso tiene una traducci\u00f3n directa en la confianza: <strong>aprender a dominar la c\u00e1mara implica tambi\u00e9n perder el miedo a ponerse enfrente<\/strong> .   <\/p>\n<h6>&#8220;He aprendido a quererme m\u00e1s ya perder el miedo a lo que veo en la c\u00e1mara&#8221; comparte otra participante, poniendo palabras a este proceso de transformaci\u00f3n.<\/h6>\n<p>Pero los resultados m\u00e1s significativos se dan en el plano emocional. <strong>Las participantes muestran una mejora clara en su estado de \u00e1nimo<\/strong> , con un incremento de las emociones positivas y una notable reducci\u00f3n de las negativas. <strong>El malestar emocional disminuye de forma muy considerable \u2014cerca de un 70%<\/strong> \u2014 y la mayor\u00eda de las mujeres afirman sentirse mejor que al inicio del proyecto. Paralelamente, tambi\u00e9n se observa un aumento en la autoestima y la percepci\u00f3n de la propia imagen.   <\/p>\n<div class=\"w-gallery fit_cover wp_gallery type_grid action_popup_image ratio_1x1 count_4\" style=\"--columns:4;--items-gap:8px;\"><div class=\"w-gallery-list\"><div class=\"w-gallery-item\"><div class=\"w-gallery-item-img\"><img loading=\"lazy\" decoding=\"async\" width=\"300\" height=\"300\" src=\"https:\/\/fundaciosetba.org\/wp-content\/uploads\/2026\/03\/P9310684-300x300.jpg\" class=\"attachment-woocommerce_thumbnail size-woocommerce_thumbnail\" alt=\"\" srcset=\"https:\/\/fundaciosetba.org\/wp-content\/uploads\/2026\/03\/P9310684-300x300.jpg 300w, https:\/\/fundaciosetba.org\/wp-content\/uploads\/2026\/03\/P9310684-150x150.jpg 150w\" sizes=\"auto, (max-width: 300px) 100vw, 300px\" \/><\/div><a class=\"w-gallery-item-link\" aria-label=\"P9310684\" href=\"https:\/\/fundaciosetba.org\/wp-content\/uploads\/2026\/03\/P9310684-scaled.jpg\" title=\"P9310684\"><\/a><\/div><div class=\"w-gallery-item\"><div class=\"w-gallery-item-img\"><img loading=\"lazy\" decoding=\"async\" width=\"300\" height=\"300\" src=\"https:\/\/fundaciosetba.org\/wp-content\/uploads\/2026\/03\/P1140431-2-300x300.jpg\" class=\"attachment-woocommerce_thumbnail size-woocommerce_thumbnail\" alt=\"\" srcset=\"https:\/\/fundaciosetba.org\/wp-content\/uploads\/2026\/03\/P1140431-2-300x300.jpg 300w, https:\/\/fundaciosetba.org\/wp-content\/uploads\/2026\/03\/P1140431-2-150x150.jpg 150w\" sizes=\"auto, (max-width: 300px) 100vw, 300px\" \/><\/div><a class=\"w-gallery-item-link\" aria-label=\"P1140431-2\" href=\"https:\/\/fundaciosetba.org\/wp-content\/uploads\/2026\/03\/P1140431-2.jpg\" title=\"P1140431-2\"><\/a><\/div><div class=\"w-gallery-item\"><div class=\"w-gallery-item-img\"><img loading=\"lazy\" decoding=\"async\" width=\"300\" height=\"300\" src=\"https:\/\/fundaciosetba.org\/wp-content\/uploads\/2026\/03\/P9310698-2-300x300.jpg\" class=\"attachment-woocommerce_thumbnail size-woocommerce_thumbnail\" alt=\"\" srcset=\"https:\/\/fundaciosetba.org\/wp-content\/uploads\/2026\/03\/P9310698-2-300x300.jpg 300w, https:\/\/fundaciosetba.org\/wp-content\/uploads\/2026\/03\/P9310698-2-150x150.jpg 150w\" sizes=\"auto, (max-width: 300px) 100vw, 300px\" \/><\/div><a class=\"w-gallery-item-link\" aria-label=\"P9310698-2\" href=\"https:\/\/fundaciosetba.org\/wp-content\/uploads\/2026\/03\/P9310698-2-scaled.jpg\" title=\"P9310698-2\"><\/a><\/div><div class=\"w-gallery-item\"><div class=\"w-gallery-item-img\"><img loading=\"lazy\" decoding=\"async\" width=\"300\" height=\"300\" src=\"https:\/\/fundaciosetba.org\/wp-content\/uploads\/2026\/03\/P9310780-300x300.jpg\" class=\"attachment-woocommerce_thumbnail size-woocommerce_thumbnail\" alt=\"\" srcset=\"https:\/\/fundaciosetba.org\/wp-content\/uploads\/2026\/03\/P9310780-300x300.jpg 300w, https:\/\/fundaciosetba.org\/wp-content\/uploads\/2026\/03\/P9310780-150x150.jpg 150w\" sizes=\"auto, (max-width: 300px) 100vw, 300px\" \/><\/div><a class=\"w-gallery-item-link\" aria-label=\"P9310780\" href=\"https:\/\/fundaciosetba.org\/wp-content\/uploads\/2026\/03\/P9310780-scaled.jpg\" title=\"P9310780\"><\/a><\/div><\/div><\/div>\n<p>El taller tambi\u00e9n transforma las relaciones en el grupo. <strong>M\u00e1s de la mitad de las participantes aseguran que han mejorado los v\u00ednculos con sus compa\u00f1eras<\/strong> , y muchas destacan haber conocido a otras mujeres con las que antes apenas interactuaban. Durante las sesiones, se genera un espacio de confianza y soporte mutuo que a menudo no existe en otros \u00e1mbitos del centro. <\/p>\n<p>Este clima se refleja en sus propias palabras: <strong>sentirse m\u00e1s libres, m\u00e1s seguras y conectadas con las dem\u00e1s<\/strong> es una idea que se repite. Para muchas, el taller no s\u00f3lo es un espacio de aprendizaje, sino tambi\u00e9n un espacio de bienestar y reconocimiento. <\/p>\n<p>El inter\u00e9s por la fotograf\u00eda tambi\u00e9n se consolida: <strong>todas las participantes quieren seguir aprendiendo<\/strong> , y algunas ya han iniciado nuevos itinerarios vinculados al proyecto, como procesos de mentor\u00eda o la participaci\u00f3n en el making-of.<\/p>\n<p>Con una valoraci\u00f3n global de 9,4 sobre 10, el proyecto confirma una vez m\u00e1s su capacidad de generar transformaciones reales. No s\u00f3lo en los conocimientos, sino en la forma en que las participantes se miran a s\u00ed mismas ya las dem\u00e1s. Porque, a veces, cambiar la mirada es el primer paso para empezar a cambiarlo todo.  <\/p>\n<p>&nbsp;<\/p>\n","protected":false},"excerpt":{"rendered":"<p>La artista Marta F\u00e0bregas ha vuelto para compartir conocimientos, pero tambi\u00e9n para transformar \u2014aunque sea por unas horas\u2014 el espacio y las participantes. Porque la vida en prisi\u00f3n no es f\u00e1cil, y Traspasando el objetivo se convierte, para muchas, en una peque\u00f1a odisea ya la vez un refugio. <\/p>\n","protected":false},"author":1,"featured_media":41798,"comment_status":"closed","ping_status":"closed","sticky":false,"template":"","format":"standard","meta":{"footnotes":""},"categories":[1350],"tags":[],"class_list":["post-41812","post","type-post","status-publish","format-standard","has-post-thumbnail","hentry","category-traspasando-el-objetivo-es"],"_links":{"self":[{"href":"https:\/\/fundaciosetba.org\/es\/wp-json\/wp\/v2\/posts\/41812","targetHints":{"allow":["GET"]}}],"collection":[{"href":"https:\/\/fundaciosetba.org\/es\/wp-json\/wp\/v2\/posts"}],"about":[{"href":"https:\/\/fundaciosetba.org\/es\/wp-json\/wp\/v2\/types\/post"}],"author":[{"embeddable":true,"href":"https:\/\/fundaciosetba.org\/es\/wp-json\/wp\/v2\/users\/1"}],"replies":[{"embeddable":true,"href":"https:\/\/fundaciosetba.org\/es\/wp-json\/wp\/v2\/comments?post=41812"}],"version-history":[{"count":0,"href":"https:\/\/fundaciosetba.org\/es\/wp-json\/wp\/v2\/posts\/41812\/revisions"}],"wp:featuredmedia":[{"embeddable":true,"href":"https:\/\/fundaciosetba.org\/es\/wp-json\/wp\/v2\/media\/41798"}],"wp:attachment":[{"href":"https:\/\/fundaciosetba.org\/es\/wp-json\/wp\/v2\/media?parent=41812"}],"wp:term":[{"taxonomy":"category","embeddable":true,"href":"https:\/\/fundaciosetba.org\/es\/wp-json\/wp\/v2\/categories?post=41812"},{"taxonomy":"post_tag","embeddable":true,"href":"https:\/\/fundaciosetba.org\/es\/wp-json\/wp\/v2\/tags?post=41812"}],"curies":[{"name":"wp","href":"https:\/\/api.w.org\/{rel}","templated":true}]}}