{"id":41889,"date":"2026-04-27T11:13:06","date_gmt":"2026-04-27T10:13:06","guid":{"rendered":"https:\/\/fundaciosetba.org\/iolanda-sebe-vuelve-a-llevar-la-fotografia-a-las-mujeres-de-la-carcel-de-ponent\/"},"modified":"2026-04-27T11:13:06","modified_gmt":"2026-04-27T10:13:06","slug":"iolanda-sebe-vuelve-a-llevar-la-fotografia-a-las-mujeres-de-la-carcel-de-ponent","status":"publish","type":"post","link":"https:\/\/fundaciosetba.org\/es\/iolanda-sebe-vuelve-a-llevar-la-fotografia-a-las-mujeres-de-la-carcel-de-ponent\/","title":{"rendered":"Iolanda Seb\u00e9 vuelve a llevar la fotograf\u00eda a las mujeres de la c\u00e1rcel de Ponent"},"content":{"rendered":"<p data-start=\"80\" data-end=\"538\">La Fundaci\u00f3n Setba ha cerrado la <strong data-start=\"111\" data-end=\"149\">7a edici\u00f3n de <em>Traspasando el Objetivo<\/em><\/strong> , el proyecto de fotograf\u00eda dirigido a mujeres internas en centros penitenciarios de Catalu\u00f1a. Esta nueva edici\u00f3n se ha desarrollado en el <strong data-start=\"282\" data-end=\"312\">Centro Penitenciario Ponent<\/strong> , en Lleida, entre los meses de <strong data-start=\"343\" data-end=\"367\">enero y marzo de 2026<\/strong> , con el objetivo de contribuir a la mejora de la calidad de vida de las participantes a trav\u00e9s de la pr\u00e1ctica art\u00edstica, el aprendizaje fotogr\u00e1fico y la expresi\u00f3n personal. <\/p>\n<p data-start=\"540\" data-end=\"1136\">En esta edici\u00f3n, la formaci\u00f3n ha corrido a cargo de la fot\u00f3grafa leridana <strong data-start=\"804\" data-end=\"820\">Iolanda Seb\u00e9<\/strong> ya tenido la visita de la fot\u00f3grafa <strong data-start=\"868\" data-end=\"894\">Adriana Lopez Sanfeliu<\/strong> , que ha impartido una <em>masterclass<\/em> y ha explicado su trayectoria.<\/p>\n<h4 data-section-id=\"1d5b46u\" data-start=\"1138\" data-end=\"1191\">Fotograf\u00eda para empoderar, aprender y visibilizar<\/h4>\n<p data-start=\"4713\" data-end=\"4872\">La evaluaci\u00f3n de esta 7\u00aa edici\u00f3n muestra el impacto positivo de <em>Traspasando el Objetivo<\/em> en las participantes, tanto en el \u00e1mbito formativo como personal y emocional.<\/p>\n<p data-start=\"4874\" data-end=\"5193\">Las participantes han <strong>asistido una media del 78% de las sesiones<\/strong> . En cuanto al aprendizaje, el <strong data-start=\"5009\" data-end=\"5081\">80% de las participantes aprueba el examen final de teor\u00eda fotogr\u00e1fica<\/strong> , con una nota media de <strong data-start=\"5107\" data-end=\"5114\">6,8<\/strong> . En la prueba inicial, la aprobaba el <strong data-start=\"5151\" data-end=\"5159\">40%<\/strong> , con una nota media de <strong data-start=\"5185\" data-end=\"5192\">4,4<\/strong> .  <\/p>\n<p data-start=\"5195\" data-end=\"5473\">Tambi\u00e9n se observa una mejora en indicadores vinculados al bienestar emocional ya la autoestima. El nivel de autoestima aumenta <strong data-start=\"5319\" data-end=\"5333\">0,11 puntos<\/strong> , pasando de <strong data-start=\"5346\" data-end=\"5368\">3,6 a 3,71 sobre 5<\/strong> , y destaca especialmente el incremento de la confianza en s\u00ed mismas, con una subida de <strong data-start=\"5458\" data-end=\"5472\">1,25 puntos<\/strong> . <\/p>\n<p data-start=\"5475\" data-end=\"5828\">Adem\u00e1s, el <strong data-start=\"5485\" data-end=\"5557\">80% de las participantes reduce su nivel de malestar emocional<\/strong> , mientras que el resto se mantiene estable. Esta disminuci\u00f3n representa una reducci\u00f3n del <strong data-start=\"5639\" data-end=\"5649\">66,7%<\/strong> , pasando de <strong data-start=\"5662\" data-end=\"5680\">3 a 1 sobre 10<\/strong> en la escala de malestar. En cuanto a las relaciones de grupo, el <strong data-start=\"5745\" data-end=\"5781\">25% de las participantes mejora<\/strong> , mientras que el resto mantiene relaciones estables.  <\/p>\n<p data-start=\"5830\" data-end=\"6126\">En relaci\u00f3n con el inter\u00e9s cultural, el <strong data-start=\"5868\" data-end=\"5947\">100% de las participantes manifiesta inter\u00e9s en seguir aprendiendo fotograf\u00eda<\/strong> . Adem\u00e1s, dos mujeres pidieron participar en el proceso de mentor\u00eda, lo que evidencia la voluntad de dar continuidad a la experiencia y profundizar en los conocimientos adquiridos. <\/p>\n<h6 data-start=\"6386\" data-end=\"6468\">\u201cMe la pas\u00e9 estupendamente y estoy feliz, m\u00e1s feliz que el otro d\u00eda.\u201d  <strong data-start=\"6460\" data-end=\"6468\">Olga<\/strong><\/h6>\n<div class=\"w-gallery fit_cover wp_gallery type_masonry action_popup_image with_isotope ratio_auto count_8\" style=\"--columns:4;--items-gap:8px;\"><div class=\"w-gallery-list\"><div class=\"w-gallery-item\"><div class=\"w-gallery-item-img\"><img loading=\"lazy\" decoding=\"async\" width=\"150\" height=\"150\" src=\"https:\/\/fundaciosetba.org\/wp-content\/uploads\/2026\/04\/P1010539-2-150x150.jpg\" class=\"attachment-thumbnail size-thumbnail\" alt=\"\" srcset=\"https:\/\/fundaciosetba.org\/wp-content\/uploads\/2026\/04\/P1010539-2-150x150.jpg 150w, https:\/\/fundaciosetba.org\/wp-content\/uploads\/2026\/04\/P1010539-2-300x300.jpg 300w\" sizes=\"auto, (max-width: 150px) 100vw, 150px\" \/><\/div><div class=\"w-gallery-item-meta\"><div class=\"w-gallery-item-title\">\u00a9 N\u00faria Mu\u00f1oz<\/div><\/div><a class=\"w-gallery-item-link\" aria-label=\"\u00a9 N\u00faria Mu\u00f1oz\" href=\"https:\/\/fundaciosetba.org\/wp-content\/uploads\/2026\/04\/P1010539-2-scaled.jpg\" title=\"\u00a9 N\u00faria Mu\u00f1oz\"><\/a><\/div><div class=\"w-gallery-item\"><div class=\"w-gallery-item-img\"><img loading=\"lazy\" decoding=\"async\" width=\"150\" height=\"150\" src=\"https:\/\/fundaciosetba.org\/wp-content\/uploads\/2026\/04\/P1010634-2-150x150.jpg\" class=\"attachment-thumbnail size-thumbnail\" alt=\"\" srcset=\"https:\/\/fundaciosetba.org\/wp-content\/uploads\/2026\/04\/P1010634-2-150x150.jpg 150w, https:\/\/fundaciosetba.org\/wp-content\/uploads\/2026\/04\/P1010634-2-300x300.jpg 300w\" sizes=\"auto, (max-width: 150px) 100vw, 150px\" \/><\/div><div class=\"w-gallery-item-meta\"><div class=\"w-gallery-item-title\">\u00a9 N\u00faria Mu\u00f1oz<\/div><\/div><a class=\"w-gallery-item-link\" aria-label=\"\u00a9 N\u00faria Mu\u00f1oz\" href=\"https:\/\/fundaciosetba.org\/wp-content\/uploads\/2026\/04\/P1010634-2-scaled.jpg\" title=\"\u00a9 N\u00faria Mu\u00f1oz\"><\/a><\/div><div class=\"w-gallery-item\"><div class=\"w-gallery-item-img\"><img loading=\"lazy\" decoding=\"async\" width=\"150\" height=\"150\" src=\"https:\/\/fundaciosetba.org\/wp-content\/uploads\/2026\/04\/P1010687-2-150x150.jpg\" class=\"attachment-thumbnail size-thumbnail\" alt=\"\" srcset=\"https:\/\/fundaciosetba.org\/wp-content\/uploads\/2026\/04\/P1010687-2-150x150.jpg 150w, https:\/\/fundaciosetba.org\/wp-content\/uploads\/2026\/04\/P1010687-2-300x300.jpg 300w\" sizes=\"auto, (max-width: 150px) 100vw, 150px\" \/><\/div><div class=\"w-gallery-item-meta\"><div class=\"w-gallery-item-title\">\u00a9 N\u00faria Mu\u00f1oz<\/div><\/div><a class=\"w-gallery-item-link\" aria-label=\"\u00a9 N\u00faria Mu\u00f1oz\" href=\"https:\/\/fundaciosetba.org\/wp-content\/uploads\/2026\/04\/P1010687-2-scaled.jpg\" title=\"\u00a9 N\u00faria Mu\u00f1oz\"><\/a><\/div><div class=\"w-gallery-item\"><div class=\"w-gallery-item-img\"><img loading=\"lazy\" decoding=\"async\" width=\"150\" height=\"150\" src=\"https:\/\/fundaciosetba.org\/wp-content\/uploads\/2026\/04\/P1010729-150x150.jpg\" class=\"attachment-thumbnail size-thumbnail\" alt=\"\" srcset=\"https:\/\/fundaciosetba.org\/wp-content\/uploads\/2026\/04\/P1010729-150x150.jpg 150w, https:\/\/fundaciosetba.org\/wp-content\/uploads\/2026\/04\/P1010729-300x300.jpg 300w\" sizes=\"auto, (max-width: 150px) 100vw, 150px\" \/><\/div><div class=\"w-gallery-item-meta\"><div class=\"w-gallery-item-title\">\u00a9 N\u00faria Mu\u00f1oz<\/div><\/div><a class=\"w-gallery-item-link\" aria-label=\"\u00a9 N\u00faria Mu\u00f1oz\" href=\"https:\/\/fundaciosetba.org\/wp-content\/uploads\/2026\/04\/P1010729-scaled.jpg\" title=\"\u00a9 N\u00faria Mu\u00f1oz\"><\/a><\/div><div class=\"w-gallery-item\"><div class=\"w-gallery-item-img\"><img loading=\"lazy\" decoding=\"async\" width=\"150\" height=\"150\" src=\"https:\/\/fundaciosetba.org\/wp-content\/uploads\/2026\/04\/P1020373-150x150.jpg\" class=\"attachment-thumbnail size-thumbnail\" alt=\"\" srcset=\"https:\/\/fundaciosetba.org\/wp-content\/uploads\/2026\/04\/P1020373-150x150.jpg 150w, https:\/\/fundaciosetba.org\/wp-content\/uploads\/2026\/04\/P1020373-300x300.jpg 300w\" sizes=\"auto, (max-width: 150px) 100vw, 150px\" \/><\/div><div class=\"w-gallery-item-meta\"><div class=\"w-gallery-item-title\">\u00a9 N\u00faria Mu\u00f1oz<\/div><\/div><a class=\"w-gallery-item-link\" aria-label=\"\u00a9 N\u00faria Mu\u00f1oz\" href=\"https:\/\/fundaciosetba.org\/wp-content\/uploads\/2026\/04\/P1020373-scaled.jpg\" title=\"\u00a9 N\u00faria Mu\u00f1oz\"><\/a><\/div><div class=\"w-gallery-item\"><div class=\"w-gallery-item-img\"><img loading=\"lazy\" decoding=\"async\" width=\"150\" height=\"150\" src=\"https:\/\/fundaciosetba.org\/wp-content\/uploads\/2026\/04\/P1010367-150x150.jpg\" class=\"attachment-thumbnail size-thumbnail\" alt=\"\" srcset=\"https:\/\/fundaciosetba.org\/wp-content\/uploads\/2026\/04\/P1010367-150x150.jpg 150w, https:\/\/fundaciosetba.org\/wp-content\/uploads\/2026\/04\/P1010367-300x300.jpg 300w\" sizes=\"auto, (max-width: 150px) 100vw, 150px\" \/><\/div><div class=\"w-gallery-item-meta\"><div class=\"w-gallery-item-title\">\u00a9 Marta F\u00e0bregas<\/div><\/div><a class=\"w-gallery-item-link\" aria-label=\"\u00a9 Marta F\u00e0bregas\" href=\"https:\/\/fundaciosetba.org\/wp-content\/uploads\/2026\/04\/P1010367-scaled.jpg\" title=\"\u00a9 Marta F\u00e0bregas\"><\/a><\/div><div class=\"w-gallery-item\"><div class=\"w-gallery-item-img\"><img loading=\"lazy\" decoding=\"async\" width=\"150\" height=\"150\" src=\"https:\/\/fundaciosetba.org\/wp-content\/uploads\/2026\/04\/P1010498-150x150.jpg\" class=\"attachment-thumbnail size-thumbnail\" alt=\"\" srcset=\"https:\/\/fundaciosetba.org\/wp-content\/uploads\/2026\/04\/P1010498-150x150.jpg 150w, https:\/\/fundaciosetba.org\/wp-content\/uploads\/2026\/04\/P1010498-300x300.jpg 300w\" sizes=\"auto, (max-width: 150px) 100vw, 150px\" \/><\/div><div class=\"w-gallery-item-meta\"><div class=\"w-gallery-item-title\">\u00a9 Marta F\u00e0bregas<\/div><\/div><a class=\"w-gallery-item-link\" aria-label=\"\u00a9 Marta F\u00e0bregas\" href=\"https:\/\/fundaciosetba.org\/wp-content\/uploads\/2026\/04\/P1010498-scaled.jpg\" title=\"\u00a9 Marta F\u00e0bregas\"><\/a><\/div><div class=\"w-gallery-item\"><div class=\"w-gallery-item-img\"><img loading=\"lazy\" decoding=\"async\" width=\"150\" height=\"150\" src=\"https:\/\/fundaciosetba.org\/wp-content\/uploads\/2026\/04\/P1010501-150x150.jpg\" class=\"attachment-thumbnail size-thumbnail\" alt=\"\" srcset=\"https:\/\/fundaciosetba.org\/wp-content\/uploads\/2026\/04\/P1010501-150x150.jpg 150w, https:\/\/fundaciosetba.org\/wp-content\/uploads\/2026\/04\/P1010501-300x300.jpg 300w\" sizes=\"auto, (max-width: 150px) 100vw, 150px\" \/><\/div><div class=\"w-gallery-item-meta\"><div class=\"w-gallery-item-title\">\u00a9 Marta F\u00e0bregas<\/div><\/div><a class=\"w-gallery-item-link\" aria-label=\"\u00a9 Marta F\u00e0bregas\" href=\"https:\/\/fundaciosetba.org\/wp-content\/uploads\/2026\/04\/P1010501-scaled.jpg\" title=\"\u00a9 Marta F\u00e0bregas\"><\/a><\/div><\/div><\/div>\n<h4 data-section-id=\"1ofx2zz\" data-start=\"2081\" data-end=\"2127\">Una masterclass con Adriana L\u00f3pez Sanfeliu<\/h4>\n<p data-start=\"2129\" data-end=\"2421\">Una de las actividades transversales del proyecto fue la <strong data-start=\"2187\" data-end=\"2219\"><em>masterclass<\/em> del 24 de febrero<\/strong> , a cargo de la fot\u00f3grafa catalana <strong data-start=\"2255\" data-end=\"2281\">Adriana L\u00f3pez Sanfeliu<\/strong> . Durante la sesi\u00f3n, la fot\u00f3grafa present\u00f3 su trabajo sobre la poblaci\u00f3n puertorrique\u00f1a del <strong data-start=\"2378\" data-end=\"2396\">Spanish Harlem<\/strong> , en Manhattan, Nueva York. <\/p>\n<p data-start=\"2423\" data-end=\"2743\">El encuentro permiti\u00f3 a las participantes acercarse a una trayectoria profesional vinculada al retrato, memoria, identidad y mirada documental. Esta actividad reforz\u00f3 uno de los objetivos centrales del proyecto: despertar el inter\u00e9s por la cultura y ampliar referentes art\u00edsticos en el contexto penitenciario. <\/p>\n<h6 data-start=\"2423\" data-end=\"2743\">&#8220;Yo tengo que decir que la verdad es que ha sido un curso muy agradable, muy diverso. La visita de Adriana me gust\u00f3 mucho. Yo estoy muy contenta y tengo tambi\u00e9n una c\u00e1mara y aprovechar\u00e9. He aprendido muchas cosas.&#8221;  <strong data-start=\"6691\" data-end=\"6701\">Esther<\/strong><\/h6>\n<div class=\"w-gallery fit_cover wp_gallery type_masonry action_popup_image with_isotope ratio_auto count_4\" style=\"--columns:4;--items-gap:8px;\"><div class=\"w-gallery-list\"><div class=\"w-gallery-item\"><div class=\"w-gallery-item-img\"><img loading=\"lazy\" decoding=\"async\" width=\"150\" height=\"150\" src=\"https:\/\/fundaciosetba.org\/wp-content\/uploads\/2026\/04\/Adriana_masterclass_Ponent26_012-150x150.jpg\" class=\"attachment-thumbnail size-thumbnail\" alt=\"\" srcset=\"https:\/\/fundaciosetba.org\/wp-content\/uploads\/2026\/04\/Adriana_masterclass_Ponent26_012-150x150.jpg 150w, https:\/\/fundaciosetba.org\/wp-content\/uploads\/2026\/04\/Adriana_masterclass_Ponent26_012-300x300.jpg 300w\" sizes=\"auto, (max-width: 150px) 100vw, 150px\" \/><\/div><div class=\"w-gallery-item-meta\"><div class=\"w-gallery-item-title\">\u00a9 N\u00faria Mu\u00f1oz<\/div><\/div><a class=\"w-gallery-item-link\" aria-label=\"\u00a9 N\u00faria Mu\u00f1oz\" href=\"https:\/\/fundaciosetba.org\/wp-content\/uploads\/2026\/04\/Adriana_masterclass_Ponent26_012-scaled.jpg\" title=\"\u00a9 N\u00faria Mu\u00f1oz\"><\/a><\/div><div class=\"w-gallery-item\"><div class=\"w-gallery-item-img\"><img loading=\"lazy\" decoding=\"async\" width=\"150\" height=\"150\" src=\"https:\/\/fundaciosetba.org\/wp-content\/uploads\/2026\/04\/Adriana_masterclass_Ponent26_009-150x150.jpg\" class=\"attachment-thumbnail size-thumbnail\" alt=\"\" srcset=\"https:\/\/fundaciosetba.org\/wp-content\/uploads\/2026\/04\/Adriana_masterclass_Ponent26_009-150x150.jpg 150w, https:\/\/fundaciosetba.org\/wp-content\/uploads\/2026\/04\/Adriana_masterclass_Ponent26_009-300x300.jpg 300w\" sizes=\"auto, (max-width: 150px) 100vw, 150px\" \/><\/div><div class=\"w-gallery-item-meta\"><div class=\"w-gallery-item-title\">\u00a9 N\u00faria Mu\u00f1oz<\/div><\/div><a class=\"w-gallery-item-link\" aria-label=\"\u00a9 N\u00faria Mu\u00f1oz\" href=\"https:\/\/fundaciosetba.org\/wp-content\/uploads\/2026\/04\/Adriana_masterclass_Ponent26_009-scaled.jpg\" title=\"\u00a9 N\u00faria Mu\u00f1oz\"><\/a><\/div><div class=\"w-gallery-item\"><div class=\"w-gallery-item-img\"><img loading=\"lazy\" decoding=\"async\" width=\"150\" height=\"150\" src=\"https:\/\/fundaciosetba.org\/wp-content\/uploads\/2026\/04\/Adriana_masterclass_Ponent26_017-150x150.jpg\" class=\"attachment-thumbnail size-thumbnail\" alt=\"\" srcset=\"https:\/\/fundaciosetba.org\/wp-content\/uploads\/2026\/04\/Adriana_masterclass_Ponent26_017-150x150.jpg 150w, https:\/\/fundaciosetba.org\/wp-content\/uploads\/2026\/04\/Adriana_masterclass_Ponent26_017-300x300.jpg 300w\" sizes=\"auto, (max-width: 150px) 100vw, 150px\" \/><\/div><div class=\"w-gallery-item-meta\"><div class=\"w-gallery-item-title\">\u00a9 N\u00faria Mu\u00f1oz<\/div><\/div><a class=\"w-gallery-item-link\" aria-label=\"\u00a9 N\u00faria Mu\u00f1oz\" href=\"https:\/\/fundaciosetba.org\/wp-content\/uploads\/2026\/04\/Adriana_masterclass_Ponent26_017-scaled.jpg\" title=\"\u00a9 N\u00faria Mu\u00f1oz\"><\/a><\/div><div class=\"w-gallery-item\"><div class=\"w-gallery-item-img\"><img loading=\"lazy\" decoding=\"async\" width=\"150\" height=\"150\" src=\"https:\/\/fundaciosetba.org\/wp-content\/uploads\/2026\/04\/Adriana_masterclass_Ponent26_019-150x150.jpg\" class=\"attachment-thumbnail size-thumbnail\" alt=\"\" srcset=\"https:\/\/fundaciosetba.org\/wp-content\/uploads\/2026\/04\/Adriana_masterclass_Ponent26_019-150x150.jpg 150w, https:\/\/fundaciosetba.org\/wp-content\/uploads\/2026\/04\/Adriana_masterclass_Ponent26_019-300x300.jpg 300w\" sizes=\"auto, (max-width: 150px) 100vw, 150px\" \/><\/div><div class=\"w-gallery-item-meta\"><div class=\"w-gallery-item-title\">\u00a9 N\u00faria Mu\u00f1oz<\/div><\/div><a class=\"w-gallery-item-link\" aria-label=\"\u00a9 N\u00faria Mu\u00f1oz\" href=\"https:\/\/fundaciosetba.org\/wp-content\/uploads\/2026\/04\/Adriana_masterclass_Ponent26_019-scaled.jpg\" title=\"\u00a9 N\u00faria Mu\u00f1oz\"><\/a><\/div><\/div><\/div>\n<p>&nbsp;<\/p>\n<h4 data-section-id=\"qrjtsk\" data-start=\"3973\" data-end=\"4018\">Mentor\u00edas para dar continuidad al proceso<\/h4>\n<p data-start=\"4020\" data-end=\"4226\">Entre el <strong data-start=\"4029\" data-end=\"4059\">17 y el 26 de marzo de 2026<\/strong> , el proyecto ofreci\u00f3 tambi\u00e9n una oportunidad de continuidad a trav\u00e9s de las <strong data-start=\"4136\" data-end=\"4149\">mentor\u00edas<\/strong> , cuatro sesiones individualizadas de 90 minutos a cargo de <strong data-start=\"4209\" data-end=\"4225\">Iolanda Seb\u00e9<\/strong> .<\/p>\n<p data-start=\"4228\" data-end=\"4559\">Dos participantes pidieron formar parte de ese proceso. Por \u00faltimo, <strong data-start=\"4298\" data-end=\"4313\">Esther R.<\/strong> fue seleccionada por un jurado formado por <strong data-start=\"4358\" data-end=\"4409\">Marta F\u00e0bregas, Iolanda Seb\u00e9 y Cristina Sampere<\/strong> . La otra participante form\u00f3 parte del proceso como modelo y en el making of. El making of de las sesiones corri\u00f3 a cargo de <strong data-start=\"4537\" data-end=\"4558\">Stephania V.<\/strong>   <\/p>\n<p data-start=\"4561\" data-end=\"4673\">A finales de 2026, la Fundaci\u00f3n Setba publicar\u00e1 el reportaje en papel como resultado de este proceso de mentor\u00eda.<\/p>\n","protected":false},"excerpt":{"rendered":"<p>Esta nueva edici\u00f3n se ha desarrollado en el Centro Penitenciario Ponent, en Lleida, entre los meses de enero y marzo de 2026.<\/p>\n","protected":false},"author":1,"featured_media":41876,"comment_status":"closed","ping_status":"closed","sticky":false,"template":"","format":"standard","meta":{"footnotes":""},"categories":[1350],"tags":[],"class_list":["post-41889","post","type-post","status-publish","format-standard","has-post-thumbnail","hentry","category-traspasando-el-objetivo-es"],"_links":{"self":[{"href":"https:\/\/fundaciosetba.org\/es\/wp-json\/wp\/v2\/posts\/41889","targetHints":{"allow":["GET"]}}],"collection":[{"href":"https:\/\/fundaciosetba.org\/es\/wp-json\/wp\/v2\/posts"}],"about":[{"href":"https:\/\/fundaciosetba.org\/es\/wp-json\/wp\/v2\/types\/post"}],"author":[{"embeddable":true,"href":"https:\/\/fundaciosetba.org\/es\/wp-json\/wp\/v2\/users\/1"}],"replies":[{"embeddable":true,"href":"https:\/\/fundaciosetba.org\/es\/wp-json\/wp\/v2\/comments?post=41889"}],"version-history":[{"count":0,"href":"https:\/\/fundaciosetba.org\/es\/wp-json\/wp\/v2\/posts\/41889\/revisions"}],"wp:featuredmedia":[{"embeddable":true,"href":"https:\/\/fundaciosetba.org\/es\/wp-json\/wp\/v2\/media\/41876"}],"wp:attachment":[{"href":"https:\/\/fundaciosetba.org\/es\/wp-json\/wp\/v2\/media?parent=41889"}],"wp:term":[{"taxonomy":"category","embeddable":true,"href":"https:\/\/fundaciosetba.org\/es\/wp-json\/wp\/v2\/categories?post=41889"},{"taxonomy":"post_tag","embeddable":true,"href":"https:\/\/fundaciosetba.org\/es\/wp-json\/wp\/v2\/tags?post=41889"}],"curies":[{"name":"wp","href":"https:\/\/api.w.org\/{rel}","templated":true}]}}