{"id":41901,"date":"2026-04-29T09:54:09","date_gmt":"2026-04-29T08:54:09","guid":{"rendered":"https:\/\/fundaciosetba.org\/traspasando-murs-llega-por-primera-vez-al-cp-ponent-con-el-artista-tope\/"},"modified":"2026-04-29T09:54:09","modified_gmt":"2026-04-29T08:54:09","slug":"traspasando-murs-llega-por-primera-vez-al-cp-ponent-con-el-artista-tope","status":"publish","type":"post","link":"https:\/\/fundaciosetba.org\/es\/traspasando-murs-llega-por-primera-vez-al-cp-ponent-con-el-artista-tope\/","title":{"rendered":"Traspasando Murs llega por primera vez al CP Ponent con el artista Tope"},"content":{"rendered":"<p data-start=\"317\" data-end=\"678\">El artista targar\u00ed Tope, que ya hab\u00eda dirigido el proyecto de arte mural <em data-start=\"396\" data-end=\"414\">Traspassant Murs<\/em> en el CEJJ Ponent en el a\u00f1o 2023 y en el CP de J\u00f3venes en 2024 y 2025. Ahora, da un paso m\u00e1s en su trayectoria dentro del \u00e1mbito penitenciario y <strong>entra en el m\u00f3dulo de j\u00f3venes del CP Ponent con una m\u00f3dulo de j\u00f3venes del CP Ponent.<\/strong> <\/p>\n<p data-start=\"680\" data-end=\"886\"><strong>El objetivo del proyecto es contribuir a la mejora del bienestar emocional<\/strong> de las personas participantes <strong>y despertar su inter\u00e9s por el arte<\/strong> , entendido como una herramienta de expresi\u00f3n, escucha, transformaci\u00f3n y cohesi\u00f3n.<\/p>\n<h3 data-section-id=\"10tb12a\" data-start=\"888\" data-end=\"925\">El arte como herramienta de transformaci\u00f3n<\/h3>\n<p data-start=\"927\" data-end=\"1277\"><img loading=\"lazy\" decoding=\"async\" class=\"alignleft wp-image-41893\" src=\"https:\/\/fundaciosetba.org\/wp-content\/uploads\/2026\/04\/2025-05-21_Traspassant-murs_SETBA_040-scaled-e1777451484448.jpg\" alt=\"\" width=\"291\" height=\"436\">Tope Rodr\u00edguez es artista especializado en artes pl\u00e1sticas. Con m\u00e1s de quince a\u00f1os de trayectoria vinculada al arte urbano y al grafito, ha desarrollado un lenguaje visual propio que conecta el espacio p\u00fablico con la identidad del territorio y de las personas que lo habitan. <\/p>\n<p data-start=\"1279\" data-end=\"1658\">Desde hace m\u00e1s de una d\u00e9cada, se dedica profesionalmente al tatuaje y, paralelamente, ha consolidado su pr\u00e1ctica en el muralismo y el textil personalizado, con proyectos de gran formato tanto a nivel p\u00fablico como privado. A lo largo de su trayectoria ha impulsado iniciativas de impacto social que ponen en valor el arte como herramienta de cohesi\u00f3n comunitaria y transformaci\u00f3n social. <\/p>\n<p data-start=\"1660\" data-end=\"1890\">Actualmente, colabora con la Escuela de Arte Ondara de T\u00e0rrega, donde participa en la formaci\u00f3n del alumnado de primer curso de Muralismo y comparte experiencia profesional y procesos creativos con las nuevas generaciones de artistas.<\/p>\n<h3 data-section-id=\"1wqr7qt\" data-start=\"2826\" data-end=\"2873\">Mirar m\u00e1s all\u00e1: bienestar emocional y futuro<\/h3>\n<p data-start=\"125\" data-end=\"379\">El mural participativo del <strong data-start=\"151\" data-end=\"164\">CP Ponent<\/strong> nace de las sesiones de mediaci\u00f3n art\u00edstica realizadas con los j\u00f3venes, acompa\u00f1ados por <strong data-start=\"251\" data-end=\"269\">Tope Rodr\u00edguez<\/strong> y por <strong data-start=\"276\" data-end=\"295\">Mariona Moncas\u00ed<\/strong> , alumna de Ilustraci\u00f3n de la <strong data-start=\"324\" data-end=\"378\">Escuela de Arte Municipal Leandre Crist\u00f2fol de Lleida<\/strong> .<\/p>\n<p data-start=\"381\" data-end=\"601\">A lo largo de este proceso, los participantes han compartido ideas, emociones y reflexiones en torno al bienestar emocional. Este trabajo colectivo se ha traducido en im\u00e1genes y s\u00edmbolos que forman parte de su composici\u00f3n mural. <\/p>\n<p data-start=\"603\" data-end=\"742\">El esbozo, dibujado por los propios j\u00f3venes, recoge las ideas trabajadas durante las sesiones previas y constituye el punto de partida del mural.<\/p>\n<p data-start=\"1927\" data-end=\"2122\"><img loading=\"lazy\" decoding=\"async\" class=\"aligncenter size-us_600_400 wp-image-41895\" src=\"https:\/\/fundaciosetba.org\/wp-content\/uploads\/2026\/04\/Esbos-fet-pels-joves-597x400.jpg\" alt=\"\" width=\"597\" height=\"400\" srcset=\"https:\/\/fundaciosetba.org\/wp-content\/uploads\/2026\/04\/Esbos-fet-pels-joves-597x400.jpg 597w, https:\/\/fundaciosetba.org\/wp-content\/uploads\/2026\/04\/Esbos-fet-pels-joves-300x201.jpg 300w, https:\/\/fundaciosetba.org\/wp-content\/uploads\/2026\/04\/Esbos-fet-pels-joves-1024x686.jpg 1024w, https:\/\/fundaciosetba.org\/wp-content\/uploads\/2026\/04\/Esbos-fet-pels-joves-150x100.jpg 150w, https:\/\/fundaciosetba.org\/wp-content\/uploads\/2026\/04\/Esbos-fet-pels-joves-600x402.jpg 600w, https:\/\/fundaciosetba.org\/wp-content\/uploads\/2026\/04\/Esbos-fet-pels-joves.jpg 1704w\" sizes=\"auto, (max-width: 597px) 100vw, 597px\" \/><\/p>\n<p data-start=\"2124\" data-end=\"2196\" data-is-last-node=\"\" data-is-only-node=\"\"><strong>Pr\u00f3ximamente se dar\u00e1 a conocer el mural finalizado y los resultados del proyecto.<\/strong><\/p>\n<p data-start=\"2124\" data-end=\"2196\" data-is-last-node=\"\" data-is-only-node=\"\"><em>Fotograf\u00edas: Laura G\u00e1lvez-Rhein<\/em><\/p>\n","protected":false},"excerpt":{"rendered":"<p>El artista targar\u00ed Tope, que ya hab\u00eda dirigido el proyecto de arte mural Traspassant Murs en el CEJJ Ponent en el a\u00f1o 2023 y en el CP de J\u00f3venes en 2024 y 2025. Ahora, da un paso m\u00e1s en su trayectoria dentro del \u00e1mbito penitenciario y entra en el m\u00f3dulo de j\u00f3venes del CP Ponent con una m\u00f3dulo de j\u00f3venes del CP Ponent. <\/p>\n","protected":false},"author":1,"featured_media":41900,"comment_status":"closed","ping_status":"closed","sticky":false,"template":"","format":"standard","meta":{"footnotes":""},"categories":[1349],"tags":[],"class_list":["post-41901","post","type-post","status-publish","format-standard","has-post-thumbnail","hentry","category-traspasando-muros-es"],"_links":{"self":[{"href":"https:\/\/fundaciosetba.org\/es\/wp-json\/wp\/v2\/posts\/41901","targetHints":{"allow":["GET"]}}],"collection":[{"href":"https:\/\/fundaciosetba.org\/es\/wp-json\/wp\/v2\/posts"}],"about":[{"href":"https:\/\/fundaciosetba.org\/es\/wp-json\/wp\/v2\/types\/post"}],"author":[{"embeddable":true,"href":"https:\/\/fundaciosetba.org\/es\/wp-json\/wp\/v2\/users\/1"}],"replies":[{"embeddable":true,"href":"https:\/\/fundaciosetba.org\/es\/wp-json\/wp\/v2\/comments?post=41901"}],"version-history":[{"count":0,"href":"https:\/\/fundaciosetba.org\/es\/wp-json\/wp\/v2\/posts\/41901\/revisions"}],"wp:featuredmedia":[{"embeddable":true,"href":"https:\/\/fundaciosetba.org\/es\/wp-json\/wp\/v2\/media\/41900"}],"wp:attachment":[{"href":"https:\/\/fundaciosetba.org\/es\/wp-json\/wp\/v2\/media?parent=41901"}],"wp:term":[{"taxonomy":"category","embeddable":true,"href":"https:\/\/fundaciosetba.org\/es\/wp-json\/wp\/v2\/categories?post=41901"},{"taxonomy":"post_tag","embeddable":true,"href":"https:\/\/fundaciosetba.org\/es\/wp-json\/wp\/v2\/tags?post=41901"}],"curies":[{"name":"wp","href":"https:\/\/api.w.org\/{rel}","templated":true}]}}